{"id":79658,"date":"2021-06-15T18:09:24","date_gmt":"2021-06-15T21:09:24","guid":{"rendered":"http:\/\/infoecos.com.ar\/?p=79658"},"modified":"2021-06-15T18:11:50","modified_gmt":"2021-06-15T21:11:50","slug":"subio-el-numero-de-casos-activos-y-se-reporto-otro-fallecimiento-en-trenque-lauquen","status":"publish","type":"post","link":"https:\/\/infoecos.com.ar\/index.php\/subio-el-numero-de-casos-activos-y-se-reporto-otro-fallecimiento-en-trenque-lauquen\/","title":{"rendered":"Subi\u00f3 el n\u00famero de casos activos y se report\u00f3 otro fallecimiento en Trenque Lauquen"},"content":{"rendered":"\n<p class=\"wp-block-paragraph\">La subsecretar\u00eda de Salud municipal de Trenque Lauquen report\u00f3 este martes 74 nuevos casos confirmados de Covid-19, un (1) deceso, 37 personas recuperadas m\u00e1s, 74 casos descartados, y la derivaci\u00f3n de una persona a la ciudad de Jun\u00edn, siendo a la fecha 442 los casos activos en el distrito. Adem\u00e1s quedan 93 casos sospechosos y 312 personas en aislamiento.<\/p>\n\n\n\n<p class=\"wp-block-paragraph\">De los 74 nuevos casos positivos, 37 fueron diagnosticados por testeo y 37 por criterio o nexo epidemiol\u00f3gico seg\u00fan protocolo vigente, y 57 pertenecen a Trenque Lauquen, 11 a Treinta de Agosto y seis (6) a Beruti.<\/p>\n\n\n\n<div class=\"wp-block-image\"><figure class=\"aligncenter size-medium\"><img loading=\"lazy\" decoding=\"async\" width=\"460\" height=\"423\" src=\"http:\/\/infoecos.com.ar\/wp-content\/uploads\/2021\/06\/REPORTEMARTES-1-460x423.jpg\" alt=\"\" class=\"wp-image-79659\" srcset=\"https:\/\/infoecos.com.ar\/wp-content\/uploads\/2021\/06\/REPORTEMARTES-1-460x423.jpg 460w, https:\/\/infoecos.com.ar\/wp-content\/uploads\/2021\/06\/REPORTEMARTES-1-768x706.jpg 768w, https:\/\/infoecos.com.ar\/wp-content\/uploads\/2021\/06\/REPORTEMARTES-1.jpg 800w\" sizes=\"auto, (max-width: 460px) 100vw, 460px\" \/><\/figure><\/div>\n\n\n\n<p class=\"wp-block-paragraph\">Entre los 442 casos activos, 353 corresponden a la ciudad cabecera, 66 a Treinta de Agosto, 20 a Beruti y tres (3) a Garr\u00e9: 48 se encuentran internados en el Hospital Municipal, cinco (5) est\u00e1n en el Centro Extrahospitalario que funciona en el ex Hotel Pailla Hu\u00e9 y 389 en sus domicilios particulares.<\/p>\n\n\n\n<p class=\"wp-block-paragraph\">La persona fallecida es un hombre de 87 a\u00f1os, de Trenque Lauquen, con comorbilidades y que permaneci\u00f3 12 d\u00edas internado en el Hospital Municipal Dr. Pedro T. Orellana. Desde el inicio de la pandemia, en marzo del a\u00f1o pasado, se registran 131 decesos.<\/p>\n\n\n\n<p class=\"wp-block-paragraph\">En las \u00faltimas 24 horas se recuperaron otras 37 personas, 25 de Trenque Lauquen, 11 de Treinta de Agosto y una (1) de Beruti, por lo que ahora suman 6.672 las que recibieron el alta entre marzo del a\u00f1o pasado, cuando comenz\u00f3 la pandemia, y la fecha. En ese mismo per\u00edodo 12.282 casos fueron descartados, incluidos los 74 de hoy: 57 de la ciudad cabecera, nueve (9) en Treinta de Agosto y ocho (8) en Beruti.<\/p>\n\n\n\n<p class=\"wp-block-paragraph\">Hasta esta ma\u00f1ana hay 93 casos sospechosos -85 en Trenque Lauquen, siete (7) en Treinta de Agosto y uno (1) en Beruti y 312 personas en aislamiento -240 en Trenque Lauquen, 54 en Treinta de Agosto, 17 en Beruti y una (1) en Garr\u00e9-.<\/p>\n","protected":false},"excerpt":{"rendered":"<p>La persona fallecida es un hombre de 87 a\u00f1os, de Trenque Lauquen, con comorbilidades y que permaneci\u00f3 12 d\u00edas internado en el Hospital Municipal<\/p>\n","protected":false},"author":2,"featured_media":59511,"comment_status":"closed","ping_status":"open","sticky":false,"template":"","format":"standard","meta":{"footnotes":""},"categories":[28],"tags":[1785],"class_list":["post-79658","post","type-post","status-publish","format-standard","has-post-thumbnail","hentry","category-c1nota1","tag-coronavirus"],"featured_image_urls":{"full":["https:\/\/infoecos.com.ar\/wp-content\/uploads\/Guardia13.jpg",912,608,false],"thumbnail":["https:\/\/infoecos.com.ar\/wp-content\/uploads\/Guardia13-150x150.jpg",150,150,true],"medium":["https:\/\/infoecos.com.ar\/wp-content\/uploads\/Guardia13-460x307.jpg",460,307,true],"medium_large":["https:\/\/infoecos.com.ar\/wp-content\/uploads\/Guardia13-768x512.jpg",640,427,true],"large":["https:\/\/infoecos.com.ar\/wp-content\/uploads\/Guardia13.jpg",640,427,false],"1536x1536":["https:\/\/infoecos.com.ar\/wp-content\/uploads\/Guardia13.jpg",912,608,false],"2048x2048":["https:\/\/infoecos.com.ar\/wp-content\/uploads\/Guardia13.jpg",912,608,false],"covernews-slider-full":["https:\/\/infoecos.com.ar\/wp-content\/uploads\/Guardia13.jpg",912,608,false],"covernews-slider-center":["https:\/\/infoecos.com.ar\/wp-content\/uploads\/Guardia13.jpg",750,500,false],"covernews-featured":["https:\/\/infoecos.com.ar\/wp-content\/uploads\/Guardia13.jpg",912,608,false],"covernews-medium":["https:\/\/infoecos.com.ar\/wp-content\/uploads\/Guardia13-720x380.jpg",540,285,true],"covernews-medium-square":["https:\/\/infoecos.com.ar\/wp-content\/uploads\/Guardia13-675x450.jpg",375,250,true]},"author_info":{"info":["Jorge Matheus"]},"category_info":"<a href=\"https:\/\/infoecos.com.ar\/index.php\/category\/c1nota1\/\" rel=\"category tag\">C1 N1<\/a>","tag_info":"C1 N1","comment_count":"0","_links":{"self":[{"href":"https:\/\/infoecos.com.ar\/index.php\/wp-json\/wp\/v2\/posts\/79658","targetHints":{"allow":["GET"]}}],"collection":[{"href":"https:\/\/infoecos.com.ar\/index.php\/wp-json\/wp\/v2\/posts"}],"about":[{"href":"https:\/\/infoecos.com.ar\/index.php\/wp-json\/wp\/v2\/types\/post"}],"author":[{"embeddable":true,"href":"https:\/\/infoecos.com.ar\/index.php\/wp-json\/wp\/v2\/users\/2"}],"replies":[{"embeddable":true,"href":"https:\/\/infoecos.com.ar\/index.php\/wp-json\/wp\/v2\/comments?post=79658"}],"version-history":[{"count":2,"href":"https:\/\/infoecos.com.ar\/index.php\/wp-json\/wp\/v2\/posts\/79658\/revisions"}],"predecessor-version":[{"id":79661,"href":"https:\/\/infoecos.com.ar\/index.php\/wp-json\/wp\/v2\/posts\/79658\/revisions\/79661"}],"wp:featuredmedia":[{"embeddable":true,"href":"https:\/\/infoecos.com.ar\/index.php\/wp-json\/wp\/v2\/media\/59511"}],"wp:attachment":[{"href":"https:\/\/infoecos.com.ar\/index.php\/wp-json\/wp\/v2\/media?parent=79658"}],"wp:term":[{"taxonomy":"category","embeddable":true,"href":"https:\/\/infoecos.com.ar\/index.php\/wp-json\/wp\/v2\/categories?post=79658"},{"taxonomy":"post_tag","embeddable":true,"href":"https:\/\/infoecos.com.ar\/index.php\/wp-json\/wp\/v2\/tags?post=79658"}],"curies":[{"name":"wp","href":"https:\/\/api.w.org\/{rel}","templated":true}]}}