{"id":79667,"date":"2021-06-15T23:57:26","date_gmt":"2021-06-16T02:57:26","guid":{"rendered":"http:\/\/infoecos.com.ar\/?p=79667"},"modified":"2021-06-17T02:06:47","modified_gmt":"2021-06-17T05:06:47","slug":"interesante-proyecto-del-bloque-frente-de-todos-trenque-lauquen-para-reconocer-a-los-trabajadores-de-la-salud","status":"publish","type":"post","link":"https:\/\/infoecos.com.ar\/index.php\/interesante-proyecto-del-bloque-frente-de-todos-trenque-lauquen-para-reconocer-a-los-trabajadores-de-la-salud\/","title":{"rendered":"Interesante proyecto del bloque Frente de Todos Trenque Lauquen para reconocer a los trabajadores de la salud"},"content":{"rendered":"\n<p>El bloque del Frente de Todos Trenque Lauquen present\u00f3 un proyecto cuya filosof\u00eda se compadece en todos sus t\u00e9rminos con la situaci\u00f3n sanitaria por la que en la actualidad se atraviesa en el pa\u00eds. Est\u00e1 dirigido a un reconocimiento, hasta ahora, no tenido en cuenta para los trabajadores de la salud, los que vienen demostrando un enorme esfuerzo para la atenci\u00f3n de quienes han padecido y padecen el COVID -19. <\/p>\n\n\n\n<div class=\"wp-block-image\"><figure class=\"aligncenter size-medium\"><img loading=\"lazy\" decoding=\"async\" width=\"460\" height=\"345\" src=\"http:\/\/infoecos.com.ar\/wp-content\/uploads\/2021\/03\/concejodeliberante4-460x345.jpg\" alt=\"\" class=\"wp-image-76458\" srcset=\"https:\/\/infoecos.com.ar\/wp-content\/uploads\/2021\/03\/concejodeliberante4-460x345.jpg 460w, https:\/\/infoecos.com.ar\/wp-content\/uploads\/2021\/03\/concejodeliberante4-920x690.jpg 920w, https:\/\/infoecos.com.ar\/wp-content\/uploads\/2021\/03\/concejodeliberante4-768x576.jpg 768w, https:\/\/infoecos.com.ar\/wp-content\/uploads\/2021\/03\/concejodeliberante4-1536x1152.jpg 1536w, https:\/\/infoecos.com.ar\/wp-content\/uploads\/2021\/03\/concejodeliberante4-1024x768.jpg 1024w, https:\/\/infoecos.com.ar\/wp-content\/uploads\/2021\/03\/concejodeliberante4.jpg 1605w\" sizes=\"(max-width: 460px) 100vw, 460px\" \/><\/figure><\/div>\n\n\n\n<p>El proyecto que contiene siete art\u00edculos, ya fue elevado por el presidente del bloque del FDT, doctor Sotullo Lanz, para su consideraci\u00f3n en la pr\u00f3xima sesi\u00f3n del Concejo Deliberante, proponiendo se <strong>establezca la prioridad en atenci\u00f3n a todos los trabajadores que desarrollen tareas laborales en el \u00e1rea de la salud, en todo comercio o establecimiento privado y en toda dependencia publica del Estado Nacional, Provincial o Municipal, a trav\u00e9s de cualquier forma y modalidad, en el partido de Trenque Lauquen<\/strong>. En los considerandos del proyecto se indica en torno al tema que <strong>priorizando su atenci\u00f3n en el \u00e1mbito p\u00fablico y en el ambito privado, se recuperaria un valioso tiempo que podria ser destinado a descanso, esparcimiento, contacto con nucleo familiar, afectos, etc<\/strong>.<\/p>\n\n\n\n<p>En los art\u00edculos 2, 3, 4, 5 y 6 expone el bloque del FDT que <strong>se entiende por prioridad de atenci\u00f3n la prestada en forma que evite demoras cumplimentando protocolos vigentes de actuacion<\/strong>; <strong>que se deber\u00e1 exhibir con car\u00e1cter obligatorio y a la vista del p\u00fablico carteles con el texto completo de la siguiente leyenda: \u201cEn este comercio, establecimiento o dependencia se prioriza la atenci\u00f3n del personal de salud<\/strong>; <strong>la medida alcanza a todo el personal de la salud que desarrolle actividades tanto del sector p\u00fablico como privado<\/strong>; <strong>la modalidad para obtener el trato prioritario consiste en la exhibici\u00f3n en el establecimiento o dependencia de Credencial, recibo de haberes o carnet de matr\u00edcula y documentaci\u00f3n respaldatoria para acreditar su identidad y que la ordenanza tendr\u00e1 vigencia mientras persistan las condiciones de la pandemia por el virus Covid-19&#8243;<\/strong>.<\/p>\n\n\n\n<p>En su \u00faltimo art\u00edculo, sugiere se  formalice <strong>una profunda divulgacion por medios radiales y televisivos de la presente Ordenanza para que sea operativa en todas las localidades del Partido de Trenque Lauquen<\/strong>.<\/p>\n","protected":false},"excerpt":{"rendered":"<p>Propone se establezca la prioridad en atenci\u00f3n a todos los trabajadores que desarrollen tareas laborales en el \u00e1rea <\/p>\n","protected":false},"author":2,"featured_media":76458,"comment_status":"closed","ping_status":"open","sticky":false,"template":"","format":"standard","meta":{"footnotes":""},"categories":[43],"tags":[3915],"class_list":["post-79667","post","type-post","status-publish","format-standard","has-post-thumbnail","hentry","category-inferior4","tag-elevado-al-concejo-para-su-tratamiento"],"yoast_head":"<!-- This site is optimized with the Yoast SEO plugin v23.4 - https:\/\/yoast.com\/wordpress\/plugins\/seo\/ -->\n<title>Interesante proyecto del bloque Frente de Todos Trenque Lauquen para reconocer a los trabajadores de la salud - Infoecos<\/title>\n<meta name=\"robots\" content=\"index, follow, max-snippet:-1, max-image-preview:large, max-video-preview:-1\" \/>\n<link rel=\"canonical\" href=\"https:\/\/infoecos.com.ar\/index.php\/interesante-proyecto-del-bloque-frente-de-todos-trenque-lauquen-para-reconocer-a-los-trabajadores-de-la-salud\/\" \/>\n<meta property=\"og:locale\" content=\"es_ES\" \/>\n<meta property=\"og:type\" content=\"article\" \/>\n<meta property=\"og:title\" content=\"Interesante proyecto del bloque Frente de Todos Trenque Lauquen para reconocer a los trabajadores de la salud - Infoecos\" \/>\n<meta property=\"og:description\" content=\"Propone se establezca la prioridad en atenci\u00f3n a todos los trabajadores que desarrollen tareas laborales en el \u00e1rea\" \/>\n<meta property=\"og:url\" content=\"https:\/\/infoecos.com.ar\/index.php\/interesante-proyecto-del-bloque-frente-de-todos-trenque-lauquen-para-reconocer-a-los-trabajadores-de-la-salud\/\" \/>\n<meta property=\"og:site_name\" content=\"Infoecos\" \/>\n<meta property=\"article:publisher\" content=\"https:\/\/www.facebook.com\/profile.php?id=100063200290284\" \/>\n<meta property=\"article:published_time\" content=\"2021-06-16T02:57:26+00:00\" \/>\n<meta property=\"article:modified_time\" content=\"2021-06-17T05:06:47+00:00\" \/>\n<meta property=\"og:image\" content=\"https:\/\/infoecos.com.ar\/wp-content\/uploads\/2021\/03\/concejodeliberante4.jpg\" \/>\n\t<meta property=\"og:image:width\" content=\"1605\" \/>\n\t<meta property=\"og:image:height\" content=\"1204\" \/>\n\t<meta property=\"og:image:type\" content=\"image\/jpeg\" \/>\n<meta name=\"author\" content=\"Jorge Matheus\" \/>\n<meta name=\"twitter:card\" content=\"summary_large_image\" \/>\n<meta name=\"twitter:creator\" content=\"@infoecos\" \/>\n<meta name=\"twitter:site\" content=\"@infoecos\" \/>\n<meta name=\"twitter:label1\" content=\"Escrito por\" \/>\n\t<meta name=\"twitter:data1\" content=\"Jorge Matheus\" \/>\n\t<meta name=\"twitter:label2\" content=\"Tiempo de lectura\" \/>\n\t<meta name=\"twitter:data2\" content=\"2 minutos\" \/>\n<script type=\"application\/ld+json\" class=\"yoast-schema-graph\">{\"@context\":\"https:\/\/schema.org\",\"@graph\":[{\"@type\":\"Article\",\"@id\":\"https:\/\/infoecos.com.ar\/index.php\/interesante-proyecto-del-bloque-frente-de-todos-trenque-lauquen-para-reconocer-a-los-trabajadores-de-la-salud\/#article\",\"isPartOf\":{\"@id\":\"https:\/\/infoecos.com.ar\/index.php\/interesante-proyecto-del-bloque-frente-de-todos-trenque-lauquen-para-reconocer-a-los-trabajadores-de-la-salud\/\"},\"author\":{\"name\":\"Jorge Matheus\",\"@id\":\"https:\/\/infoecos.com.ar\/#\/schema\/person\/8f5ace5ce73b4b4aac4b7245aee6f191\"},\"headline\":\"Interesante proyecto del bloque Frente de Todos Trenque Lauquen para reconocer a los trabajadores de la salud\",\"datePublished\":\"2021-06-16T02:57:26+00:00\",\"dateModified\":\"2021-06-17T05:06:47+00:00\",\"mainEntityOfPage\":{\"@id\":\"https:\/\/infoecos.com.ar\/index.php\/interesante-proyecto-del-bloque-frente-de-todos-trenque-lauquen-para-reconocer-a-los-trabajadores-de-la-salud\/\"},\"wordCount\":396,\"publisher\":{\"@id\":\"https:\/\/infoecos.com.ar\/#organization\"},\"image\":{\"@id\":\"https:\/\/infoecos.com.ar\/index.php\/interesante-proyecto-del-bloque-frente-de-todos-trenque-lauquen-para-reconocer-a-los-trabajadores-de-la-salud\/#primaryimage\"},\"thumbnailUrl\":\"https:\/\/infoecos.com.ar\/wp-content\/uploads\/2021\/03\/concejodeliberante4.jpg\",\"keywords\":[\"ELEVADO AL CONCEJO PARA SU TRATAMIENTO\"],\"articleSection\":[\"Bloque inferior - 4\"],\"inLanguage\":\"es\"},{\"@type\":\"WebPage\",\"@id\":\"https:\/\/infoecos.com.ar\/index.php\/interesante-proyecto-del-bloque-frente-de-todos-trenque-lauquen-para-reconocer-a-los-trabajadores-de-la-salud\/\",\"url\":\"https:\/\/infoecos.com.ar\/index.php\/interesante-proyecto-del-bloque-frente-de-todos-trenque-lauquen-para-reconocer-a-los-trabajadores-de-la-salud\/\",\"name\":\"Interesante proyecto del bloque Frente de Todos Trenque Lauquen para reconocer a los trabajadores de la salud - Infoecos\",\"isPartOf\":{\"@id\":\"https:\/\/infoecos.com.ar\/#website\"},\"primaryImageOfPage\":{\"@id\":\"https:\/\/infoecos.com.ar\/index.php\/interesante-proyecto-del-bloque-frente-de-todos-trenque-lauquen-para-reconocer-a-los-trabajadores-de-la-salud\/#primaryimage\"},\"image\":{\"@id\":\"https:\/\/infoecos.com.ar\/index.php\/interesante-proyecto-del-bloque-frente-de-todos-trenque-lauquen-para-reconocer-a-los-trabajadores-de-la-salud\/#primaryimage\"},\"thumbnailUrl\":\"https:\/\/infoecos.com.ar\/wp-content\/uploads\/2021\/03\/concejodeliberante4.jpg\",\"datePublished\":\"2021-06-16T02:57:26+00:00\",\"dateModified\":\"2021-06-17T05:06:47+00:00\",\"breadcrumb\":{\"@id\":\"https:\/\/infoecos.com.ar\/index.php\/interesante-proyecto-del-bloque-frente-de-todos-trenque-lauquen-para-reconocer-a-los-trabajadores-de-la-salud\/#breadcrumb\"},\"inLanguage\":\"es\",\"potentialAction\":[{\"@type\":\"ReadAction\",\"target\":[\"https:\/\/infoecos.com.ar\/index.php\/interesante-proyecto-del-bloque-frente-de-todos-trenque-lauquen-para-reconocer-a-los-trabajadores-de-la-salud\/\"]}]},{\"@type\":\"ImageObject\",\"inLanguage\":\"es\",\"@id\":\"https:\/\/infoecos.com.ar\/index.php\/interesante-proyecto-del-bloque-frente-de-todos-trenque-lauquen-para-reconocer-a-los-trabajadores-de-la-salud\/#primaryimage\",\"url\":\"https:\/\/infoecos.com.ar\/wp-content\/uploads\/2021\/03\/concejodeliberante4.jpg\",\"contentUrl\":\"https:\/\/infoecos.com.ar\/wp-content\/uploads\/2021\/03\/concejodeliberante4.jpg\",\"width\":1605,\"height\":1204},{\"@type\":\"BreadcrumbList\",\"@id\":\"https:\/\/infoecos.com.ar\/index.php\/interesante-proyecto-del-bloque-frente-de-todos-trenque-lauquen-para-reconocer-a-los-trabajadores-de-la-salud\/#breadcrumb\",\"itemListElement\":[{\"@type\":\"ListItem\",\"position\":1,\"name\":\"Portada\",\"item\":\"https:\/\/infoecos.com.ar\/\"},{\"@type\":\"ListItem\",\"position\":2,\"name\":\"Interesante proyecto del bloque Frente de Todos Trenque Lauquen para reconocer a los trabajadores de la salud\"}]},{\"@type\":\"WebSite\",\"@id\":\"https:\/\/infoecos.com.ar\/#website\",\"url\":\"https:\/\/infoecos.com.ar\/\",\"name\":\"Infoecos\",\"description\":\"Noticias de trenque lauquen y la zona\",\"publisher\":{\"@id\":\"https:\/\/infoecos.com.ar\/#organization\"},\"alternateName\":\"Noticias\",\"potentialAction\":[{\"@type\":\"SearchAction\",\"target\":{\"@type\":\"EntryPoint\",\"urlTemplate\":\"https:\/\/infoecos.com.ar\/?s={search_term_string}\"},\"query-input\":{\"@type\":\"PropertyValueSpecification\",\"valueRequired\":true,\"valueName\":\"search_term_string\"}}],\"inLanguage\":\"es\"},{\"@type\":\"Organization\",\"@id\":\"https:\/\/infoecos.com.ar\/#organization\",\"name\":\"Infoecos\",\"alternateName\":\"Noticias\",\"url\":\"https:\/\/infoecos.com.ar\/\",\"logo\":{\"@type\":\"ImageObject\",\"inLanguage\":\"es\",\"@id\":\"https:\/\/infoecos.com.ar\/#\/schema\/logo\/image\/\",\"url\":\"https:\/\/infoecos.com.ar\/wp-content\/uploads\/2024\/03\/cropped-logo.png\",\"contentUrl\":\"https:\/\/infoecos.com.ar\/wp-content\/uploads\/2024\/03\/cropped-logo.png\",\"width\":374,\"height\":90,\"caption\":\"Infoecos\"},\"image\":{\"@id\":\"https:\/\/infoecos.com.ar\/#\/schema\/logo\/image\/\"},\"sameAs\":[\"https:\/\/www.facebook.com\/profile.php?id=100063200290284\",\"https:\/\/x.com\/infoecos\"]},{\"@type\":\"Person\",\"@id\":\"https:\/\/infoecos.com.ar\/#\/schema\/person\/8f5ace5ce73b4b4aac4b7245aee6f191\",\"name\":\"Jorge Matheus\",\"url\":\"https:\/\/infoecos.com.ar\/index.php\/author\/jomatheus\/\"}]}<\/script>\n<!-- \/ Yoast SEO plugin. -->","yoast_head_json":{"title":"Interesante proyecto del bloque Frente de Todos Trenque Lauquen para reconocer a los trabajadores de la salud - Infoecos","robots":{"index":"index","follow":"follow","max-snippet":"max-snippet:-1","max-image-preview":"max-image-preview:large","max-video-preview":"max-video-preview:-1"},"canonical":"https:\/\/infoecos.com.ar\/index.php\/interesante-proyecto-del-bloque-frente-de-todos-trenque-lauquen-para-reconocer-a-los-trabajadores-de-la-salud\/","og_locale":"es_ES","og_type":"article","og_title":"Interesante proyecto del bloque Frente de Todos Trenque Lauquen para reconocer a los trabajadores de la salud - Infoecos","og_description":"Propone se establezca la prioridad en atenci\u00f3n a todos los trabajadores que desarrollen tareas laborales en el \u00e1rea","og_url":"https:\/\/infoecos.com.ar\/index.php\/interesante-proyecto-del-bloque-frente-de-todos-trenque-lauquen-para-reconocer-a-los-trabajadores-de-la-salud\/","og_site_name":"Infoecos","article_publisher":"https:\/\/www.facebook.com\/profile.php?id=100063200290284","article_published_time":"2021-06-16T02:57:26+00:00","article_modified_time":"2021-06-17T05:06:47+00:00","og_image":[{"width":1605,"height":1204,"url":"https:\/\/infoecos.com.ar\/wp-content\/uploads\/2021\/03\/concejodeliberante4.jpg","type":"image\/jpeg"}],"author":"Jorge Matheus","twitter_card":"summary_large_image","twitter_creator":"@infoecos","twitter_site":"@infoecos","twitter_misc":{"Escrito por":"Jorge Matheus","Tiempo de lectura":"2 minutos"},"schema":{"@context":"https:\/\/schema.org","@graph":[{"@type":"Article","@id":"https:\/\/infoecos.com.ar\/index.php\/interesante-proyecto-del-bloque-frente-de-todos-trenque-lauquen-para-reconocer-a-los-trabajadores-de-la-salud\/#article","isPartOf":{"@id":"https:\/\/infoecos.com.ar\/index.php\/interesante-proyecto-del-bloque-frente-de-todos-trenque-lauquen-para-reconocer-a-los-trabajadores-de-la-salud\/"},"author":{"name":"Jorge Matheus","@id":"https:\/\/infoecos.com.ar\/#\/schema\/person\/8f5ace5ce73b4b4aac4b7245aee6f191"},"headline":"Interesante proyecto del bloque Frente de Todos Trenque Lauquen para reconocer a los trabajadores de la salud","datePublished":"2021-06-16T02:57:26+00:00","dateModified":"2021-06-17T05:06:47+00:00","mainEntityOfPage":{"@id":"https:\/\/infoecos.com.ar\/index.php\/interesante-proyecto-del-bloque-frente-de-todos-trenque-lauquen-para-reconocer-a-los-trabajadores-de-la-salud\/"},"wordCount":396,"publisher":{"@id":"https:\/\/infoecos.com.ar\/#organization"},"image":{"@id":"https:\/\/infoecos.com.ar\/index.php\/interesante-proyecto-del-bloque-frente-de-todos-trenque-lauquen-para-reconocer-a-los-trabajadores-de-la-salud\/#primaryimage"},"thumbnailUrl":"https:\/\/infoecos.com.ar\/wp-content\/uploads\/2021\/03\/concejodeliberante4.jpg","keywords":["ELEVADO AL CONCEJO PARA SU TRATAMIENTO"],"articleSection":["Bloque inferior - 4"],"inLanguage":"es"},{"@type":"WebPage","@id":"https:\/\/infoecos.com.ar\/index.php\/interesante-proyecto-del-bloque-frente-de-todos-trenque-lauquen-para-reconocer-a-los-trabajadores-de-la-salud\/","url":"https:\/\/infoecos.com.ar\/index.php\/interesante-proyecto-del-bloque-frente-de-todos-trenque-lauquen-para-reconocer-a-los-trabajadores-de-la-salud\/","name":"Interesante proyecto del bloque Frente de Todos Trenque Lauquen para reconocer a los trabajadores de la salud - Infoecos","isPartOf":{"@id":"https:\/\/infoecos.com.ar\/#website"},"primaryImageOfPage":{"@id":"https:\/\/infoecos.com.ar\/index.php\/interesante-proyecto-del-bloque-frente-de-todos-trenque-lauquen-para-reconocer-a-los-trabajadores-de-la-salud\/#primaryimage"},"image":{"@id":"https:\/\/infoecos.com.ar\/index.php\/interesante-proyecto-del-bloque-frente-de-todos-trenque-lauquen-para-reconocer-a-los-trabajadores-de-la-salud\/#primaryimage"},"thumbnailUrl":"https:\/\/infoecos.com.ar\/wp-content\/uploads\/2021\/03\/concejodeliberante4.jpg","datePublished":"2021-06-16T02:57:26+00:00","dateModified":"2021-06-17T05:06:47+00:00","breadcrumb":{"@id":"https:\/\/infoecos.com.ar\/index.php\/interesante-proyecto-del-bloque-frente-de-todos-trenque-lauquen-para-reconocer-a-los-trabajadores-de-la-salud\/#breadcrumb"},"inLanguage":"es","potentialAction":[{"@type":"ReadAction","target":["https:\/\/infoecos.com.ar\/index.php\/interesante-proyecto-del-bloque-frente-de-todos-trenque-lauquen-para-reconocer-a-los-trabajadores-de-la-salud\/"]}]},{"@type":"ImageObject","inLanguage":"es","@id":"https:\/\/infoecos.com.ar\/index.php\/interesante-proyecto-del-bloque-frente-de-todos-trenque-lauquen-para-reconocer-a-los-trabajadores-de-la-salud\/#primaryimage","url":"https:\/\/infoecos.com.ar\/wp-content\/uploads\/2021\/03\/concejodeliberante4.jpg","contentUrl":"https:\/\/infoecos.com.ar\/wp-content\/uploads\/2021\/03\/concejodeliberante4.jpg","width":1605,"height":1204},{"@type":"BreadcrumbList","@id":"https:\/\/infoecos.com.ar\/index.php\/interesante-proyecto-del-bloque-frente-de-todos-trenque-lauquen-para-reconocer-a-los-trabajadores-de-la-salud\/#breadcrumb","itemListElement":[{"@type":"ListItem","position":1,"name":"Portada","item":"https:\/\/infoecos.com.ar\/"},{"@type":"ListItem","position":2,"name":"Interesante proyecto del bloque Frente de Todos Trenque Lauquen para reconocer a los trabajadores de la salud"}]},{"@type":"WebSite","@id":"https:\/\/infoecos.com.ar\/#website","url":"https:\/\/infoecos.com.ar\/","name":"Infoecos","description":"Noticias de trenque lauquen y la zona","publisher":{"@id":"https:\/\/infoecos.com.ar\/#organization"},"alternateName":"Noticias","potentialAction":[{"@type":"SearchAction","target":{"@type":"EntryPoint","urlTemplate":"https:\/\/infoecos.com.ar\/?s={search_term_string}"},"query-input":{"@type":"PropertyValueSpecification","valueRequired":true,"valueName":"search_term_string"}}],"inLanguage":"es"},{"@type":"Organization","@id":"https:\/\/infoecos.com.ar\/#organization","name":"Infoecos","alternateName":"Noticias","url":"https:\/\/infoecos.com.ar\/","logo":{"@type":"ImageObject","inLanguage":"es","@id":"https:\/\/infoecos.com.ar\/#\/schema\/logo\/image\/","url":"https:\/\/infoecos.com.ar\/wp-content\/uploads\/2024\/03\/cropped-logo.png","contentUrl":"https:\/\/infoecos.com.ar\/wp-content\/uploads\/2024\/03\/cropped-logo.png","width":374,"height":90,"caption":"Infoecos"},"image":{"@id":"https:\/\/infoecos.com.ar\/#\/schema\/logo\/image\/"},"sameAs":["https:\/\/www.facebook.com\/profile.php?id=100063200290284","https:\/\/x.com\/infoecos"]},{"@type":"Person","@id":"https:\/\/infoecos.com.ar\/#\/schema\/person\/8f5ace5ce73b4b4aac4b7245aee6f191","name":"Jorge Matheus","url":"https:\/\/infoecos.com.ar\/index.php\/author\/jomatheus\/"}]}},"featured_image_urls":{"full":["https:\/\/infoecos.com.ar\/wp-content\/uploads\/2021\/03\/concejodeliberante4.jpg",1605,1204,false],"thumbnail":["https:\/\/infoecos.com.ar\/wp-content\/uploads\/2021\/03\/concejodeliberante4-150x150.jpg",150,150,true],"medium":["https:\/\/infoecos.com.ar\/wp-content\/uploads\/2021\/03\/concejodeliberante4-460x345.jpg",460,345,true],"medium_large":["https:\/\/infoecos.com.ar\/wp-content\/uploads\/2021\/03\/concejodeliberante4-768x576.jpg",640,480,true],"large":["https:\/\/infoecos.com.ar\/wp-content\/uploads\/2021\/03\/concejodeliberante4-920x690.jpg",640,480,true],"1536x1536":["https:\/\/infoecos.com.ar\/wp-content\/uploads\/2021\/03\/concejodeliberante4-1536x1152.jpg",1536,1152,true],"2048x2048":["https:\/\/infoecos.com.ar\/wp-content\/uploads\/2021\/03\/concejodeliberante4.jpg",1605,1204,false],"covernews-slider-full":["https:\/\/infoecos.com.ar\/wp-content\/uploads\/2021\/03\/concejodeliberante4-1536x1020.jpg",1077,715,true],"covernews-slider-center":["https:\/\/infoecos.com.ar\/wp-content\/uploads\/2021\/03\/concejodeliberante4-936x897.jpg",522,500,true],"covernews-featured":["https:\/\/infoecos.com.ar\/wp-content\/uploads\/2021\/03\/concejodeliberante4-1024x768.jpg",1024,768,true],"covernews-medium":["https:\/\/infoecos.com.ar\/wp-content\/uploads\/2021\/03\/concejodeliberante4-720x380.jpg",540,285,true],"covernews-medium-square":["https:\/\/infoecos.com.ar\/wp-content\/uploads\/2021\/03\/concejodeliberante4-675x450.jpg",375,250,true]},"author_info":{"info":["Jorge Matheus"]},"category_info":"<a href=\"https:\/\/infoecos.com.ar\/index.php\/category\/inferior4\/\" rel=\"category tag\">Bloque inferior - 4<\/a>","tag_info":"Bloque inferior - 4","comment_count":"0","_links":{"self":[{"href":"https:\/\/infoecos.com.ar\/index.php\/wp-json\/wp\/v2\/posts\/79667"}],"collection":[{"href":"https:\/\/infoecos.com.ar\/index.php\/wp-json\/wp\/v2\/posts"}],"about":[{"href":"https:\/\/infoecos.com.ar\/index.php\/wp-json\/wp\/v2\/types\/post"}],"author":[{"embeddable":true,"href":"https:\/\/infoecos.com.ar\/index.php\/wp-json\/wp\/v2\/users\/2"}],"replies":[{"embeddable":true,"href":"https:\/\/infoecos.com.ar\/index.php\/wp-json\/wp\/v2\/comments?post=79667"}],"version-history":[{"count":1,"href":"https:\/\/infoecos.com.ar\/index.php\/wp-json\/wp\/v2\/posts\/79667\/revisions"}],"predecessor-version":[{"id":79668,"href":"https:\/\/infoecos.com.ar\/index.php\/wp-json\/wp\/v2\/posts\/79667\/revisions\/79668"}],"wp:featuredmedia":[{"embeddable":true,"href":"https:\/\/infoecos.com.ar\/index.php\/wp-json\/wp\/v2\/media\/76458"}],"wp:attachment":[{"href":"https:\/\/infoecos.com.ar\/index.php\/wp-json\/wp\/v2\/media?parent=79667"}],"wp:term":[{"taxonomy":"category","embeddable":true,"href":"https:\/\/infoecos.com.ar\/index.php\/wp-json\/wp\/v2\/categories?post=79667"},{"taxonomy":"post_tag","embeddable":true,"href":"https:\/\/infoecos.com.ar\/index.php\/wp-json\/wp\/v2\/tags?post=79667"}],"curies":[{"name":"wp","href":"https:\/\/api.w.org\/{rel}","templated":true}]}}