{"id":79674,"date":"2021-06-16T00:19:57","date_gmt":"2021-06-16T03:19:57","guid":{"rendered":"http:\/\/infoecos.com.ar\/?p=79674"},"modified":"2021-06-16T00:19:58","modified_gmt":"2021-06-16T03:19:58","slug":"agradecimiento-del-obispo-de-nueve-de-julio-por-la-respuesta-de-la-sociedad-a-la-colecta-anual-de-caritas","status":"publish","type":"post","link":"https:\/\/infoecos.com.ar\/index.php\/agradecimiento-del-obispo-de-nueve-de-julio-por-la-respuesta-de-la-sociedad-a-la-colecta-anual-de-caritas\/","title":{"rendered":"Agradecimiento del Obispo de Nueve de Julio por la respuesta de la sociedad a la colecta anual de C\u00e1ritas"},"content":{"rendered":"\n<p class=\"wp-block-paragraph\">El obispo de la Di\u00f3cesis de Nueve de Julio, Monse\u00f1or Torrado Mosconi, agradeci\u00f3 la colaboraci\u00f3n recibida en el marco de la campa\u00f1a anual de C\u00e1ritas que se concret\u00f3 el domingo anterior.<\/p>\n\n\n\n<div class=\"wp-block-image\"><figure class=\"aligncenter size-medium\"><img loading=\"lazy\" decoding=\"async\" width=\"460\" height=\"460\" src=\"http:\/\/infoecos.com.ar\/wp-content\/uploads\/2021\/06\/Colecta-2021-460x460.png\" alt=\"\" class=\"wp-image-79675\" srcset=\"https:\/\/infoecos.com.ar\/wp-content\/uploads\/2021\/06\/Colecta-2021-460x460.png 460w, https:\/\/infoecos.com.ar\/wp-content\/uploads\/2021\/06\/Colecta-2021-920x920.png 920w, https:\/\/infoecos.com.ar\/wp-content\/uploads\/2021\/06\/Colecta-2021-150x150.png 150w, https:\/\/infoecos.com.ar\/wp-content\/uploads\/2021\/06\/Colecta-2021-768x768.png 768w, https:\/\/infoecos.com.ar\/wp-content\/uploads\/2021\/06\/Colecta-2021-1024x1024.png 1024w, https:\/\/infoecos.com.ar\/wp-content\/uploads\/2021\/06\/Colecta-2021.png 1080w\" sizes=\"auto, (max-width: 460px) 100vw, 460px\" \/><\/figure><\/div>\n\n\n\n<p class=\"wp-block-paragraph\">El texto difundido a trav\u00e9s de los medios se\u00f1ala:<\/p>\n\n\n\n<p class=\"wp-block-paragraph\"><em>La respuesta a la convocatoria \u201cEn tiempos dif\u00edciles, compartamos m\u00e1s\u201d es una clara muestra del potencial de generosidad y la capacidad de compartir de nuestra gente, as\u00ed lo manifest\u00f3 monse\u00f1or Torrado Mosconi en un primer balance de la colecta de este a\u00f1o.<\/em><\/p>\n\n\n\n<p class=\"wp-block-paragraph\"><em>A pesar de las estrecheces econ\u00f3micas por la cual atraviesan grandes sectores de nuestra sociedad, sumadas a las dificultades creadas por las restricciones con motivo de la pandemia de coronavirus, pudo llevarse a cabo la Colecta anual de C\u00e1ritas a lo largo y ancho de la di\u00f3cesis.<\/em><\/p>\n\n\n\n<p class=\"wp-block-paragraph\"><em>El trabajo de las comisiones de cada comunidad, una esmerada difusi\u00f3n por medios y redes as\u00ed como el ingente esfuerzo de los voluntarios, sumado a la generosidad de los donantes, hicieron posibles unos resultados muy favorables. Todo esto deja ver que, a la par de los fondos recaudados, debe contabilizarse tambi\u00e9n como valores tanto la generosa respuesta de la gente como la abnegaci\u00f3n de los voluntarios que hacen posible todo esto.<\/em><\/p>\n\n\n\n<p class=\"wp-block-paragraph\"><em>Es de destacar la generosidad de los ni\u00f1os y los j\u00f3venes que no pasaban indiferentes ante los voluntarios sino que se acercaban a preguntar y contribu\u00edan con lo que ten\u00edan.<\/em><\/p>\n\n\n\n<p class=\"wp-block-paragraph\"><em>Todos los voluntarios de caritas finalizaron su evaluaci\u00f3n con un caluroso agradecimiento a los voluntarios y a los benefactores, y que el Obispo diocesano difundi\u00f3 por medio de un video.<\/em><\/p>\n","protected":false},"excerpt":{"rendered":"<p>\u00abEs de destacar la generosidad de los ni\u00f1os y los j\u00f3venes que no pasaban indiferentes ante los voluntarios sino que se acercaban a preguntar y contribu\u00edan con lo que ten\u00edan\u00bb, se\u00f1al\u00f3 Torrado Mosconi<\/p>\n","protected":false},"author":2,"featured_media":79675,"comment_status":"closed","ping_status":"open","sticky":false,"template":"","format":"standard","meta":{"footnotes":""},"categories":[47],"tags":[3916],"class_list":["post-79674","post","type-post","status-publish","format-standard","has-post-thumbnail","hentry","category-c3nota2","tag-se-realizo-el-domingo"],"featured_image_urls":{"full":["https:\/\/infoecos.com.ar\/wp-content\/uploads\/2021\/06\/Colecta-2021.png",1080,1080,false],"thumbnail":["https:\/\/infoecos.com.ar\/wp-content\/uploads\/2021\/06\/Colecta-2021-150x150.png",150,150,true],"medium":["https:\/\/infoecos.com.ar\/wp-content\/uploads\/2021\/06\/Colecta-2021-460x460.png",460,460,true],"medium_large":["https:\/\/infoecos.com.ar\/wp-content\/uploads\/2021\/06\/Colecta-2021-768x768.png",640,640,true],"large":["https:\/\/infoecos.com.ar\/wp-content\/uploads\/2021\/06\/Colecta-2021-920x920.png",640,640,true],"1536x1536":["https:\/\/infoecos.com.ar\/wp-content\/uploads\/2021\/06\/Colecta-2021.png",1080,1080,false],"2048x2048":["https:\/\/infoecos.com.ar\/wp-content\/uploads\/2021\/06\/Colecta-2021.png",1080,1080,false],"covernews-slider-full":["https:\/\/infoecos.com.ar\/wp-content\/uploads\/2021\/06\/Colecta-2021-1080x1020.png",757,715,true],"covernews-slider-center":["https:\/\/infoecos.com.ar\/wp-content\/uploads\/2021\/06\/Colecta-2021-936x897.png",522,500,true],"covernews-featured":["https:\/\/infoecos.com.ar\/wp-content\/uploads\/2021\/06\/Colecta-2021-1024x1024.png",1024,1024,true],"covernews-medium":["https:\/\/infoecos.com.ar\/wp-content\/uploads\/2021\/06\/Colecta-2021-720x380.png",540,285,true],"covernews-medium-square":["https:\/\/infoecos.com.ar\/wp-content\/uploads\/2021\/06\/Colecta-2021-675x450.png",375,250,true]},"author_info":{"info":["Jorge Matheus"]},"category_info":"<a href=\"https:\/\/infoecos.com.ar\/index.php\/category\/c3nota2\/\" rel=\"category tag\">C3 N2<\/a>","tag_info":"C3 N2","comment_count":"0","_links":{"self":[{"href":"https:\/\/infoecos.com.ar\/index.php\/wp-json\/wp\/v2\/posts\/79674","targetHints":{"allow":["GET"]}}],"collection":[{"href":"https:\/\/infoecos.com.ar\/index.php\/wp-json\/wp\/v2\/posts"}],"about":[{"href":"https:\/\/infoecos.com.ar\/index.php\/wp-json\/wp\/v2\/types\/post"}],"author":[{"embeddable":true,"href":"https:\/\/infoecos.com.ar\/index.php\/wp-json\/wp\/v2\/users\/2"}],"replies":[{"embeddable":true,"href":"https:\/\/infoecos.com.ar\/index.php\/wp-json\/wp\/v2\/comments?post=79674"}],"version-history":[{"count":1,"href":"https:\/\/infoecos.com.ar\/index.php\/wp-json\/wp\/v2\/posts\/79674\/revisions"}],"predecessor-version":[{"id":79676,"href":"https:\/\/infoecos.com.ar\/index.php\/wp-json\/wp\/v2\/posts\/79674\/revisions\/79676"}],"wp:featuredmedia":[{"embeddable":true,"href":"https:\/\/infoecos.com.ar\/index.php\/wp-json\/wp\/v2\/media\/79675"}],"wp:attachment":[{"href":"https:\/\/infoecos.com.ar\/index.php\/wp-json\/wp\/v2\/media?parent=79674"}],"wp:term":[{"taxonomy":"category","embeddable":true,"href":"https:\/\/infoecos.com.ar\/index.php\/wp-json\/wp\/v2\/categories?post=79674"},{"taxonomy":"post_tag","embeddable":true,"href":"https:\/\/infoecos.com.ar\/index.php\/wp-json\/wp\/v2\/tags?post=79674"}],"curies":[{"name":"wp","href":"https:\/\/api.w.org\/{rel}","templated":true}]}}