{"id":79677,"date":"2021-06-16T00:31:02","date_gmt":"2021-06-16T03:31:02","guid":{"rendered":"http:\/\/infoecos.com.ar\/?p=79677"},"modified":"2021-06-18T01:32:04","modified_gmt":"2021-06-18T04:32:04","slug":"la-moratoria-es-una-medida-muy-importante-para-todos-los-bonaerenses-que-hayan-acumulado-deuda-dijo-el-jefe-de-gabinete-de-arba","status":"publish","type":"post","link":"https:\/\/infoecos.com.ar\/index.php\/la-moratoria-es-una-medida-muy-importante-para-todos-los-bonaerenses-que-hayan-acumulado-deuda-dijo-el-jefe-de-gabinete-de-arba\/","title":{"rendered":"\u00abLa moratoria es una medida muy importante para todos los bonaerenses que hayan acumulado deuda\u201d, dijo el jefe de Gabinete de ARBA"},"content":{"rendered":"\n<p>El jefe de Gabinete de ARBA, Nicol\u00e1s De Hoz, dio detalles de la moratoria que comenz\u00f3 a regir esta semana para la regularizaci\u00f3n de deudas fiscales.<\/p>\n\n\n\n<p>En declaraciones a <strong>Radio Provincia<\/strong> precis\u00f3 que \u201cviene a cubrir un per\u00edodo de deuda del 2020 para los impuestos Inmobiliario y Automotor, todo lo que haya vencido el a\u00f1o pasado podr\u00e1 ser pagado en hasta 24 cuotas con quitas de intereses que llegan hasta el 100%\u201d.<\/p>\n\n\n\n<div class=\"wp-block-image\"><figure class=\"aligncenter size-medium\"><img loading=\"lazy\" decoding=\"async\" width=\"460\" height=\"288\" src=\"http:\/\/infoecos.com.ar\/wp-content\/uploads\/2021\/06\/arba-460x288.jpg\" alt=\"\" class=\"wp-image-79678\" srcset=\"https:\/\/infoecos.com.ar\/wp-content\/uploads\/2021\/06\/arba-460x288.jpg 460w, https:\/\/infoecos.com.ar\/wp-content\/uploads\/2021\/06\/arba.jpg 630w\" sizes=\"(max-width: 460px) 100vw, 460px\" \/><\/figure><\/div>\n\n\n\n<p>De Hoz dijo que \u201ces una medida muy importante para todos los bonaerenses que hayan acumulado deuda\u201d y agreg\u00f3 que el plan est\u00e1 dise\u00f1ado en tres tramos: \u201cel primero va desde el 14 de junio al 15 de agosto, el segundo del 16 de agosto al 17 de octubre y el \u00faltimo del 18 de octubre al 19 de diciembre\u201d.<\/p>\n\n\n\n<p>\u201cCuanto m\u00e1s temprano se ingresa al plan, m\u00e1s quita de intereses se tiene\u201d, remarc\u00f3 De Hoz y a\u00f1adi\u00f3 que \u201cpor eso, el primer tramo tiene una quita de hasta el 90% y va bajando a medida que avanzan los meses\u201d.<\/p>\n\n\n\n<p>Hay una excepci\u00f3n \u201cpara un segmento especial que es para los contribuyentes de Ingresos Brutos que son los m\u00e1s afectados por la pandemia, que es un trabajo que hicimos con el ministro Costa y esas actividades acceden directamente a una quita del 100% de los intereses\u201d, precis\u00f3.<\/p>\n\n\n\n<p>El jefe de Gabinete de ARBA destac\u00f3 que \u201cesta no es una medida aislada, sino que se encuadra en una bater\u00eda de medidas que anunciamos desde que comenz\u00f3 la pandemia. Somos la Provincia que m\u00e1s medidas ha tomado en favor de los sectores m\u00e1s afectados por la pandemia\u201d.<\/p>\n","protected":false},"excerpt":{"rendered":"<p>\u201cCuanto m\u00e1s temprano se ingresa al plan, m\u00e1s quita de intereses se tiene\u201d, remarc\u00f3 De Hoz<\/p>\n","protected":false},"author":2,"featured_media":79678,"comment_status":"closed","ping_status":"open","sticky":false,"template":"","format":"standard","meta":{"footnotes":""},"categories":[1332],"tags":[3917],"class_list":["post-79677","post","type-post","status-publish","format-standard","has-post-thumbnail","hentry","category-inferior12","tag-comenzo-a-regir-esta-semana"],"yoast_head":"<!-- This site is optimized with the Yoast SEO plugin v23.4 - https:\/\/yoast.com\/wordpress\/plugins\/seo\/ -->\n<title>&quot;La moratoria es una medida muy importante para todos los bonaerenses que hayan acumulado deuda\u201d, dijo el jefe de Gabinete de ARBA - Infoecos<\/title>\n<meta name=\"robots\" content=\"index, follow, max-snippet:-1, max-image-preview:large, max-video-preview:-1\" \/>\n<link rel=\"canonical\" href=\"https:\/\/infoecos.com.ar\/index.php\/la-moratoria-es-una-medida-muy-importante-para-todos-los-bonaerenses-que-hayan-acumulado-deuda-dijo-el-jefe-de-gabinete-de-arba\/\" \/>\n<meta property=\"og:locale\" content=\"es_ES\" \/>\n<meta property=\"og:type\" content=\"article\" \/>\n<meta property=\"og:title\" content=\"&quot;La moratoria es una medida muy importante para todos los bonaerenses que hayan acumulado deuda\u201d, dijo el jefe de Gabinete de ARBA - Infoecos\" \/>\n<meta property=\"og:description\" content=\"\u201cCuanto m\u00e1s temprano se ingresa al plan, m\u00e1s quita de intereses se tiene\u201d, remarc\u00f3 De Hoz\" \/>\n<meta property=\"og:url\" content=\"https:\/\/infoecos.com.ar\/index.php\/la-moratoria-es-una-medida-muy-importante-para-todos-los-bonaerenses-que-hayan-acumulado-deuda-dijo-el-jefe-de-gabinete-de-arba\/\" \/>\n<meta property=\"og:site_name\" content=\"Infoecos\" \/>\n<meta property=\"article:publisher\" content=\"https:\/\/www.facebook.com\/profile.php?id=100063200290284\" \/>\n<meta property=\"article:published_time\" content=\"2021-06-16T03:31:02+00:00\" \/>\n<meta property=\"article:modified_time\" content=\"2021-06-18T04:32:04+00:00\" \/>\n<meta property=\"og:image\" content=\"https:\/\/infoecos.com.ar\/wp-content\/uploads\/2021\/06\/arba.jpg\" \/>\n\t<meta property=\"og:image:width\" content=\"630\" \/>\n\t<meta property=\"og:image:height\" content=\"394\" \/>\n\t<meta property=\"og:image:type\" content=\"image\/jpeg\" \/>\n<meta name=\"author\" content=\"Jorge Matheus\" \/>\n<meta name=\"twitter:card\" content=\"summary_large_image\" \/>\n<meta name=\"twitter:creator\" content=\"@infoecos\" \/>\n<meta name=\"twitter:site\" content=\"@infoecos\" \/>\n<meta name=\"twitter:label1\" content=\"Escrito por\" \/>\n\t<meta name=\"twitter:data1\" content=\"Jorge Matheus\" \/>\n\t<meta name=\"twitter:label2\" content=\"Tiempo de lectura\" \/>\n\t<meta name=\"twitter:data2\" content=\"1 minuto\" \/>\n<script type=\"application\/ld+json\" class=\"yoast-schema-graph\">{\"@context\":\"https:\/\/schema.org\",\"@graph\":[{\"@type\":\"Article\",\"@id\":\"https:\/\/infoecos.com.ar\/index.php\/la-moratoria-es-una-medida-muy-importante-para-todos-los-bonaerenses-que-hayan-acumulado-deuda-dijo-el-jefe-de-gabinete-de-arba\/#article\",\"isPartOf\":{\"@id\":\"https:\/\/infoecos.com.ar\/index.php\/la-moratoria-es-una-medida-muy-importante-para-todos-los-bonaerenses-que-hayan-acumulado-deuda-dijo-el-jefe-de-gabinete-de-arba\/\"},\"author\":{\"name\":\"Jorge Matheus\",\"@id\":\"https:\/\/infoecos.com.ar\/#\/schema\/person\/8f5ace5ce73b4b4aac4b7245aee6f191\"},\"headline\":\"\u00abLa moratoria es una medida muy importante para todos los bonaerenses que hayan acumulado deuda\u201d, dijo el jefe de Gabinete de ARBA\",\"datePublished\":\"2021-06-16T03:31:02+00:00\",\"dateModified\":\"2021-06-18T04:32:04+00:00\",\"mainEntityOfPage\":{\"@id\":\"https:\/\/infoecos.com.ar\/index.php\/la-moratoria-es-una-medida-muy-importante-para-todos-los-bonaerenses-que-hayan-acumulado-deuda-dijo-el-jefe-de-gabinete-de-arba\/\"},\"wordCount\":291,\"publisher\":{\"@id\":\"https:\/\/infoecos.com.ar\/#organization\"},\"image\":{\"@id\":\"https:\/\/infoecos.com.ar\/index.php\/la-moratoria-es-una-medida-muy-importante-para-todos-los-bonaerenses-que-hayan-acumulado-deuda-dijo-el-jefe-de-gabinete-de-arba\/#primaryimage\"},\"thumbnailUrl\":\"https:\/\/infoecos.com.ar\/wp-content\/uploads\/2021\/06\/arba.jpg\",\"keywords\":[\"COMENZ\u00d3 A REGIR ESTA SEMANA\"],\"articleSection\":[\"Bloque inferior - 12\"],\"inLanguage\":\"es\"},{\"@type\":\"WebPage\",\"@id\":\"https:\/\/infoecos.com.ar\/index.php\/la-moratoria-es-una-medida-muy-importante-para-todos-los-bonaerenses-que-hayan-acumulado-deuda-dijo-el-jefe-de-gabinete-de-arba\/\",\"url\":\"https:\/\/infoecos.com.ar\/index.php\/la-moratoria-es-una-medida-muy-importante-para-todos-los-bonaerenses-que-hayan-acumulado-deuda-dijo-el-jefe-de-gabinete-de-arba\/\",\"name\":\"\\\"La moratoria es una medida muy importante para todos los bonaerenses que hayan acumulado deuda\u201d, dijo el jefe de Gabinete de ARBA - Infoecos\",\"isPartOf\":{\"@id\":\"https:\/\/infoecos.com.ar\/#website\"},\"primaryImageOfPage\":{\"@id\":\"https:\/\/infoecos.com.ar\/index.php\/la-moratoria-es-una-medida-muy-importante-para-todos-los-bonaerenses-que-hayan-acumulado-deuda-dijo-el-jefe-de-gabinete-de-arba\/#primaryimage\"},\"image\":{\"@id\":\"https:\/\/infoecos.com.ar\/index.php\/la-moratoria-es-una-medida-muy-importante-para-todos-los-bonaerenses-que-hayan-acumulado-deuda-dijo-el-jefe-de-gabinete-de-arba\/#primaryimage\"},\"thumbnailUrl\":\"https:\/\/infoecos.com.ar\/wp-content\/uploads\/2021\/06\/arba.jpg\",\"datePublished\":\"2021-06-16T03:31:02+00:00\",\"dateModified\":\"2021-06-18T04:32:04+00:00\",\"breadcrumb\":{\"@id\":\"https:\/\/infoecos.com.ar\/index.php\/la-moratoria-es-una-medida-muy-importante-para-todos-los-bonaerenses-que-hayan-acumulado-deuda-dijo-el-jefe-de-gabinete-de-arba\/#breadcrumb\"},\"inLanguage\":\"es\",\"potentialAction\":[{\"@type\":\"ReadAction\",\"target\":[\"https:\/\/infoecos.com.ar\/index.php\/la-moratoria-es-una-medida-muy-importante-para-todos-los-bonaerenses-que-hayan-acumulado-deuda-dijo-el-jefe-de-gabinete-de-arba\/\"]}]},{\"@type\":\"ImageObject\",\"inLanguage\":\"es\",\"@id\":\"https:\/\/infoecos.com.ar\/index.php\/la-moratoria-es-una-medida-muy-importante-para-todos-los-bonaerenses-que-hayan-acumulado-deuda-dijo-el-jefe-de-gabinete-de-arba\/#primaryimage\",\"url\":\"https:\/\/infoecos.com.ar\/wp-content\/uploads\/2021\/06\/arba.jpg\",\"contentUrl\":\"https:\/\/infoecos.com.ar\/wp-content\/uploads\/2021\/06\/arba.jpg\",\"width\":630,\"height\":394},{\"@type\":\"BreadcrumbList\",\"@id\":\"https:\/\/infoecos.com.ar\/index.php\/la-moratoria-es-una-medida-muy-importante-para-todos-los-bonaerenses-que-hayan-acumulado-deuda-dijo-el-jefe-de-gabinete-de-arba\/#breadcrumb\",\"itemListElement\":[{\"@type\":\"ListItem\",\"position\":1,\"name\":\"Portada\",\"item\":\"https:\/\/infoecos.com.ar\/\"},{\"@type\":\"ListItem\",\"position\":2,\"name\":\"\u00abLa moratoria es una medida muy importante para todos los bonaerenses que hayan acumulado deuda\u201d, dijo el jefe de Gabinete de ARBA\"}]},{\"@type\":\"WebSite\",\"@id\":\"https:\/\/infoecos.com.ar\/#website\",\"url\":\"https:\/\/infoecos.com.ar\/\",\"name\":\"Infoecos\",\"description\":\"Noticias de trenque lauquen y la zona\",\"publisher\":{\"@id\":\"https:\/\/infoecos.com.ar\/#organization\"},\"alternateName\":\"Noticias\",\"potentialAction\":[{\"@type\":\"SearchAction\",\"target\":{\"@type\":\"EntryPoint\",\"urlTemplate\":\"https:\/\/infoecos.com.ar\/?s={search_term_string}\"},\"query-input\":{\"@type\":\"PropertyValueSpecification\",\"valueRequired\":true,\"valueName\":\"search_term_string\"}}],\"inLanguage\":\"es\"},{\"@type\":\"Organization\",\"@id\":\"https:\/\/infoecos.com.ar\/#organization\",\"name\":\"Infoecos\",\"alternateName\":\"Noticias\",\"url\":\"https:\/\/infoecos.com.ar\/\",\"logo\":{\"@type\":\"ImageObject\",\"inLanguage\":\"es\",\"@id\":\"https:\/\/infoecos.com.ar\/#\/schema\/logo\/image\/\",\"url\":\"https:\/\/infoecos.com.ar\/wp-content\/uploads\/2024\/03\/cropped-logo.png\",\"contentUrl\":\"https:\/\/infoecos.com.ar\/wp-content\/uploads\/2024\/03\/cropped-logo.png\",\"width\":374,\"height\":90,\"caption\":\"Infoecos\"},\"image\":{\"@id\":\"https:\/\/infoecos.com.ar\/#\/schema\/logo\/image\/\"},\"sameAs\":[\"https:\/\/www.facebook.com\/profile.php?id=100063200290284\",\"https:\/\/x.com\/infoecos\"]},{\"@type\":\"Person\",\"@id\":\"https:\/\/infoecos.com.ar\/#\/schema\/person\/8f5ace5ce73b4b4aac4b7245aee6f191\",\"name\":\"Jorge Matheus\",\"url\":\"https:\/\/infoecos.com.ar\/index.php\/author\/jomatheus\/\"}]}<\/script>\n<!-- \/ Yoast SEO plugin. -->","yoast_head_json":{"title":"\"La moratoria es una medida muy importante para todos los bonaerenses que hayan acumulado deuda\u201d, dijo el jefe de Gabinete de ARBA - Infoecos","robots":{"index":"index","follow":"follow","max-snippet":"max-snippet:-1","max-image-preview":"max-image-preview:large","max-video-preview":"max-video-preview:-1"},"canonical":"https:\/\/infoecos.com.ar\/index.php\/la-moratoria-es-una-medida-muy-importante-para-todos-los-bonaerenses-que-hayan-acumulado-deuda-dijo-el-jefe-de-gabinete-de-arba\/","og_locale":"es_ES","og_type":"article","og_title":"\"La moratoria es una medida muy importante para todos los bonaerenses que hayan acumulado deuda\u201d, dijo el jefe de Gabinete de ARBA - Infoecos","og_description":"\u201cCuanto m\u00e1s temprano se ingresa al plan, m\u00e1s quita de intereses se tiene\u201d, remarc\u00f3 De Hoz","og_url":"https:\/\/infoecos.com.ar\/index.php\/la-moratoria-es-una-medida-muy-importante-para-todos-los-bonaerenses-que-hayan-acumulado-deuda-dijo-el-jefe-de-gabinete-de-arba\/","og_site_name":"Infoecos","article_publisher":"https:\/\/www.facebook.com\/profile.php?id=100063200290284","article_published_time":"2021-06-16T03:31:02+00:00","article_modified_time":"2021-06-18T04:32:04+00:00","og_image":[{"width":630,"height":394,"url":"https:\/\/infoecos.com.ar\/wp-content\/uploads\/2021\/06\/arba.jpg","type":"image\/jpeg"}],"author":"Jorge Matheus","twitter_card":"summary_large_image","twitter_creator":"@infoecos","twitter_site":"@infoecos","twitter_misc":{"Escrito por":"Jorge Matheus","Tiempo de lectura":"1 minuto"},"schema":{"@context":"https:\/\/schema.org","@graph":[{"@type":"Article","@id":"https:\/\/infoecos.com.ar\/index.php\/la-moratoria-es-una-medida-muy-importante-para-todos-los-bonaerenses-que-hayan-acumulado-deuda-dijo-el-jefe-de-gabinete-de-arba\/#article","isPartOf":{"@id":"https:\/\/infoecos.com.ar\/index.php\/la-moratoria-es-una-medida-muy-importante-para-todos-los-bonaerenses-que-hayan-acumulado-deuda-dijo-el-jefe-de-gabinete-de-arba\/"},"author":{"name":"Jorge Matheus","@id":"https:\/\/infoecos.com.ar\/#\/schema\/person\/8f5ace5ce73b4b4aac4b7245aee6f191"},"headline":"\u00abLa moratoria es una medida muy importante para todos los bonaerenses que hayan acumulado deuda\u201d, dijo el jefe de Gabinete de ARBA","datePublished":"2021-06-16T03:31:02+00:00","dateModified":"2021-06-18T04:32:04+00:00","mainEntityOfPage":{"@id":"https:\/\/infoecos.com.ar\/index.php\/la-moratoria-es-una-medida-muy-importante-para-todos-los-bonaerenses-que-hayan-acumulado-deuda-dijo-el-jefe-de-gabinete-de-arba\/"},"wordCount":291,"publisher":{"@id":"https:\/\/infoecos.com.ar\/#organization"},"image":{"@id":"https:\/\/infoecos.com.ar\/index.php\/la-moratoria-es-una-medida-muy-importante-para-todos-los-bonaerenses-que-hayan-acumulado-deuda-dijo-el-jefe-de-gabinete-de-arba\/#primaryimage"},"thumbnailUrl":"https:\/\/infoecos.com.ar\/wp-content\/uploads\/2021\/06\/arba.jpg","keywords":["COMENZ\u00d3 A REGIR ESTA SEMANA"],"articleSection":["Bloque inferior - 12"],"inLanguage":"es"},{"@type":"WebPage","@id":"https:\/\/infoecos.com.ar\/index.php\/la-moratoria-es-una-medida-muy-importante-para-todos-los-bonaerenses-que-hayan-acumulado-deuda-dijo-el-jefe-de-gabinete-de-arba\/","url":"https:\/\/infoecos.com.ar\/index.php\/la-moratoria-es-una-medida-muy-importante-para-todos-los-bonaerenses-que-hayan-acumulado-deuda-dijo-el-jefe-de-gabinete-de-arba\/","name":"\"La moratoria es una medida muy importante para todos los bonaerenses que hayan acumulado deuda\u201d, dijo el jefe de Gabinete de ARBA - Infoecos","isPartOf":{"@id":"https:\/\/infoecos.com.ar\/#website"},"primaryImageOfPage":{"@id":"https:\/\/infoecos.com.ar\/index.php\/la-moratoria-es-una-medida-muy-importante-para-todos-los-bonaerenses-que-hayan-acumulado-deuda-dijo-el-jefe-de-gabinete-de-arba\/#primaryimage"},"image":{"@id":"https:\/\/infoecos.com.ar\/index.php\/la-moratoria-es-una-medida-muy-importante-para-todos-los-bonaerenses-que-hayan-acumulado-deuda-dijo-el-jefe-de-gabinete-de-arba\/#primaryimage"},"thumbnailUrl":"https:\/\/infoecos.com.ar\/wp-content\/uploads\/2021\/06\/arba.jpg","datePublished":"2021-06-16T03:31:02+00:00","dateModified":"2021-06-18T04:32:04+00:00","breadcrumb":{"@id":"https:\/\/infoecos.com.ar\/index.php\/la-moratoria-es-una-medida-muy-importante-para-todos-los-bonaerenses-que-hayan-acumulado-deuda-dijo-el-jefe-de-gabinete-de-arba\/#breadcrumb"},"inLanguage":"es","potentialAction":[{"@type":"ReadAction","target":["https:\/\/infoecos.com.ar\/index.php\/la-moratoria-es-una-medida-muy-importante-para-todos-los-bonaerenses-que-hayan-acumulado-deuda-dijo-el-jefe-de-gabinete-de-arba\/"]}]},{"@type":"ImageObject","inLanguage":"es","@id":"https:\/\/infoecos.com.ar\/index.php\/la-moratoria-es-una-medida-muy-importante-para-todos-los-bonaerenses-que-hayan-acumulado-deuda-dijo-el-jefe-de-gabinete-de-arba\/#primaryimage","url":"https:\/\/infoecos.com.ar\/wp-content\/uploads\/2021\/06\/arba.jpg","contentUrl":"https:\/\/infoecos.com.ar\/wp-content\/uploads\/2021\/06\/arba.jpg","width":630,"height":394},{"@type":"BreadcrumbList","@id":"https:\/\/infoecos.com.ar\/index.php\/la-moratoria-es-una-medida-muy-importante-para-todos-los-bonaerenses-que-hayan-acumulado-deuda-dijo-el-jefe-de-gabinete-de-arba\/#breadcrumb","itemListElement":[{"@type":"ListItem","position":1,"name":"Portada","item":"https:\/\/infoecos.com.ar\/"},{"@type":"ListItem","position":2,"name":"\u00abLa moratoria es una medida muy importante para todos los bonaerenses que hayan acumulado deuda\u201d, dijo el jefe de Gabinete de ARBA"}]},{"@type":"WebSite","@id":"https:\/\/infoecos.com.ar\/#website","url":"https:\/\/infoecos.com.ar\/","name":"Infoecos","description":"Noticias de trenque lauquen y la zona","publisher":{"@id":"https:\/\/infoecos.com.ar\/#organization"},"alternateName":"Noticias","potentialAction":[{"@type":"SearchAction","target":{"@type":"EntryPoint","urlTemplate":"https:\/\/infoecos.com.ar\/?s={search_term_string}"},"query-input":{"@type":"PropertyValueSpecification","valueRequired":true,"valueName":"search_term_string"}}],"inLanguage":"es"},{"@type":"Organization","@id":"https:\/\/infoecos.com.ar\/#organization","name":"Infoecos","alternateName":"Noticias","url":"https:\/\/infoecos.com.ar\/","logo":{"@type":"ImageObject","inLanguage":"es","@id":"https:\/\/infoecos.com.ar\/#\/schema\/logo\/image\/","url":"https:\/\/infoecos.com.ar\/wp-content\/uploads\/2024\/03\/cropped-logo.png","contentUrl":"https:\/\/infoecos.com.ar\/wp-content\/uploads\/2024\/03\/cropped-logo.png","width":374,"height":90,"caption":"Infoecos"},"image":{"@id":"https:\/\/infoecos.com.ar\/#\/schema\/logo\/image\/"},"sameAs":["https:\/\/www.facebook.com\/profile.php?id=100063200290284","https:\/\/x.com\/infoecos"]},{"@type":"Person","@id":"https:\/\/infoecos.com.ar\/#\/schema\/person\/8f5ace5ce73b4b4aac4b7245aee6f191","name":"Jorge Matheus","url":"https:\/\/infoecos.com.ar\/index.php\/author\/jomatheus\/"}]}},"featured_image_urls":{"full":["https:\/\/infoecos.com.ar\/wp-content\/uploads\/2021\/06\/arba.jpg",630,394,false],"thumbnail":["https:\/\/infoecos.com.ar\/wp-content\/uploads\/2021\/06\/arba-150x150.jpg",150,150,true],"medium":["https:\/\/infoecos.com.ar\/wp-content\/uploads\/2021\/06\/arba-460x288.jpg",460,288,true],"medium_large":["https:\/\/infoecos.com.ar\/wp-content\/uploads\/2021\/06\/arba.jpg",630,394,false],"large":["https:\/\/infoecos.com.ar\/wp-content\/uploads\/2021\/06\/arba.jpg",630,394,false],"1536x1536":["https:\/\/infoecos.com.ar\/wp-content\/uploads\/2021\/06\/arba.jpg",630,394,false],"2048x2048":["https:\/\/infoecos.com.ar\/wp-content\/uploads\/2021\/06\/arba.jpg",630,394,false],"covernews-slider-full":["https:\/\/infoecos.com.ar\/wp-content\/uploads\/2021\/06\/arba.jpg",630,394,false],"covernews-slider-center":["https:\/\/infoecos.com.ar\/wp-content\/uploads\/2021\/06\/arba.jpg",630,394,false],"covernews-featured":["https:\/\/infoecos.com.ar\/wp-content\/uploads\/2021\/06\/arba.jpg",630,394,false],"covernews-medium":["https:\/\/infoecos.com.ar\/wp-content\/uploads\/2021\/06\/arba-630x380.jpg",540,326,true],"covernews-medium-square":["https:\/\/infoecos.com.ar\/wp-content\/uploads\/2021\/06\/arba.jpg",400,250,false]},"author_info":{"info":["Jorge Matheus"]},"category_info":"<a href=\"https:\/\/infoecos.com.ar\/index.php\/category\/inferior12\/\" rel=\"category tag\">Bloque inferior - 12<\/a>","tag_info":"Bloque inferior - 12","comment_count":"0","_links":{"self":[{"href":"https:\/\/infoecos.com.ar\/index.php\/wp-json\/wp\/v2\/posts\/79677"}],"collection":[{"href":"https:\/\/infoecos.com.ar\/index.php\/wp-json\/wp\/v2\/posts"}],"about":[{"href":"https:\/\/infoecos.com.ar\/index.php\/wp-json\/wp\/v2\/types\/post"}],"author":[{"embeddable":true,"href":"https:\/\/infoecos.com.ar\/index.php\/wp-json\/wp\/v2\/users\/2"}],"replies":[{"embeddable":true,"href":"https:\/\/infoecos.com.ar\/index.php\/wp-json\/wp\/v2\/comments?post=79677"}],"version-history":[{"count":1,"href":"https:\/\/infoecos.com.ar\/index.php\/wp-json\/wp\/v2\/posts\/79677\/revisions"}],"predecessor-version":[{"id":79679,"href":"https:\/\/infoecos.com.ar\/index.php\/wp-json\/wp\/v2\/posts\/79677\/revisions\/79679"}],"wp:featuredmedia":[{"embeddable":true,"href":"https:\/\/infoecos.com.ar\/index.php\/wp-json\/wp\/v2\/media\/79678"}],"wp:attachment":[{"href":"https:\/\/infoecos.com.ar\/index.php\/wp-json\/wp\/v2\/media?parent=79677"}],"wp:term":[{"taxonomy":"category","embeddable":true,"href":"https:\/\/infoecos.com.ar\/index.php\/wp-json\/wp\/v2\/categories?post=79677"},{"taxonomy":"post_tag","embeddable":true,"href":"https:\/\/infoecos.com.ar\/index.php\/wp-json\/wp\/v2\/tags?post=79677"}],"curies":[{"name":"wp","href":"https:\/\/api.w.org\/{rel}","templated":true}]}}