{"id":79685,"date":"2021-06-16T00:48:28","date_gmt":"2021-06-16T03:48:28","guid":{"rendered":"http:\/\/infoecos.com.ar\/?p=79685"},"modified":"2021-06-18T01:31:21","modified_gmt":"2021-06-18T04:31:21","slug":"ayer-se-cumplieron-dos-anos-de-la-inauguracion-del-museo-de-arte-mural-en-trenque-lauquen","status":"publish","type":"post","link":"https:\/\/infoecos.com.ar\/index.php\/ayer-se-cumplieron-dos-anos-de-la-inauguracion-del-museo-de-arte-mural-en-trenque-lauquen\/","title":{"rendered":"Se cumplieron dos a\u00f1os de la inauguraci\u00f3n del Museo de Arte Mural en Trenque Lauquen"},"content":{"rendered":"\n<p class=\"wp-block-paragraph\">Ayer se cumplieron dos a\u00f1os de la inauguraci\u00f3n del Museo de Arte Mural, que lleva el nombre del reconocido artista pl\u00e1stico y muralista Rodolfo Campod\u00f3nico, y que distingue a Trenque Lauquen como la \u201cCiudad de los Murales\u201d.<\/p>\n\n\n\n<p class=\"wp-block-paragraph\">Este espacio est\u00e1 ubicado en el cuadro ferroviario, a la altura de Rivadavia y Dorrego, y contiene una de las principales obras del reconocido artista pl\u00e1stico: la monumental serie de 28 murales de 2 metros de alto por 3,60 de ancho.<\/p>\n\n\n\n<div class=\"wp-block-image\"><figure class=\"aligncenter size-medium\"><img loading=\"lazy\" decoding=\"async\" width=\"460\" height=\"345\" src=\"http:\/\/infoecos.com.ar\/wp-content\/uploads\/2021\/06\/Arte-Mural-460x345.jpg\" alt=\"\" class=\"wp-image-79686\" srcset=\"https:\/\/infoecos.com.ar\/wp-content\/uploads\/2021\/06\/Arte-Mural-460x345.jpg 460w, https:\/\/infoecos.com.ar\/wp-content\/uploads\/2021\/06\/Arte-Mural.jpg 758w\" sizes=\"auto, (max-width: 460px) 100vw, 460px\" \/><\/figure><\/div>\n\n\n\n<p class=\"wp-block-paragraph\">Adem\u00e1s de la inmensa obra est\u00e1tica de Campod\u00f3nico, un verdadero hijo adoptivo de Trenque Lauquen que durante a\u00f1os gest\u00f3 estrechos lazos afectivos con la ciudad, el Museo de Arte Mural alberga en su interior un sector auditorio destinado a charlas, conferencias y muestras itinerantes auditorio que lleva el nombre del ex intendente de Trenque Lauquen, Juan Carlos Font.<\/p>\n\n\n\n<p class=\"wp-block-paragraph\">Para la concreci\u00f3n del viejo anhelo del Museo de Arte Mural, el Municipio procedi\u00f3 a la puesta en valor del galp\u00f3n n\u00b02 del ferrocarril, armado de paneles donde est\u00e1n los murales.<\/p>\n\n\n\n<p class=\"wp-block-paragraph\">En abril de este a\u00f1o, se firm\u00f3 un convenio entre la municipalidad de Trenque Lauquen y la Direcci\u00f3n de Cultura y Educaci\u00f3n de la provincia de Buenos Aires para que la Escuela Secundaria de Educaci\u00f3n Art\u00edstica n\u00b0 1, ex Polivalente de Arte, dicte talleres art\u00edsticos en instalaciones del Museo de Arte Mural.<\/p>\n\n\n\n<p class=\"wp-block-paragraph\">Si bien por el momento las actividades y visitas est\u00e1n suspendidas por la situaci\u00f3n sanitaria provocada por la pandemia de Covid-19, todo est\u00e1 preparado y esperando la vuelta a la normalidad.<\/p>\n","protected":false},"excerpt":{"rendered":"<p>Este espacio est\u00e1 ubicado en el cuadro ferroviario, a la altura de Rivadavia y Dorrego<\/p>\n","protected":false},"author":2,"featured_media":79686,"comment_status":"closed","ping_status":"open","sticky":false,"template":"","format":"standard","meta":{"footnotes":""},"categories":[1331],"tags":[3919],"class_list":["post-79685","post","type-post","status-publish","format-standard","has-post-thumbnail","hentry","category-inferior11","tag-contiene-la-maxima-obra-de-campodonico"],"featured_image_urls":{"full":["https:\/\/infoecos.com.ar\/wp-content\/uploads\/2021\/06\/Arte-Mural.jpg",758,568,false],"thumbnail":["https:\/\/infoecos.com.ar\/wp-content\/uploads\/2021\/06\/Arte-Mural-150x150.jpg",150,150,true],"medium":["https:\/\/infoecos.com.ar\/wp-content\/uploads\/2021\/06\/Arte-Mural-460x345.jpg",460,345,true],"medium_large":["https:\/\/infoecos.com.ar\/wp-content\/uploads\/2021\/06\/Arte-Mural.jpg",640,480,false],"large":["https:\/\/infoecos.com.ar\/wp-content\/uploads\/2021\/06\/Arte-Mural.jpg",640,480,false],"1536x1536":["https:\/\/infoecos.com.ar\/wp-content\/uploads\/2021\/06\/Arte-Mural.jpg",758,568,false],"2048x2048":["https:\/\/infoecos.com.ar\/wp-content\/uploads\/2021\/06\/Arte-Mural.jpg",758,568,false],"covernews-slider-full":["https:\/\/infoecos.com.ar\/wp-content\/uploads\/2021\/06\/Arte-Mural.jpg",758,568,false],"covernews-slider-center":["https:\/\/infoecos.com.ar\/wp-content\/uploads\/2021\/06\/Arte-Mural.jpg",667,500,false],"covernews-featured":["https:\/\/infoecos.com.ar\/wp-content\/uploads\/2021\/06\/Arte-Mural.jpg",758,568,false],"covernews-medium":["https:\/\/infoecos.com.ar\/wp-content\/uploads\/2021\/06\/Arte-Mural-720x380.jpg",540,285,true],"covernews-medium-square":["https:\/\/infoecos.com.ar\/wp-content\/uploads\/2021\/06\/Arte-Mural-675x450.jpg",375,250,true]},"author_info":{"info":["Jorge Matheus"]},"category_info":"<a href=\"https:\/\/infoecos.com.ar\/index.php\/category\/inferior11\/\" rel=\"category tag\">Bloque inferior - 11<\/a>","tag_info":"Bloque inferior - 11","comment_count":"0","_links":{"self":[{"href":"https:\/\/infoecos.com.ar\/index.php\/wp-json\/wp\/v2\/posts\/79685","targetHints":{"allow":["GET"]}}],"collection":[{"href":"https:\/\/infoecos.com.ar\/index.php\/wp-json\/wp\/v2\/posts"}],"about":[{"href":"https:\/\/infoecos.com.ar\/index.php\/wp-json\/wp\/v2\/types\/post"}],"author":[{"embeddable":true,"href":"https:\/\/infoecos.com.ar\/index.php\/wp-json\/wp\/v2\/users\/2"}],"replies":[{"embeddable":true,"href":"https:\/\/infoecos.com.ar\/index.php\/wp-json\/wp\/v2\/comments?post=79685"}],"version-history":[{"count":2,"href":"https:\/\/infoecos.com.ar\/index.php\/wp-json\/wp\/v2\/posts\/79685\/revisions"}],"predecessor-version":[{"id":79777,"href":"https:\/\/infoecos.com.ar\/index.php\/wp-json\/wp\/v2\/posts\/79685\/revisions\/79777"}],"wp:featuredmedia":[{"embeddable":true,"href":"https:\/\/infoecos.com.ar\/index.php\/wp-json\/wp\/v2\/media\/79686"}],"wp:attachment":[{"href":"https:\/\/infoecos.com.ar\/index.php\/wp-json\/wp\/v2\/media?parent=79685"}],"wp:term":[{"taxonomy":"category","embeddable":true,"href":"https:\/\/infoecos.com.ar\/index.php\/wp-json\/wp\/v2\/categories?post=79685"},{"taxonomy":"post_tag","embeddable":true,"href":"https:\/\/infoecos.com.ar\/index.php\/wp-json\/wp\/v2\/tags?post=79685"}],"curies":[{"name":"wp","href":"https:\/\/api.w.org\/{rel}","templated":true}]}}