{"id":79693,"date":"2021-06-16T01:09:20","date_gmt":"2021-06-16T04:09:20","guid":{"rendered":"http:\/\/infoecos.com.ar\/?p=79693"},"modified":"2021-06-17T02:04:32","modified_gmt":"2021-06-17T05:04:32","slug":"nueve-de-julio-tambien-tendra-una-casa-de-la-provincia-ayer-se-abrieron-los-sobres-de-la-licitacion","status":"publish","type":"post","link":"https:\/\/infoecos.com.ar\/index.php\/nueve-de-julio-tambien-tendra-una-casa-de-la-provincia-ayer-se-abrieron-los-sobres-de-la-licitacion\/","title":{"rendered":"Nueve de Julio tambi\u00e9n tendr\u00e1 una Casa de la Provincia: se abrieron los sobres de la licitaci\u00f3n"},"content":{"rendered":"\n<p class=\"wp-block-paragraph\">El Intendente Municipal de Nueve de Julio, Mariano Barroso, particip\u00f3 de un acto virtual en el que se procedi\u00f3 a la apertura de sobres de la licitaci\u00f3n para la construcci\u00f3n de una sede de Casa de la Provincia de Buenos Aires en 9 de Julio, obra que estar\u00e1 a cargo del Ministerio de Infraestructura y Servicios P\u00fablicos y determinar\u00e1 una inversi\u00f3n por parte del Gobierno Bonaerense de $ 146.210.524,89.<\/p>\n\n\n\n<div class=\"wp-block-image\"><figure class=\"aligncenter size-medium\"><img loading=\"lazy\" decoding=\"async\" width=\"460\" height=\"258\" src=\"http:\/\/infoecos.com.ar\/wp-content\/uploads\/2021\/06\/BARROSO9DEJULIO-460x258.jpeg\" alt=\"\" class=\"wp-image-79694\" srcset=\"https:\/\/infoecos.com.ar\/wp-content\/uploads\/2021\/06\/BARROSO9DEJULIO-460x258.jpeg 460w, https:\/\/infoecos.com.ar\/wp-content\/uploads\/2021\/06\/BARROSO9DEJULIO-920x517.jpeg 920w, https:\/\/infoecos.com.ar\/wp-content\/uploads\/2021\/06\/BARROSO9DEJULIO-768x431.jpeg 768w, https:\/\/infoecos.com.ar\/wp-content\/uploads\/2021\/06\/BARROSO9DEJULIO-1024x575.jpeg 1024w, https:\/\/infoecos.com.ar\/wp-content\/uploads\/2021\/06\/BARROSO9DEJULIO.jpeg 1280w\" sizes=\"auto, (max-width: 460px) 100vw, 460px\" \/><\/figure><\/div>\n\n\n\n<p class=\"wp-block-paragraph\">Las \u201cCasas de la Provincia\u201d, tienen el objetivo de descentralizar las dependencias del Gobierno para que los bonaerenses tengan mayor acceso a tr\u00e1mites administrativos, evitando de esta manera su traslado hacia la capital bonaerense.<\/p>\n\n\n\n<p class=\"wp-block-paragraph\">En cada una de las Casas de la Provincia conviven distintos servicios, organizados en 18 delegaciones: Direcci\u00f3n General de Cultura y Educaci\u00f3n, Ministerio de Seguridad, Ministerio de Agroindustria, Direcci\u00f3n de Flora y Fauna, Direcci\u00f3n Provincial de Pesca, Bolet\u00edn Oficial, Registro de las Personas, Ministerio de Salud, Ministerio de Desarrollo Social, Juzgado Administrativo de Faltas de Tr\u00e1nsito, IPS Previsi\u00f3n Social, IPS Turismo Social, Subsecretar\u00eda de Turismo, ARBA, IOMA, Patronato de Liberados, IPAP y Radio Provincia.<\/p>\n","protected":false},"excerpt":{"rendered":"<p>Las \u201cCasas de la Provincia\u201d, tienen el objetivo de descentralizar las dependencias del Gobierno<\/p>\n","protected":false},"author":2,"featured_media":79694,"comment_status":"closed","ping_status":"open","sticky":false,"template":"","format":"standard","meta":{"footnotes":""},"categories":[42],"tags":[3920],"class_list":["post-79693","post","type-post","status-publish","format-standard","has-post-thumbnail","hentry","category-inferior3","tag-participo-barroso-en-forma-virtual"],"featured_image_urls":{"full":["https:\/\/infoecos.com.ar\/wp-content\/uploads\/2021\/06\/BARROSO9DEJULIO.jpeg",1280,719,false],"thumbnail":["https:\/\/infoecos.com.ar\/wp-content\/uploads\/2021\/06\/BARROSO9DEJULIO-150x150.jpeg",150,150,true],"medium":["https:\/\/infoecos.com.ar\/wp-content\/uploads\/2021\/06\/BARROSO9DEJULIO-460x258.jpeg",460,258,true],"medium_large":["https:\/\/infoecos.com.ar\/wp-content\/uploads\/2021\/06\/BARROSO9DEJULIO-768x431.jpeg",640,359,true],"large":["https:\/\/infoecos.com.ar\/wp-content\/uploads\/2021\/06\/BARROSO9DEJULIO-920x517.jpeg",640,360,true],"1536x1536":["https:\/\/infoecos.com.ar\/wp-content\/uploads\/2021\/06\/BARROSO9DEJULIO.jpeg",1280,719,false],"2048x2048":["https:\/\/infoecos.com.ar\/wp-content\/uploads\/2021\/06\/BARROSO9DEJULIO.jpeg",1280,719,false],"covernews-slider-full":["https:\/\/infoecos.com.ar\/wp-content\/uploads\/2021\/06\/BARROSO9DEJULIO.jpeg",1115,626,false],"covernews-slider-center":["https:\/\/infoecos.com.ar\/wp-content\/uploads\/2021\/06\/BARROSO9DEJULIO-936x719.jpeg",651,500,true],"covernews-featured":["https:\/\/infoecos.com.ar\/wp-content\/uploads\/2021\/06\/BARROSO9DEJULIO-1024x575.jpeg",1024,575,true],"covernews-medium":["https:\/\/infoecos.com.ar\/wp-content\/uploads\/2021\/06\/BARROSO9DEJULIO-720x380.jpeg",540,285,true],"covernews-medium-square":["https:\/\/infoecos.com.ar\/wp-content\/uploads\/2021\/06\/BARROSO9DEJULIO-675x450.jpeg",375,250,true]},"author_info":{"info":["Jorge Matheus"]},"category_info":"<a href=\"https:\/\/infoecos.com.ar\/index.php\/category\/inferior3\/\" rel=\"category tag\">Bloque inferior - 3<\/a>","tag_info":"Bloque inferior - 3","comment_count":"0","_links":{"self":[{"href":"https:\/\/infoecos.com.ar\/index.php\/wp-json\/wp\/v2\/posts\/79693","targetHints":{"allow":["GET"]}}],"collection":[{"href":"https:\/\/infoecos.com.ar\/index.php\/wp-json\/wp\/v2\/posts"}],"about":[{"href":"https:\/\/infoecos.com.ar\/index.php\/wp-json\/wp\/v2\/types\/post"}],"author":[{"embeddable":true,"href":"https:\/\/infoecos.com.ar\/index.php\/wp-json\/wp\/v2\/users\/2"}],"replies":[{"embeddable":true,"href":"https:\/\/infoecos.com.ar\/index.php\/wp-json\/wp\/v2\/comments?post=79693"}],"version-history":[{"count":2,"href":"https:\/\/infoecos.com.ar\/index.php\/wp-json\/wp\/v2\/posts\/79693\/revisions"}],"predecessor-version":[{"id":79776,"href":"https:\/\/infoecos.com.ar\/index.php\/wp-json\/wp\/v2\/posts\/79693\/revisions\/79776"}],"wp:featuredmedia":[{"embeddable":true,"href":"https:\/\/infoecos.com.ar\/index.php\/wp-json\/wp\/v2\/media\/79694"}],"wp:attachment":[{"href":"https:\/\/infoecos.com.ar\/index.php\/wp-json\/wp\/v2\/media?parent=79693"}],"wp:term":[{"taxonomy":"category","embeddable":true,"href":"https:\/\/infoecos.com.ar\/index.php\/wp-json\/wp\/v2\/categories?post=79693"},{"taxonomy":"post_tag","embeddable":true,"href":"https:\/\/infoecos.com.ar\/index.php\/wp-json\/wp\/v2\/tags?post=79693"}],"curies":[{"name":"wp","href":"https:\/\/api.w.org\/{rel}","templated":true}]}}