{"id":79716,"date":"2021-06-16T17:03:22","date_gmt":"2021-06-16T20:03:22","guid":{"rendered":"http:\/\/infoecos.com.ar\/?p=79716"},"modified":"2021-06-18T01:25:07","modified_gmt":"2021-06-18T04:25:07","slug":"seria-sancionado-en-la-proxima-sesion-del-senado-nacional-el-proyecto-de-zonas-frias-que-reduce-las-tarifas-de-gas","status":"publish","type":"post","link":"https:\/\/infoecos.com.ar\/index.php\/seria-sancionado-en-la-proxima-sesion-del-senado-nacional-el-proyecto-de-zonas-frias-que-reduce-las-tarifas-de-gas\/","title":{"rendered":"Ser\u00eda sancionado en la pr\u00f3xima sesi\u00f3n del Senado Nacional el proyecto de \u00abZonas Fr\u00edas\u00bb que reduce las tarifas de gas"},"content":{"rendered":"\n<p>El proyecto de ley que impulsa una reducci\u00f3n de las tarifas de gas para municipios donde se registran bajas temperaturas recibi\u00f3 este mi\u00e9rcoles dictamen favorable en un plenario de comisiones del Senado y qued\u00f3 en condiciones de ser sancionado en la pr\u00f3xima sesi\u00f3n.<\/p>\n\n\n\n<div class=\"wp-block-image\"><figure class=\"aligncenter size-medium\"><img loading=\"lazy\" decoding=\"async\" width=\"460\" height=\"259\" src=\"http:\/\/infoecos.com.ar\/wp-content\/uploads\/2021\/06\/senadonacionalgas-460x259.jpg\" alt=\"\" class=\"wp-image-79717\" srcset=\"https:\/\/infoecos.com.ar\/wp-content\/uploads\/2021\/06\/senadonacionalgas-460x259.jpg 460w, https:\/\/infoecos.com.ar\/wp-content\/uploads\/2021\/06\/senadonacionalgas-920x518.jpg 920w, https:\/\/infoecos.com.ar\/wp-content\/uploads\/2021\/06\/senadonacionalgas-768x432.jpg 768w, https:\/\/infoecos.com.ar\/wp-content\/uploads\/2021\/06\/senadonacionalgas.jpg 1004w\" sizes=\"(max-width: 460px) 100vw, 460px\" \/><figcaption>Senado Nacional<\/figcaption><\/figure><\/div>\n\n\n\n<p>Durante una videoconferencia, senadores de las comisiones de Miner\u00eda, Energ\u00eda y Combustibles y de Presupuesto y Hacienda de la C\u00e1mara alta coincidieron en la necesidad de dar respaldo al beneficio, ya aprobado por la C\u00e1mara de Diputados por 190 votos positivos.<\/p>\n\n\n\n<p>El presidente del Enargas, Federico Bernal, que expuso en el plenario, subray\u00f3 la importancia de contar con esta ley al entender que se trata de \u00abuna contribuci\u00f3n in\u00e9dita para un servicio p\u00fablico como derecho social que garantiza derecho humanos\u00bb.<\/p>\n\n\n\n<p>Para Bernal, la discusi\u00f3n sobre tarifas otorga \u00abuna inmejorable oportunidad para adentrarse en el debate de fondo que requiere la energ\u00eda y los servicios p\u00fablicos en nuestro pa\u00eds\u00bb.<\/p>\n\n\n\n<p>El funcionario explic\u00f3 que con normas como esta \u00abse equilibran los gastos y Argentina se coloca a la vanguardia mundial en materia de servicios p\u00fablicos\u00bb ante \u00abun hist\u00f3rico reclamo de millones de compatriotas\u00bb.<\/p>\n\n\n\n<div class=\"wp-block-image\"><figure class=\"aligncenter size-medium\"><img loading=\"lazy\" decoding=\"async\" width=\"460\" height=\"259\" src=\"http:\/\/infoecos.com.ar\/wp-content\/uploads\/2021\/06\/Bernalpdteenargas-460x259.jpg\" alt=\"\" class=\"wp-image-79718\" srcset=\"https:\/\/infoecos.com.ar\/wp-content\/uploads\/2021\/06\/Bernalpdteenargas-460x259.jpg 460w, https:\/\/infoecos.com.ar\/wp-content\/uploads\/2021\/06\/Bernalpdteenargas-920x518.jpg 920w, https:\/\/infoecos.com.ar\/wp-content\/uploads\/2021\/06\/Bernalpdteenargas-768x432.jpg 768w, https:\/\/infoecos.com.ar\/wp-content\/uploads\/2021\/06\/Bernalpdteenargas.jpg 1004w\" sizes=\"(max-width: 460px) 100vw, 460px\" \/><figcaption>Federico Bernal &#8211; presidente ENARGAS<\/figcaption><\/figure><\/div>\n\n\n\n<p>El beneficio de la reducci\u00f3n de tarifas alcanzar\u00e1 a \u00abun 28% de la poblaci\u00f3n\u00bb del pa\u00eds, indic\u00f3, y record\u00f3 la cantidad de usuarios y pymes que se desconectaron del servicio durante los a\u00f1os de 2016 y 2019, por la imposibilidad de pago.<\/p>\n\n\n\n<p>\u00abDe cada diez hogares cuatro terminaron endeudados por no poder pagar la tarifa\u00bb, asegur\u00f3.<\/p>\n\n\n\n<p>En el encuentro, el presidente del bloque del Frente de Todos, Jos\u00e9 Mayans, consider\u00f3 que el proyecto tiene que ver \u00abcon una visi\u00f3n estrat\u00e9gica del pa\u00eds\u00bb y mencion\u00f3 el d\u00e9ficit energ\u00e9tico con el que el gobierno de Nestor Kirchner asumi\u00f3 el Gobierno.<\/p>\n\n\n\n<p>Desde la oposici\u00f3n, el senador de Juntos por el Cambio, V\u00edctor Zimmernan reclam\u00f3 beneficios similares con la tarifa el\u00e9ctrica para las provincias del norte afectadas por las temperaturas extremas durante los meses de verano y su par Pamela Verasay pidi\u00f3 recordar el origen de \u00ablos problemas de autoabastecimiento energ\u00e9tico\u00bb en el pa\u00eds y precisar c\u00f3mo se financiar\u00e1n los subsidios.<\/p>\n\n\n\n<p>El proyecto modifica un art\u00edculo de la Ley de Presupuesto 2021 para beneficiar a m\u00e1s de tres millones de habitantes de municipios de las provincias de Buenos Aires, Santa Fe, C\u00f3rdoba, Mendoza, San Juan, San Luis y Salta en los que se registran bajas temperaturas.<\/p>\n\n\n\n<p>Los residentes de esas zonas tendr\u00e1n una disminuci\u00f3n de entre el 30% y el 50% en las facturas de gas, de acuerdo a la situaci\u00f3n econ\u00f3mica de cada sector, seg\u00fan uno de los art\u00edculos de la iniciativa.<\/p>\n\n\n\n<p>La norma reduce en alrededor del 50 por ciento las tarifas a los beneficiarios de la Asignaci\u00f3n Universal por Hijo (AUH) y la Asignaci\u00f3n por Embarazo, de pensiones no contributivas y jubilados -hasta 4 salarios m\u00ednimos-, del monotributo social, usuarios que perciben seguro de desempleo y empleados de casas particulares.<\/p>\n\n\n\n<p>Tambi\u00e9n podr\u00e1n tener este beneficio quienes est\u00e9n exentos en el pago de ABL o tributos locales de igual naturaleza o los que tengan una pensi\u00f3n vitalicia como veteranos de Guerra del Atl\u00e1ntico Sur.<\/p>\n\n\n\n<div class=\"wp-block-image\"><figure class=\"aligncenter size-medium\"><img decoding=\"async\" src=\"http:\/\/infoecos.com.ar\/wp-content\/uploads\/1475066332_168175_1475068250_noticia_normal-460x237.jpg\" alt=\"\" class=\"wp-image-43890\"\/><figcaption>Gas natural domiciliario<\/figcaption><\/figure><\/div>\n\n\n\n<p>Respecto del resto de los usuarios residenciales, la tarifa diferencial implicar\u00e1 una disminuci\u00f3n del 30% de la factura de gas correspondiente.<\/p>\n\n\n\n<p>El proyecto prorroga por 10 a\u00f1os el Fondo Fiduciario de Consumos Residenciales de Gas (art\u00edculo 75, Ley 25.565) y aumenta la cantidad de departamentos y localidades de todo el pa\u00eds de temperaturas bajas comprendidos en este beneficio.<\/p>\n\n\n\n<p>La iniciativa comprende a los siguientes municipios de la provincia de Buenos Aires: Partido de La Costa, Pinamar, Villa Gesell, Dolores, Castelli, Maip\u00fa, Tordillo, Mar Chiquita, General Pueyrred\u00f3n, General Alvarado, Lober\u00eda, Necochea, Tres Arroyos, San Cayetano, Coronel Dorrego, General Madariaga, General Lavalle, Monte Hermoso, Coronel Rosales, Bah\u00eda Blanca, Villarino, Patagones, Tandil, Olavarr\u00eda, Azul, General La Madrid,&nbsp;<strong>Coronel Su\u00e1rez, Saavedra<\/strong>,&nbsp;<strong>Tornquist<\/strong>, Coronel Pringles, Laprida, Benito Ju\u00e1rez, Gonz\u00e1les Ch\u00e1ves, Ayacucho, Rauch,&nbsp;<strong>Pellegrini<\/strong>,&nbsp;<strong>Salliquel\u00f3<\/strong>,&nbsp;<strong>Guamin\u00ed<\/strong>,&nbsp;<strong>Tres Lomas<\/strong>,&nbsp;<strong>Daireaux<\/strong>, Balcarce,&nbsp;<strong>Puan<\/strong>,&nbsp;<strong>Adolfo Alsina<\/strong>, Tapalqu\u00e9, General Guido,&nbsp;<strong>Bol\u00edvar<\/strong>,&nbsp;<strong>Trenque Lauquen<\/strong>&nbsp;y<strong>&nbsp;Pehuaj\u00f3<\/strong>.<\/p>\n","protected":false},"excerpt":{"rendered":"<p>Durante una videoconferencia, senadores de las comisiones de Miner\u00eda, Energ\u00eda y Combustibles y de Presupuesto y Hacienda de la C\u00e1mara alta coincidieron en la necesidad de dar respaldo al beneficio, ya aprobado por la C\u00e1mara de Diputados por 190 votos positivos<\/p>\n","protected":false},"author":2,"featured_media":79717,"comment_status":"closed","ping_status":"open","sticky":false,"template":"","format":"standard","meta":{"footnotes":""},"categories":[1326],"tags":[3924],"class_list":["post-79716","post","type-post","status-publish","format-standard","has-post-thumbnail","hentry","category-c2nota6","tag-dictamen-favorable-en-la-camara-alta"],"yoast_head":"<!-- This site is optimized with the Yoast SEO plugin v23.4 - https:\/\/yoast.com\/wordpress\/plugins\/seo\/ -->\n<title>Ser\u00eda sancionado en la pr\u00f3xima sesi\u00f3n del Senado Nacional el proyecto de &quot;Zonas Fr\u00edas&quot; que reduce las tarifas de gas - Infoecos<\/title>\n<meta name=\"robots\" content=\"index, follow, max-snippet:-1, max-image-preview:large, max-video-preview:-1\" \/>\n<link rel=\"canonical\" href=\"https:\/\/infoecos.com.ar\/index.php\/seria-sancionado-en-la-proxima-sesion-del-senado-nacional-el-proyecto-de-zonas-frias-que-reduce-las-tarifas-de-gas\/\" \/>\n<meta property=\"og:locale\" content=\"es_ES\" \/>\n<meta property=\"og:type\" content=\"article\" \/>\n<meta property=\"og:title\" content=\"Ser\u00eda sancionado en la pr\u00f3xima sesi\u00f3n del Senado Nacional el proyecto de &quot;Zonas Fr\u00edas&quot; que reduce las tarifas de gas - Infoecos\" \/>\n<meta property=\"og:description\" content=\"Durante una videoconferencia, senadores de las comisiones de Miner\u00eda, Energ\u00eda y Combustibles y de Presupuesto y Hacienda de la C\u00e1mara alta coincidieron en la necesidad de dar respaldo al beneficio, ya aprobado por la C\u00e1mara de Diputados por 190 votos positivos\" \/>\n<meta property=\"og:url\" content=\"https:\/\/infoecos.com.ar\/index.php\/seria-sancionado-en-la-proxima-sesion-del-senado-nacional-el-proyecto-de-zonas-frias-que-reduce-las-tarifas-de-gas\/\" \/>\n<meta property=\"og:site_name\" content=\"Infoecos\" \/>\n<meta property=\"article:publisher\" content=\"https:\/\/www.facebook.com\/profile.php?id=100063200290284\" \/>\n<meta property=\"article:published_time\" content=\"2021-06-16T20:03:22+00:00\" \/>\n<meta property=\"article:modified_time\" content=\"2021-06-18T04:25:07+00:00\" \/>\n<meta property=\"og:image\" content=\"https:\/\/infoecos.com.ar\/wp-content\/uploads\/2021\/06\/senadonacionalgas.jpg\" \/>\n\t<meta property=\"og:image:width\" content=\"1004\" \/>\n\t<meta property=\"og:image:height\" content=\"565\" \/>\n\t<meta property=\"og:image:type\" content=\"image\/jpeg\" \/>\n<meta name=\"author\" content=\"Jorge Matheus\" \/>\n<meta name=\"twitter:card\" content=\"summary_large_image\" \/>\n<meta name=\"twitter:creator\" content=\"@infoecos\" \/>\n<meta name=\"twitter:site\" content=\"@infoecos\" \/>\n<meta name=\"twitter:label1\" content=\"Escrito por\" \/>\n\t<meta name=\"twitter:data1\" content=\"Jorge Matheus\" \/>\n\t<meta name=\"twitter:label2\" content=\"Tiempo de lectura\" \/>\n\t<meta name=\"twitter:data2\" content=\"4 minutos\" \/>\n<script type=\"application\/ld+json\" class=\"yoast-schema-graph\">{\"@context\":\"https:\/\/schema.org\",\"@graph\":[{\"@type\":\"Article\",\"@id\":\"https:\/\/infoecos.com.ar\/index.php\/seria-sancionado-en-la-proxima-sesion-del-senado-nacional-el-proyecto-de-zonas-frias-que-reduce-las-tarifas-de-gas\/#article\",\"isPartOf\":{\"@id\":\"https:\/\/infoecos.com.ar\/index.php\/seria-sancionado-en-la-proxima-sesion-del-senado-nacional-el-proyecto-de-zonas-frias-que-reduce-las-tarifas-de-gas\/\"},\"author\":{\"name\":\"Jorge Matheus\",\"@id\":\"https:\/\/infoecos.com.ar\/#\/schema\/person\/8f5ace5ce73b4b4aac4b7245aee6f191\"},\"headline\":\"Ser\u00eda sancionado en la pr\u00f3xima sesi\u00f3n del Senado Nacional el proyecto de \u00abZonas Fr\u00edas\u00bb que reduce las tarifas de gas\",\"datePublished\":\"2021-06-16T20:03:22+00:00\",\"dateModified\":\"2021-06-18T04:25:07+00:00\",\"mainEntityOfPage\":{\"@id\":\"https:\/\/infoecos.com.ar\/index.php\/seria-sancionado-en-la-proxima-sesion-del-senado-nacional-el-proyecto-de-zonas-frias-que-reduce-las-tarifas-de-gas\/\"},\"wordCount\":748,\"publisher\":{\"@id\":\"https:\/\/infoecos.com.ar\/#organization\"},\"image\":{\"@id\":\"https:\/\/infoecos.com.ar\/index.php\/seria-sancionado-en-la-proxima-sesion-del-senado-nacional-el-proyecto-de-zonas-frias-que-reduce-las-tarifas-de-gas\/#primaryimage\"},\"thumbnailUrl\":\"https:\/\/infoecos.com.ar\/wp-content\/uploads\/2021\/06\/senadonacionalgas.jpg\",\"keywords\":[\"DICT\u00c1MEN FAVORABLE EN LA C\u00c1MARA ALTA\"],\"articleSection\":[\"C2 N6\"],\"inLanguage\":\"es\"},{\"@type\":\"WebPage\",\"@id\":\"https:\/\/infoecos.com.ar\/index.php\/seria-sancionado-en-la-proxima-sesion-del-senado-nacional-el-proyecto-de-zonas-frias-que-reduce-las-tarifas-de-gas\/\",\"url\":\"https:\/\/infoecos.com.ar\/index.php\/seria-sancionado-en-la-proxima-sesion-del-senado-nacional-el-proyecto-de-zonas-frias-que-reduce-las-tarifas-de-gas\/\",\"name\":\"Ser\u00eda sancionado en la pr\u00f3xima sesi\u00f3n del Senado Nacional el proyecto de \\\"Zonas Fr\u00edas\\\" que reduce las tarifas de gas - Infoecos\",\"isPartOf\":{\"@id\":\"https:\/\/infoecos.com.ar\/#website\"},\"primaryImageOfPage\":{\"@id\":\"https:\/\/infoecos.com.ar\/index.php\/seria-sancionado-en-la-proxima-sesion-del-senado-nacional-el-proyecto-de-zonas-frias-que-reduce-las-tarifas-de-gas\/#primaryimage\"},\"image\":{\"@id\":\"https:\/\/infoecos.com.ar\/index.php\/seria-sancionado-en-la-proxima-sesion-del-senado-nacional-el-proyecto-de-zonas-frias-que-reduce-las-tarifas-de-gas\/#primaryimage\"},\"thumbnailUrl\":\"https:\/\/infoecos.com.ar\/wp-content\/uploads\/2021\/06\/senadonacionalgas.jpg\",\"datePublished\":\"2021-06-16T20:03:22+00:00\",\"dateModified\":\"2021-06-18T04:25:07+00:00\",\"breadcrumb\":{\"@id\":\"https:\/\/infoecos.com.ar\/index.php\/seria-sancionado-en-la-proxima-sesion-del-senado-nacional-el-proyecto-de-zonas-frias-que-reduce-las-tarifas-de-gas\/#breadcrumb\"},\"inLanguage\":\"es\",\"potentialAction\":[{\"@type\":\"ReadAction\",\"target\":[\"https:\/\/infoecos.com.ar\/index.php\/seria-sancionado-en-la-proxima-sesion-del-senado-nacional-el-proyecto-de-zonas-frias-que-reduce-las-tarifas-de-gas\/\"]}]},{\"@type\":\"ImageObject\",\"inLanguage\":\"es\",\"@id\":\"https:\/\/infoecos.com.ar\/index.php\/seria-sancionado-en-la-proxima-sesion-del-senado-nacional-el-proyecto-de-zonas-frias-que-reduce-las-tarifas-de-gas\/#primaryimage\",\"url\":\"https:\/\/infoecos.com.ar\/wp-content\/uploads\/2021\/06\/senadonacionalgas.jpg\",\"contentUrl\":\"https:\/\/infoecos.com.ar\/wp-content\/uploads\/2021\/06\/senadonacionalgas.jpg\",\"width\":1004,\"height\":565},{\"@type\":\"BreadcrumbList\",\"@id\":\"https:\/\/infoecos.com.ar\/index.php\/seria-sancionado-en-la-proxima-sesion-del-senado-nacional-el-proyecto-de-zonas-frias-que-reduce-las-tarifas-de-gas\/#breadcrumb\",\"itemListElement\":[{\"@type\":\"ListItem\",\"position\":1,\"name\":\"Portada\",\"item\":\"https:\/\/infoecos.com.ar\/\"},{\"@type\":\"ListItem\",\"position\":2,\"name\":\"Ser\u00eda sancionado en la pr\u00f3xima sesi\u00f3n del Senado Nacional el proyecto de \u00abZonas Fr\u00edas\u00bb que reduce las tarifas de gas\"}]},{\"@type\":\"WebSite\",\"@id\":\"https:\/\/infoecos.com.ar\/#website\",\"url\":\"https:\/\/infoecos.com.ar\/\",\"name\":\"Infoecos\",\"description\":\"Noticias de trenque lauquen y la zona\",\"publisher\":{\"@id\":\"https:\/\/infoecos.com.ar\/#organization\"},\"alternateName\":\"Noticias\",\"potentialAction\":[{\"@type\":\"SearchAction\",\"target\":{\"@type\":\"EntryPoint\",\"urlTemplate\":\"https:\/\/infoecos.com.ar\/?s={search_term_string}\"},\"query-input\":{\"@type\":\"PropertyValueSpecification\",\"valueRequired\":true,\"valueName\":\"search_term_string\"}}],\"inLanguage\":\"es\"},{\"@type\":\"Organization\",\"@id\":\"https:\/\/infoecos.com.ar\/#organization\",\"name\":\"Infoecos\",\"alternateName\":\"Noticias\",\"url\":\"https:\/\/infoecos.com.ar\/\",\"logo\":{\"@type\":\"ImageObject\",\"inLanguage\":\"es\",\"@id\":\"https:\/\/infoecos.com.ar\/#\/schema\/logo\/image\/\",\"url\":\"https:\/\/infoecos.com.ar\/wp-content\/uploads\/2024\/03\/cropped-logo.png\",\"contentUrl\":\"https:\/\/infoecos.com.ar\/wp-content\/uploads\/2024\/03\/cropped-logo.png\",\"width\":374,\"height\":90,\"caption\":\"Infoecos\"},\"image\":{\"@id\":\"https:\/\/infoecos.com.ar\/#\/schema\/logo\/image\/\"},\"sameAs\":[\"https:\/\/www.facebook.com\/profile.php?id=100063200290284\",\"https:\/\/x.com\/infoecos\"]},{\"@type\":\"Person\",\"@id\":\"https:\/\/infoecos.com.ar\/#\/schema\/person\/8f5ace5ce73b4b4aac4b7245aee6f191\",\"name\":\"Jorge Matheus\",\"url\":\"https:\/\/infoecos.com.ar\/index.php\/author\/jomatheus\/\"}]}<\/script>\n<!-- \/ Yoast SEO plugin. -->","yoast_head_json":{"title":"Ser\u00eda sancionado en la pr\u00f3xima sesi\u00f3n del Senado Nacional el proyecto de \"Zonas Fr\u00edas\" que reduce las tarifas de gas - Infoecos","robots":{"index":"index","follow":"follow","max-snippet":"max-snippet:-1","max-image-preview":"max-image-preview:large","max-video-preview":"max-video-preview:-1"},"canonical":"https:\/\/infoecos.com.ar\/index.php\/seria-sancionado-en-la-proxima-sesion-del-senado-nacional-el-proyecto-de-zonas-frias-que-reduce-las-tarifas-de-gas\/","og_locale":"es_ES","og_type":"article","og_title":"Ser\u00eda sancionado en la pr\u00f3xima sesi\u00f3n del Senado Nacional el proyecto de \"Zonas Fr\u00edas\" que reduce las tarifas de gas - Infoecos","og_description":"Durante una videoconferencia, senadores de las comisiones de Miner\u00eda, Energ\u00eda y Combustibles y de Presupuesto y Hacienda de la C\u00e1mara alta coincidieron en la necesidad de dar respaldo al beneficio, ya aprobado por la C\u00e1mara de Diputados por 190 votos positivos","og_url":"https:\/\/infoecos.com.ar\/index.php\/seria-sancionado-en-la-proxima-sesion-del-senado-nacional-el-proyecto-de-zonas-frias-que-reduce-las-tarifas-de-gas\/","og_site_name":"Infoecos","article_publisher":"https:\/\/www.facebook.com\/profile.php?id=100063200290284","article_published_time":"2021-06-16T20:03:22+00:00","article_modified_time":"2021-06-18T04:25:07+00:00","og_image":[{"width":1004,"height":565,"url":"https:\/\/infoecos.com.ar\/wp-content\/uploads\/2021\/06\/senadonacionalgas.jpg","type":"image\/jpeg"}],"author":"Jorge Matheus","twitter_card":"summary_large_image","twitter_creator":"@infoecos","twitter_site":"@infoecos","twitter_misc":{"Escrito por":"Jorge Matheus","Tiempo de lectura":"4 minutos"},"schema":{"@context":"https:\/\/schema.org","@graph":[{"@type":"Article","@id":"https:\/\/infoecos.com.ar\/index.php\/seria-sancionado-en-la-proxima-sesion-del-senado-nacional-el-proyecto-de-zonas-frias-que-reduce-las-tarifas-de-gas\/#article","isPartOf":{"@id":"https:\/\/infoecos.com.ar\/index.php\/seria-sancionado-en-la-proxima-sesion-del-senado-nacional-el-proyecto-de-zonas-frias-que-reduce-las-tarifas-de-gas\/"},"author":{"name":"Jorge Matheus","@id":"https:\/\/infoecos.com.ar\/#\/schema\/person\/8f5ace5ce73b4b4aac4b7245aee6f191"},"headline":"Ser\u00eda sancionado en la pr\u00f3xima sesi\u00f3n del Senado Nacional el proyecto de \u00abZonas Fr\u00edas\u00bb que reduce las tarifas de gas","datePublished":"2021-06-16T20:03:22+00:00","dateModified":"2021-06-18T04:25:07+00:00","mainEntityOfPage":{"@id":"https:\/\/infoecos.com.ar\/index.php\/seria-sancionado-en-la-proxima-sesion-del-senado-nacional-el-proyecto-de-zonas-frias-que-reduce-las-tarifas-de-gas\/"},"wordCount":748,"publisher":{"@id":"https:\/\/infoecos.com.ar\/#organization"},"image":{"@id":"https:\/\/infoecos.com.ar\/index.php\/seria-sancionado-en-la-proxima-sesion-del-senado-nacional-el-proyecto-de-zonas-frias-que-reduce-las-tarifas-de-gas\/#primaryimage"},"thumbnailUrl":"https:\/\/infoecos.com.ar\/wp-content\/uploads\/2021\/06\/senadonacionalgas.jpg","keywords":["DICT\u00c1MEN FAVORABLE EN LA C\u00c1MARA ALTA"],"articleSection":["C2 N6"],"inLanguage":"es"},{"@type":"WebPage","@id":"https:\/\/infoecos.com.ar\/index.php\/seria-sancionado-en-la-proxima-sesion-del-senado-nacional-el-proyecto-de-zonas-frias-que-reduce-las-tarifas-de-gas\/","url":"https:\/\/infoecos.com.ar\/index.php\/seria-sancionado-en-la-proxima-sesion-del-senado-nacional-el-proyecto-de-zonas-frias-que-reduce-las-tarifas-de-gas\/","name":"Ser\u00eda sancionado en la pr\u00f3xima sesi\u00f3n del Senado Nacional el proyecto de \"Zonas Fr\u00edas\" que reduce las tarifas de gas - Infoecos","isPartOf":{"@id":"https:\/\/infoecos.com.ar\/#website"},"primaryImageOfPage":{"@id":"https:\/\/infoecos.com.ar\/index.php\/seria-sancionado-en-la-proxima-sesion-del-senado-nacional-el-proyecto-de-zonas-frias-que-reduce-las-tarifas-de-gas\/#primaryimage"},"image":{"@id":"https:\/\/infoecos.com.ar\/index.php\/seria-sancionado-en-la-proxima-sesion-del-senado-nacional-el-proyecto-de-zonas-frias-que-reduce-las-tarifas-de-gas\/#primaryimage"},"thumbnailUrl":"https:\/\/infoecos.com.ar\/wp-content\/uploads\/2021\/06\/senadonacionalgas.jpg","datePublished":"2021-06-16T20:03:22+00:00","dateModified":"2021-06-18T04:25:07+00:00","breadcrumb":{"@id":"https:\/\/infoecos.com.ar\/index.php\/seria-sancionado-en-la-proxima-sesion-del-senado-nacional-el-proyecto-de-zonas-frias-que-reduce-las-tarifas-de-gas\/#breadcrumb"},"inLanguage":"es","potentialAction":[{"@type":"ReadAction","target":["https:\/\/infoecos.com.ar\/index.php\/seria-sancionado-en-la-proxima-sesion-del-senado-nacional-el-proyecto-de-zonas-frias-que-reduce-las-tarifas-de-gas\/"]}]},{"@type":"ImageObject","inLanguage":"es","@id":"https:\/\/infoecos.com.ar\/index.php\/seria-sancionado-en-la-proxima-sesion-del-senado-nacional-el-proyecto-de-zonas-frias-que-reduce-las-tarifas-de-gas\/#primaryimage","url":"https:\/\/infoecos.com.ar\/wp-content\/uploads\/2021\/06\/senadonacionalgas.jpg","contentUrl":"https:\/\/infoecos.com.ar\/wp-content\/uploads\/2021\/06\/senadonacionalgas.jpg","width":1004,"height":565},{"@type":"BreadcrumbList","@id":"https:\/\/infoecos.com.ar\/index.php\/seria-sancionado-en-la-proxima-sesion-del-senado-nacional-el-proyecto-de-zonas-frias-que-reduce-las-tarifas-de-gas\/#breadcrumb","itemListElement":[{"@type":"ListItem","position":1,"name":"Portada","item":"https:\/\/infoecos.com.ar\/"},{"@type":"ListItem","position":2,"name":"Ser\u00eda sancionado en la pr\u00f3xima sesi\u00f3n del Senado Nacional el proyecto de \u00abZonas Fr\u00edas\u00bb que reduce las tarifas de gas"}]},{"@type":"WebSite","@id":"https:\/\/infoecos.com.ar\/#website","url":"https:\/\/infoecos.com.ar\/","name":"Infoecos","description":"Noticias de trenque lauquen y la zona","publisher":{"@id":"https:\/\/infoecos.com.ar\/#organization"},"alternateName":"Noticias","potentialAction":[{"@type":"SearchAction","target":{"@type":"EntryPoint","urlTemplate":"https:\/\/infoecos.com.ar\/?s={search_term_string}"},"query-input":{"@type":"PropertyValueSpecification","valueRequired":true,"valueName":"search_term_string"}}],"inLanguage":"es"},{"@type":"Organization","@id":"https:\/\/infoecos.com.ar\/#organization","name":"Infoecos","alternateName":"Noticias","url":"https:\/\/infoecos.com.ar\/","logo":{"@type":"ImageObject","inLanguage":"es","@id":"https:\/\/infoecos.com.ar\/#\/schema\/logo\/image\/","url":"https:\/\/infoecos.com.ar\/wp-content\/uploads\/2024\/03\/cropped-logo.png","contentUrl":"https:\/\/infoecos.com.ar\/wp-content\/uploads\/2024\/03\/cropped-logo.png","width":374,"height":90,"caption":"Infoecos"},"image":{"@id":"https:\/\/infoecos.com.ar\/#\/schema\/logo\/image\/"},"sameAs":["https:\/\/www.facebook.com\/profile.php?id=100063200290284","https:\/\/x.com\/infoecos"]},{"@type":"Person","@id":"https:\/\/infoecos.com.ar\/#\/schema\/person\/8f5ace5ce73b4b4aac4b7245aee6f191","name":"Jorge Matheus","url":"https:\/\/infoecos.com.ar\/index.php\/author\/jomatheus\/"}]}},"featured_image_urls":{"full":["https:\/\/infoecos.com.ar\/wp-content\/uploads\/2021\/06\/senadonacionalgas.jpg",1004,565,false],"thumbnail":["https:\/\/infoecos.com.ar\/wp-content\/uploads\/2021\/06\/senadonacionalgas-150x150.jpg",150,150,true],"medium":["https:\/\/infoecos.com.ar\/wp-content\/uploads\/2021\/06\/senadonacionalgas-460x259.jpg",460,259,true],"medium_large":["https:\/\/infoecos.com.ar\/wp-content\/uploads\/2021\/06\/senadonacionalgas-768x432.jpg",640,360,true],"large":["https:\/\/infoecos.com.ar\/wp-content\/uploads\/2021\/06\/senadonacionalgas-920x518.jpg",640,360,true],"1536x1536":["https:\/\/infoecos.com.ar\/wp-content\/uploads\/2021\/06\/senadonacionalgas.jpg",1004,565,false],"2048x2048":["https:\/\/infoecos.com.ar\/wp-content\/uploads\/2021\/06\/senadonacionalgas.jpg",1004,565,false],"covernews-slider-full":["https:\/\/infoecos.com.ar\/wp-content\/uploads\/2021\/06\/senadonacionalgas.jpg",1004,565,false],"covernews-slider-center":["https:\/\/infoecos.com.ar\/wp-content\/uploads\/2021\/06\/senadonacionalgas-936x565.jpg",800,483,true],"covernews-featured":["https:\/\/infoecos.com.ar\/wp-content\/uploads\/2021\/06\/senadonacionalgas.jpg",1004,565,false],"covernews-medium":["https:\/\/infoecos.com.ar\/wp-content\/uploads\/2021\/06\/senadonacionalgas-720x380.jpg",540,285,true],"covernews-medium-square":["https:\/\/infoecos.com.ar\/wp-content\/uploads\/2021\/06\/senadonacionalgas-675x450.jpg",375,250,true]},"author_info":{"info":["Jorge Matheus"]},"category_info":"<a href=\"https:\/\/infoecos.com.ar\/index.php\/category\/c2nota6\/\" rel=\"category tag\">C2 N6<\/a>","tag_info":"C2 N6","comment_count":"0","_links":{"self":[{"href":"https:\/\/infoecos.com.ar\/index.php\/wp-json\/wp\/v2\/posts\/79716"}],"collection":[{"href":"https:\/\/infoecos.com.ar\/index.php\/wp-json\/wp\/v2\/posts"}],"about":[{"href":"https:\/\/infoecos.com.ar\/index.php\/wp-json\/wp\/v2\/types\/post"}],"author":[{"embeddable":true,"href":"https:\/\/infoecos.com.ar\/index.php\/wp-json\/wp\/v2\/users\/2"}],"replies":[{"embeddable":true,"href":"https:\/\/infoecos.com.ar\/index.php\/wp-json\/wp\/v2\/comments?post=79716"}],"version-history":[{"count":2,"href":"https:\/\/infoecos.com.ar\/index.php\/wp-json\/wp\/v2\/posts\/79716\/revisions"}],"predecessor-version":[{"id":79831,"href":"https:\/\/infoecos.com.ar\/index.php\/wp-json\/wp\/v2\/posts\/79716\/revisions\/79831"}],"wp:featuredmedia":[{"embeddable":true,"href":"https:\/\/infoecos.com.ar\/index.php\/wp-json\/wp\/v2\/media\/79717"}],"wp:attachment":[{"href":"https:\/\/infoecos.com.ar\/index.php\/wp-json\/wp\/v2\/media?parent=79716"}],"wp:term":[{"taxonomy":"category","embeddable":true,"href":"https:\/\/infoecos.com.ar\/index.php\/wp-json\/wp\/v2\/categories?post=79716"},{"taxonomy":"post_tag","embeddable":true,"href":"https:\/\/infoecos.com.ar\/index.php\/wp-json\/wp\/v2\/tags?post=79716"}],"curies":[{"name":"wp","href":"https:\/\/api.w.org\/{rel}","templated":true}]}}