{"id":79720,"date":"2021-06-16T17:10:02","date_gmt":"2021-06-16T20:10:02","guid":{"rendered":"http:\/\/infoecos.com.ar\/?p=79720"},"modified":"2021-06-16T17:11:01","modified_gmt":"2021-06-16T20:11:01","slug":"trasladaron-a-junin-donde-permanece-internado-al-intendente-de-lincoln-salvador-serenal","status":"publish","type":"post","link":"https:\/\/infoecos.com.ar\/index.php\/trasladaron-a-junin-donde-permanece-internado-al-intendente-de-lincoln-salvador-serenal\/","title":{"rendered":"Trasladaron a Jun\u00edn, donde permanece internado, al intendente de Lincoln, Salvador Serenal"},"content":{"rendered":"\n<p class=\"wp-block-paragraph\">El intendente de Lincoln, Salvador&nbsp;Serenal,&nbsp;fue trasladado a Jun\u00edn, donde permanece internado&nbsp;tras presentar complicaciones en su cuadro de Covid-19.&nbsp;Hace&nbsp;unos&nbsp;10 d\u00edas hab\u00eda sido diagnosticado&nbsp;positivo de coronavirus&nbsp;y&nbsp;cursaba la enfermedad&nbsp;con tratamiento en su domicilio. \u201cPara atenci\u00f3n de eventuales complicaciones, siendo&nbsp;que por sus antecedentes es paciente de riesgo y por&nbsp;voluntad de su familia,&nbsp;se decidi\u00f3 internarlo en Jun\u00edn\u201d, indic\u00f3 el secretario de Salud del municipio, Sergio Lorenzo.&nbsp;&nbsp;<\/p>\n\n\n\n<div class=\"wp-block-image\"><figure class=\"aligncenter size-medium\"><img loading=\"lazy\" decoding=\"async\" width=\"460\" height=\"307\" src=\"http:\/\/infoecos.com.ar\/wp-content\/uploads\/2020\/10\/Conferencia-7-de-oct-460x307.jpeg\" alt=\"\" class=\"wp-image-69224\" srcset=\"https:\/\/infoecos.com.ar\/wp-content\/uploads\/2020\/10\/Conferencia-7-de-oct-460x307.jpeg 460w, https:\/\/infoecos.com.ar\/wp-content\/uploads\/2020\/10\/Conferencia-7-de-oct-920x613.jpeg 920w, https:\/\/infoecos.com.ar\/wp-content\/uploads\/2020\/10\/Conferencia-7-de-oct-768x512.jpeg 768w, https:\/\/infoecos.com.ar\/wp-content\/uploads\/2020\/10\/Conferencia-7-de-oct-1024x682.jpeg 1024w, https:\/\/infoecos.com.ar\/wp-content\/uploads\/2020\/10\/Conferencia-7-de-oct-675x450.jpeg 675w, https:\/\/infoecos.com.ar\/wp-content\/uploads\/2020\/10\/Conferencia-7-de-oct.jpeg 1280w\" sizes=\"auto, (max-width: 460px) 100vw, 460px\" \/><\/figure><\/div>\n\n\n\n<p class=\"wp-block-paragraph\">Al momento el intendente&nbsp;Serenal&nbsp;permanece internado en el&nbsp;sanatario&nbsp;\u201cLa Peque\u00f1a Familia\u201d de Jun\u00edn. Pese a que la voluntad del mandatario era internarse en el Hospital Municipal y continuar siendo atendido por el personal de Salud de Lincoln, por pedido expreso de sus familiares m\u00e1s allegados accedi\u00f3 a internarse en Jun\u00edn.&nbsp;&nbsp;<\/p>\n\n\n\n<p class=\"wp-block-paragraph\">Seg\u00fan expuso en el \u00faltimo parte m\u00e9dico el Dr. Lorenzo,&nbsp;\u201ca&nbsp;\u00faltima&nbsp;hora de ayer (por el martes) el intendente present\u00f3 la necesidad de&nbsp;mayor demanda de ox\u00edgeno, acompa\u00f1ado por un s\u00edndrome metab\u00f3lico, lo que motiv\u00f3 su internaci\u00f3n\u201d.&nbsp;&nbsp;<\/p>\n\n\n\n<p class=\"wp-block-paragraph\">Cabe recordar que Salvador&nbsp;Serenal&nbsp;se encuentra cursando&nbsp;el&nbsp;d\u00eda 11 de esta enfermedad y presenta&nbsp;algunos factores de riesgos que predispondr\u00edan a complicaciones para un cuadro de Covid-19. Luego de los ex\u00e1menes m\u00e9dicos realizados, su evoluci\u00f3n progres\u00f3 hacia un cuadro moderado y considerando los factores de riesgos con que cuenta el paciente,&nbsp;se resolvi\u00f3&nbsp;con&nbsp;su familia la&nbsp;internaci\u00f3n en un centro de mayor complejidad.&nbsp;<\/p>\n\n\n\n<div class=\"wp-block-image\"><figure class=\"aligncenter size-medium\"><img loading=\"lazy\" decoding=\"async\" width=\"442\" height=\"460\" src=\"http:\/\/infoecos.com.ar\/wp-content\/uploads\/2021\/06\/Intendente-Salvador-Serenal-442x460.jpeg\" alt=\"\" class=\"wp-image-79721\" srcset=\"https:\/\/infoecos.com.ar\/wp-content\/uploads\/2021\/06\/Intendente-Salvador-Serenal-442x460.jpeg 442w, https:\/\/infoecos.com.ar\/wp-content\/uploads\/2021\/06\/Intendente-Salvador-Serenal.jpeg 706w\" sizes=\"auto, (max-width: 442px) 100vw, 442px\" \/><\/figure><\/div>\n\n\n\n<p class=\"wp-block-paragraph\">El intendente&nbsp;Serenal&nbsp;\u201cse encuentra estable dentro de un cuadro moderado en la etapa aguda de la enfermedad\u201d, puntualiz\u00f3 Lorenzo.&nbsp;\u201cLuego de los \u00faltimos estudios realizados,&nbsp;se diagnostic\u00f3&nbsp;neumon\u00eda bilateral, acompa\u00f1ado de una&nbsp;descompensaci\u00f3n de su sistema metab\u00f3lico que acompa\u00f1a a sus antecedentes\u201d, indic\u00f3 el funcionario de Salud.&nbsp;&nbsp;<\/p>\n\n\n\n<p class=\"wp-block-paragraph\">Actualmente,&nbsp;Serenal&nbsp;permanece&nbsp;internado&nbsp;en&nbsp;el&nbsp;sector de cuidados para pacientes&nbsp;con Covid-19, con m\u00e1scara de reservorio y buena mec\u00e1nica respiratoria,&nbsp;satisfactoria para el cuadro en curso.<\/p>\n","protected":false},"excerpt":{"rendered":"<p>Hace unos 10 d\u00edas hab\u00eda sido diagnosticado positivo de coronavirus y cursaba la enfermedad con tratamiento en su domicilio<\/p>\n","protected":false},"author":2,"featured_media":69224,"comment_status":"closed","ping_status":"open","sticky":false,"template":"","format":"standard","meta":{"footnotes":""},"categories":[1613],"tags":[3925],"class_list":["post-79720","post","type-post","status-publish","format-standard","has-post-thumbnail","hentry","category-noticia-secundaria","tag-padece-coronavirus"],"featured_image_urls":{"full":["https:\/\/infoecos.com.ar\/wp-content\/uploads\/2020\/10\/Conferencia-7-de-oct.jpeg",1280,853,false],"thumbnail":["https:\/\/infoecos.com.ar\/wp-content\/uploads\/2020\/10\/Conferencia-7-de-oct-150x150.jpeg",150,150,true],"medium":["https:\/\/infoecos.com.ar\/wp-content\/uploads\/2020\/10\/Conferencia-7-de-oct-460x307.jpeg",460,307,true],"medium_large":["https:\/\/infoecos.com.ar\/wp-content\/uploads\/2020\/10\/Conferencia-7-de-oct-768x512.jpeg",640,427,true],"large":["https:\/\/infoecos.com.ar\/wp-content\/uploads\/2020\/10\/Conferencia-7-de-oct-920x613.jpeg",640,426,true],"1536x1536":["https:\/\/infoecos.com.ar\/wp-content\/uploads\/2020\/10\/Conferencia-7-de-oct.jpeg",1280,853,false],"2048x2048":["https:\/\/infoecos.com.ar\/wp-content\/uploads\/2020\/10\/Conferencia-7-de-oct.jpeg",1280,853,false],"covernews-slider-full":["https:\/\/infoecos.com.ar\/wp-content\/uploads\/2020\/10\/Conferencia-7-de-oct.jpeg",1073,715,false],"covernews-slider-center":["https:\/\/infoecos.com.ar\/wp-content\/uploads\/2020\/10\/Conferencia-7-de-oct-936x853.jpeg",549,500,true],"covernews-featured":["https:\/\/infoecos.com.ar\/wp-content\/uploads\/2020\/10\/Conferencia-7-de-oct-1024x682.jpeg",1024,682,true],"covernews-medium":["https:\/\/infoecos.com.ar\/wp-content\/uploads\/2020\/10\/Conferencia-7-de-oct-720x380.jpeg",540,285,true],"covernews-medium-square":["https:\/\/infoecos.com.ar\/wp-content\/uploads\/2020\/10\/Conferencia-7-de-oct-675x450.jpeg",375,250,true]},"author_info":{"info":["Jorge Matheus"]},"category_info":"<a href=\"https:\/\/infoecos.com.ar\/index.php\/category\/noticia-secundaria\/\" rel=\"category tag\">Noticia Secundaria<\/a>","tag_info":"Noticia Secundaria","comment_count":"0","_links":{"self":[{"href":"https:\/\/infoecos.com.ar\/index.php\/wp-json\/wp\/v2\/posts\/79720","targetHints":{"allow":["GET"]}}],"collection":[{"href":"https:\/\/infoecos.com.ar\/index.php\/wp-json\/wp\/v2\/posts"}],"about":[{"href":"https:\/\/infoecos.com.ar\/index.php\/wp-json\/wp\/v2\/types\/post"}],"author":[{"embeddable":true,"href":"https:\/\/infoecos.com.ar\/index.php\/wp-json\/wp\/v2\/users\/2"}],"replies":[{"embeddable":true,"href":"https:\/\/infoecos.com.ar\/index.php\/wp-json\/wp\/v2\/comments?post=79720"}],"version-history":[{"count":2,"href":"https:\/\/infoecos.com.ar\/index.php\/wp-json\/wp\/v2\/posts\/79720\/revisions"}],"predecessor-version":[{"id":79723,"href":"https:\/\/infoecos.com.ar\/index.php\/wp-json\/wp\/v2\/posts\/79720\/revisions\/79723"}],"wp:featuredmedia":[{"embeddable":true,"href":"https:\/\/infoecos.com.ar\/index.php\/wp-json\/wp\/v2\/media\/69224"}],"wp:attachment":[{"href":"https:\/\/infoecos.com.ar\/index.php\/wp-json\/wp\/v2\/media?parent=79720"}],"wp:term":[{"taxonomy":"category","embeddable":true,"href":"https:\/\/infoecos.com.ar\/index.php\/wp-json\/wp\/v2\/categories?post=79720"},{"taxonomy":"post_tag","embeddable":true,"href":"https:\/\/infoecos.com.ar\/index.php\/wp-json\/wp\/v2\/tags?post=79720"}],"curies":[{"name":"wp","href":"https:\/\/api.w.org\/{rel}","templated":true}]}}