{"id":79756,"date":"2021-06-17T01:09:54","date_gmt":"2021-06-17T04:09:54","guid":{"rendered":"http:\/\/infoecos.com.ar\/?p=79756"},"modified":"2021-06-17T01:09:55","modified_gmt":"2021-06-17T04:09:55","slug":"volvio-la-presencialidad-al-amba-y-a-21-distritos-del-interior-de-la-provincia-de-buenos-aires","status":"publish","type":"post","link":"https:\/\/infoecos.com.ar\/index.php\/volvio-la-presencialidad-al-amba-y-a-21-distritos-del-interior-de-la-provincia-de-buenos-aires\/","title":{"rendered":"Volvi\u00f3 la presencialidad al AMBA y a 21 distritos del interior de la provincia de Buenos Aires"},"content":{"rendered":"\n<p class=\"wp-block-paragraph\">Un total de 3,5 millones de alumnos de nivel inicial, primaria y secundaria volvieron este mi\u00e9rcoles a las clases presenciales en las escuelas p\u00fablicas y privadas de 40 municipios bonaerenses del \u00c1rea Metropolitana de Buenos Aires (AMBA) y de otros distritos del interior provincial.<\/p>\n\n\n\n<div class=\"wp-block-image\"><figure class=\"aligncenter size-medium\"><img decoding=\"async\" src=\"http:\/\/infoecos.com.ar\/wp-content\/uploads\/historia01_0-460x184.jpg\" alt=\"\" class=\"wp-image-47809\"\/><figcaption>Direcci\u00f3n General de Escuelas de Buenos Aires<\/figcaption><\/figure><\/div>\n\n\n\n<p class=\"wp-block-paragraph\">Adem\u00e1s de los municipios del AMBA, volvieron tambi\u00e9n a las escuelas los alumnos de 21 distritos del interior de la provincia que pasaron a fase 3. En tanto, en 7 comunas que est\u00e1n en fase 2 se retoma la \u00abpresencialidad cuidada\u00bb solo en algunas localidades o parajes, mientras que la semana que viene regresar\u00e1n a las escuelas Carmen de Areco, Guamin\u00ed y Salto.<\/p>\n\n\n\n<p class=\"wp-block-paragraph\">El regreso cuidado a las aulas bonaerenses se realizar\u00e1 con tres nuevas medidas: la utilizaci\u00f3n de 33 mil medidores de di\u00f3xido de carbono para saber si el aire est\u00e1 viciado, la vigilancia epidemiol\u00f3gica activa y la entrega de turnos de vacunaci\u00f3n para los trabajadores de la educaci\u00f3n.<\/p>\n\n\n\n<p class=\"wp-block-paragraph\">La vuelta a la presencialidad es con el estricto cumplimiento de las medidas de cuidado y el esquema vigente del mes de marzo. De esta manera, continua siendo obligatorio \u00abel uso correcto de tapaboca en todo momento, los agrupamientos de estudiantes para respetar el distanciamiento requerido, los ingresos y egresos escalonados para evitar la concentraci\u00f3n de personas y la alternancia de clases presenciales y no presenciales\u00bb.<\/p>\n\n\n\n<p class=\"wp-block-paragraph\"><\/p>\n","protected":false},"excerpt":{"rendered":"<p>La semana que viene regresar\u00e1n a las escuelas Carmen de Areco, Guamin\u00ed y Salto.<\/p>\n","protected":false},"author":2,"featured_media":47809,"comment_status":"closed","ping_status":"open","sticky":false,"template":"","format":"standard","meta":{"footnotes":""},"categories":[24],"tags":[3052],"class_list":["post-79756","post","type-post","status-publish","format-standard","has-post-thumbnail","hentry","category-c1nota3","tag-vuelta-a-clases-2"],"featured_image_urls":{"full":"","thumbnail":"","medium":"","medium_large":"","large":"","1536x1536":"","2048x2048":"","covernews-slider-full":"","covernews-slider-center":"","covernews-featured":"","covernews-medium":"","covernews-medium-square":""},"author_info":{"info":["Jorge Matheus"]},"category_info":"<a href=\"https:\/\/infoecos.com.ar\/index.php\/category\/c1nota3\/\" rel=\"category tag\">C1 N3<\/a>","tag_info":"C1 N3","comment_count":"0","_links":{"self":[{"href":"https:\/\/infoecos.com.ar\/index.php\/wp-json\/wp\/v2\/posts\/79756","targetHints":{"allow":["GET"]}}],"collection":[{"href":"https:\/\/infoecos.com.ar\/index.php\/wp-json\/wp\/v2\/posts"}],"about":[{"href":"https:\/\/infoecos.com.ar\/index.php\/wp-json\/wp\/v2\/types\/post"}],"author":[{"embeddable":true,"href":"https:\/\/infoecos.com.ar\/index.php\/wp-json\/wp\/v2\/users\/2"}],"replies":[{"embeddable":true,"href":"https:\/\/infoecos.com.ar\/index.php\/wp-json\/wp\/v2\/comments?post=79756"}],"version-history":[{"count":1,"href":"https:\/\/infoecos.com.ar\/index.php\/wp-json\/wp\/v2\/posts\/79756\/revisions"}],"predecessor-version":[{"id":79757,"href":"https:\/\/infoecos.com.ar\/index.php\/wp-json\/wp\/v2\/posts\/79756\/revisions\/79757"}],"wp:attachment":[{"href":"https:\/\/infoecos.com.ar\/index.php\/wp-json\/wp\/v2\/media?parent=79756"}],"wp:term":[{"taxonomy":"category","embeddable":true,"href":"https:\/\/infoecos.com.ar\/index.php\/wp-json\/wp\/v2\/categories?post=79756"},{"taxonomy":"post_tag","embeddable":true,"href":"https:\/\/infoecos.com.ar\/index.php\/wp-json\/wp\/v2\/tags?post=79756"}],"curies":[{"name":"wp","href":"https:\/\/api.w.org\/{rel}","templated":true}]}}