{"id":79758,"date":"2021-06-17T01:18:41","date_gmt":"2021-06-17T04:18:41","guid":{"rendered":"http:\/\/infoecos.com.ar\/?p=79758"},"modified":"2021-06-17T01:19:02","modified_gmt":"2021-06-17T04:19:02","slug":"manana-se-sortean-tres-viviendas-y-ocho-terrenos-en-tres-lomas","status":"publish","type":"post","link":"https:\/\/infoecos.com.ar\/index.php\/manana-se-sortean-tres-viviendas-y-ocho-terrenos-en-tres-lomas\/","title":{"rendered":"Ma\u00f1ana se sortean tres viviendas y ocho terrenos en Tres Lomas"},"content":{"rendered":"\n<p class=\"wp-block-paragraph\">Ma\u00f1ana viernes 18 de junio, se proceder\u00e1 a efectuar el sorteo p\u00fablico de las tres nuevas unidades habitacionales del Plan \u201cPrimer Vivienda Joven\u201d y de los ocho terrenos destinados a la construcci\u00f3n de viviendas en seco, ubicados en el barrio Ricardo Rom\u00e1n Yani, de la ciudad de Tres Lomas.<\/p>\n\n\n\n<div class=\"wp-block-image\"><figure class=\"aligncenter size-medium\"><img loading=\"lazy\" decoding=\"async\" width=\"460\" height=\"320\" src=\"http:\/\/infoecos.com.ar\/wp-content\/uploads\/2021\/03\/Terrenos-1-460x320.jpg\" alt=\"\" class=\"wp-image-75369\" srcset=\"https:\/\/infoecos.com.ar\/wp-content\/uploads\/2021\/03\/Terrenos-1-460x320.jpg 460w, https:\/\/infoecos.com.ar\/wp-content\/uploads\/2021\/03\/Terrenos-1-920x639.jpg 920w, https:\/\/infoecos.com.ar\/wp-content\/uploads\/2021\/03\/Terrenos-1-768x534.jpg 768w, https:\/\/infoecos.com.ar\/wp-content\/uploads\/2021\/03\/Terrenos-1-1536x1068.jpg 1536w, https:\/\/infoecos.com.ar\/wp-content\/uploads\/2021\/03\/Terrenos-1-2048x1423.jpg 2048w, https:\/\/infoecos.com.ar\/wp-content\/uploads\/2021\/03\/Terrenos-1-1024x712.jpg 1024w\" sizes=\"auto, (max-width: 460px) 100vw, 460px\" \/><figcaption>Viviendas Tres Lomas &#8211; (archivo)<\/figcaption><\/figure><\/div>\n\n\n\n<p class=\"wp-block-paragraph\">El sorteo, se realizar\u00e1 desde las 10 hs. en las instalaciones del Centro Cultural Vieja Usina.<\/p>\n","protected":false},"excerpt":{"rendered":"<p>El sorteo, se realizar\u00e1 desde las 10 hs. en las instalaciones del Centro Cultural Vieja Usina<\/p>\n","protected":false},"author":2,"featured_media":75370,"comment_status":"closed","ping_status":"open","sticky":false,"template":"","format":"standard","meta":{"footnotes":""},"categories":[48],"tags":[3933],"class_list":["post-79758","post","type-post","status-publish","format-standard","has-post-thumbnail","hentry","category-c2nota3","tag-ubicados-en-el-barrio-ricardo-yani"],"featured_image_urls":{"full":["https:\/\/infoecos.com.ar\/wp-content\/uploads\/2021\/03\/Terrenos-2-scaled.jpg",2560,1735,false],"thumbnail":["https:\/\/infoecos.com.ar\/wp-content\/uploads\/2021\/03\/Terrenos-2-150x150.jpg",150,150,true],"medium":["https:\/\/infoecos.com.ar\/wp-content\/uploads\/2021\/03\/Terrenos-2-460x312.jpg",460,312,true],"medium_large":["https:\/\/infoecos.com.ar\/wp-content\/uploads\/2021\/03\/Terrenos-2-768x520.jpg",640,433,true],"large":["https:\/\/infoecos.com.ar\/wp-content\/uploads\/2021\/03\/Terrenos-2-920x623.jpg",640,433,true],"1536x1536":["https:\/\/infoecos.com.ar\/wp-content\/uploads\/2021\/03\/Terrenos-2-1536x1041.jpg",1536,1041,true],"2048x2048":["https:\/\/infoecos.com.ar\/wp-content\/uploads\/2021\/03\/Terrenos-2-2048x1388.jpg",2048,1388,true],"covernews-slider-full":["https:\/\/infoecos.com.ar\/wp-content\/uploads\/2021\/03\/Terrenos-2-1536x1020.jpg",1077,715,true],"covernews-slider-center":["https:\/\/infoecos.com.ar\/wp-content\/uploads\/2021\/03\/Terrenos-2-936x897.jpg",522,500,true],"covernews-featured":["https:\/\/infoecos.com.ar\/wp-content\/uploads\/2021\/03\/Terrenos-2-1024x694.jpg",1024,694,true],"covernews-medium":["https:\/\/infoecos.com.ar\/wp-content\/uploads\/2021\/03\/Terrenos-2-720x380.jpg",540,285,true],"covernews-medium-square":["https:\/\/infoecos.com.ar\/wp-content\/uploads\/2021\/03\/Terrenos-2-675x450.jpg",375,250,true]},"author_info":{"info":["Jorge Matheus"]},"category_info":"<a href=\"https:\/\/infoecos.com.ar\/index.php\/category\/c2nota3\/\" rel=\"category tag\">C2 N3<\/a>","tag_info":"C2 N3","comment_count":"0","_links":{"self":[{"href":"https:\/\/infoecos.com.ar\/index.php\/wp-json\/wp\/v2\/posts\/79758","targetHints":{"allow":["GET"]}}],"collection":[{"href":"https:\/\/infoecos.com.ar\/index.php\/wp-json\/wp\/v2\/posts"}],"about":[{"href":"https:\/\/infoecos.com.ar\/index.php\/wp-json\/wp\/v2\/types\/post"}],"author":[{"embeddable":true,"href":"https:\/\/infoecos.com.ar\/index.php\/wp-json\/wp\/v2\/users\/2"}],"replies":[{"embeddable":true,"href":"https:\/\/infoecos.com.ar\/index.php\/wp-json\/wp\/v2\/comments?post=79758"}],"version-history":[{"count":2,"href":"https:\/\/infoecos.com.ar\/index.php\/wp-json\/wp\/v2\/posts\/79758\/revisions"}],"predecessor-version":[{"id":79760,"href":"https:\/\/infoecos.com.ar\/index.php\/wp-json\/wp\/v2\/posts\/79758\/revisions\/79760"}],"wp:featuredmedia":[{"embeddable":true,"href":"https:\/\/infoecos.com.ar\/index.php\/wp-json\/wp\/v2\/media\/75370"}],"wp:attachment":[{"href":"https:\/\/infoecos.com.ar\/index.php\/wp-json\/wp\/v2\/media?parent=79758"}],"wp:term":[{"taxonomy":"category","embeddable":true,"href":"https:\/\/infoecos.com.ar\/index.php\/wp-json\/wp\/v2\/categories?post=79758"},{"taxonomy":"post_tag","embeddable":true,"href":"https:\/\/infoecos.com.ar\/index.php\/wp-json\/wp\/v2\/tags?post=79758"}],"curies":[{"name":"wp","href":"https:\/\/api.w.org\/{rel}","templated":true}]}}