{"id":79764,"date":"2021-06-17T01:38:30","date_gmt":"2021-06-17T04:38:30","guid":{"rendered":"http:\/\/infoecos.com.ar\/?p=79764"},"modified":"2021-06-18T01:28:04","modified_gmt":"2021-06-18T04:28:04","slug":"el-sabado-comienza-a-funcionar-una-posta-de-vacunacion-contra-el-covid-19-en-30-de-agosto","status":"publish","type":"post","link":"https:\/\/infoecos.com.ar\/index.php\/el-sabado-comienza-a-funcionar-una-posta-de-vacunacion-contra-el-covid-19-en-30-de-agosto\/","title":{"rendered":"El s\u00e1bado comienza a funcionar una posta de vacunaci\u00f3n contra el COVID-19 en 30 de Agosto"},"content":{"rendered":"\n<p class=\"wp-block-paragraph\">Este s\u00e1bado de 9 a 17 horas comenzar\u00e1 a funcionar en 30 de Agosto, instalaciones del Club Deportivo Argentino (Gral. Paz y Arist\u00f3bulo del Valle), una posta de vacunaci\u00f3n contra el Covid-19, seg\u00fan definieron operativamente el intendente municipal, Miguel Fern\u00e1ndez, y el director Ejecutivo de Regi\u00f3n Sanitaria II, Pedro Hern\u00e1ndez. <\/p>\n\n\n\n<div class=\"wp-block-image\"><figure class=\"aligncenter size-medium\"><img loading=\"lazy\" decoding=\"async\" width=\"460\" height=\"300\" src=\"http:\/\/infoecos.com.ar\/wp-content\/uploads\/2021\/05\/30deagostoacceso-460x300.jpg\" alt=\"\" class=\"wp-image-77971\" srcset=\"https:\/\/infoecos.com.ar\/wp-content\/uploads\/2021\/05\/30deagostoacceso-460x300.jpg 460w, https:\/\/infoecos.com.ar\/wp-content\/uploads\/2021\/05\/30deagostoacceso.jpg 720w\" sizes=\"auto, (max-width: 460px) 100vw, 460px\" \/><\/figure><\/div>\n\n\n\n<p class=\"wp-block-paragraph\">En principio tendr\u00e1 una frecuencia de trabajo semanal, aunque podr\u00e1 incrementarse de acuerdo a la cantidad de vecinas y vecinos que se inscriban en la p\u00e1gina Web provincial <a href=\"http:\/\/www.vacunatepba.gba.gob.ar\">www.vacunatepba.gba.gob.ar<\/a>.<\/p>\n\n\n\n<p class=\"wp-block-paragraph\">Se dispuso que aquellas personas que ya poseen su turno, aunque est\u00e9 vencido, concurran seg\u00fan la terminaci\u00f3n de DNI de acuerdo al siguiente cronograma:<\/p>\n\n\n\n<p class=\"wp-block-paragraph\">. Desde 9 horas: DNI terminados en 0<\/p>\n\n\n\n<p class=\"wp-block-paragraph\">. Desde 10 horas: DNI terminados en 1<\/p>\n\n\n\n<p class=\"wp-block-paragraph\">. Desde 11 horas:&nbsp; DNI terminados en 2 y 3<\/p>\n\n\n\n<p class=\"wp-block-paragraph\">. Desde 12 horas: DNI terminados en 4<\/p>\n\n\n\n<p class=\"wp-block-paragraph\">. Desde 13 horas: DNI terminados en 5<\/p>\n\n\n\n<p class=\"wp-block-paragraph\">. Desde 14 horas: DNI terminados en 6 y 7<\/p>\n\n\n\n<p class=\"wp-block-paragraph\">. Desde 15 horas: DNI terminados en 8<\/p>\n\n\n\n<p class=\"wp-block-paragraph\">. Desde 16 horas: DNI terminados en 9<\/p>\n","protected":false},"excerpt":{"rendered":"<p>En principio tendr\u00e1 una frecuencia de trabajo semanal, aunque podr\u00e1 incrementarse de acuerdo a la cantidad de vecinas y vecinos que se inscriban en la p\u00e1gina Web provincial www.vacunatepba.gba.gob.ar<\/p>\n","protected":false},"author":2,"featured_media":77971,"comment_status":"closed","ping_status":"open","sticky":false,"template":"","format":"standard","meta":{"footnotes":""},"categories":[44],"tags":[3935],"class_list":["post-79764","post","type-post","status-publish","format-standard","has-post-thumbnail","hentry","category-inferior5","tag-de-9-a-17-horas-en-club-argentino"],"featured_image_urls":{"full":["https:\/\/infoecos.com.ar\/wp-content\/uploads\/2021\/05\/30deagostoacceso.jpg",720,470,false],"thumbnail":["https:\/\/infoecos.com.ar\/wp-content\/uploads\/2021\/05\/30deagostoacceso-150x150.jpg",150,150,true],"medium":["https:\/\/infoecos.com.ar\/wp-content\/uploads\/2021\/05\/30deagostoacceso-460x300.jpg",460,300,true],"medium_large":["https:\/\/infoecos.com.ar\/wp-content\/uploads\/2021\/05\/30deagostoacceso.jpg",640,418,false],"large":["https:\/\/infoecos.com.ar\/wp-content\/uploads\/2021\/05\/30deagostoacceso.jpg",640,418,false],"1536x1536":["https:\/\/infoecos.com.ar\/wp-content\/uploads\/2021\/05\/30deagostoacceso.jpg",720,470,false],"2048x2048":["https:\/\/infoecos.com.ar\/wp-content\/uploads\/2021\/05\/30deagostoacceso.jpg",720,470,false],"covernews-slider-full":["https:\/\/infoecos.com.ar\/wp-content\/uploads\/2021\/05\/30deagostoacceso.jpg",720,470,false],"covernews-slider-center":["https:\/\/infoecos.com.ar\/wp-content\/uploads\/2021\/05\/30deagostoacceso.jpg",720,470,false],"covernews-featured":["https:\/\/infoecos.com.ar\/wp-content\/uploads\/2021\/05\/30deagostoacceso.jpg",720,470,false],"covernews-medium":["https:\/\/infoecos.com.ar\/wp-content\/uploads\/2021\/05\/30deagostoacceso-720x380.jpg",540,285,true],"covernews-medium-square":["https:\/\/infoecos.com.ar\/wp-content\/uploads\/2021\/05\/30deagostoacceso-675x450.jpg",375,250,true]},"author_info":{"info":["Jorge Matheus"]},"category_info":"<a href=\"https:\/\/infoecos.com.ar\/index.php\/category\/inferior5\/\" rel=\"category tag\">Bloque inferior - 5<\/a>","tag_info":"Bloque inferior - 5","comment_count":"0","_links":{"self":[{"href":"https:\/\/infoecos.com.ar\/index.php\/wp-json\/wp\/v2\/posts\/79764","targetHints":{"allow":["GET"]}}],"collection":[{"href":"https:\/\/infoecos.com.ar\/index.php\/wp-json\/wp\/v2\/posts"}],"about":[{"href":"https:\/\/infoecos.com.ar\/index.php\/wp-json\/wp\/v2\/types\/post"}],"author":[{"embeddable":true,"href":"https:\/\/infoecos.com.ar\/index.php\/wp-json\/wp\/v2\/users\/2"}],"replies":[{"embeddable":true,"href":"https:\/\/infoecos.com.ar\/index.php\/wp-json\/wp\/v2\/comments?post=79764"}],"version-history":[{"count":1,"href":"https:\/\/infoecos.com.ar\/index.php\/wp-json\/wp\/v2\/posts\/79764\/revisions"}],"predecessor-version":[{"id":79765,"href":"https:\/\/infoecos.com.ar\/index.php\/wp-json\/wp\/v2\/posts\/79764\/revisions\/79765"}],"wp:featuredmedia":[{"embeddable":true,"href":"https:\/\/infoecos.com.ar\/index.php\/wp-json\/wp\/v2\/media\/77971"}],"wp:attachment":[{"href":"https:\/\/infoecos.com.ar\/index.php\/wp-json\/wp\/v2\/media?parent=79764"}],"wp:term":[{"taxonomy":"category","embeddable":true,"href":"https:\/\/infoecos.com.ar\/index.php\/wp-json\/wp\/v2\/categories?post=79764"},{"taxonomy":"post_tag","embeddable":true,"href":"https:\/\/infoecos.com.ar\/index.php\/wp-json\/wp\/v2\/tags?post=79764"}],"curies":[{"name":"wp","href":"https:\/\/api.w.org\/{rel}","templated":true}]}}