{"id":79766,"date":"2021-06-17T01:46:11","date_gmt":"2021-06-17T04:46:11","guid":{"rendered":"http:\/\/infoecos.com.ar\/?p=79766"},"modified":"2021-06-18T01:27:31","modified_gmt":"2021-06-18T04:27:31","slug":"general-villegas-incorporara-equipamiento-para-brindar-mayor-seguridad-a-los-vecinos","status":"publish","type":"post","link":"https:\/\/infoecos.com.ar\/index.php\/general-villegas-incorporara-equipamiento-para-brindar-mayor-seguridad-a-los-vecinos\/","title":{"rendered":"General Villegas sumar\u00e1 equipamiento para brindar mayor seguridad a los vecinos"},"content":{"rendered":"\n<p>Estuvieron reunidos el Secretario de Seguridad, Fabio Zaratiegui, Pablo Rodr\u00edguez Director de Inspecci\u00f3n y Defensa Civil, Gabriel Mones Ruiz, Secretario de Coordinaci\u00f3n y Modernizaci\u00f3n, y Marina Justo, Jefa de Gabinete, del distrito de General Villegas para la puesta en marcha del Convenio de Cooperaci\u00f3n en materia de asistencia t\u00e9cnica, provisi\u00f3n de tecnolog\u00eda y servicios para la seguridad vial en rutas nacionales entre Municipio y C\u00e1mara de Empresas de Control y Administraci\u00f3n de Infracciones de Tr\u00e1nsito de la Rep\u00fablica Argentina (CECAITRA).<\/p>\n\n\n\n<div class=\"wp-block-image\"><figure class=\"aligncenter size-medium\"><img loading=\"lazy\" decoding=\"async\" width=\"460\" height=\"345\" src=\"http:\/\/infoecos.com.ar\/wp-content\/uploads\/2021\/06\/DSCN5268-990x743-1-460x345.jpg\" alt=\"\" class=\"wp-image-79767\" srcset=\"https:\/\/infoecos.com.ar\/wp-content\/uploads\/2021\/06\/DSCN5268-990x743-1-460x345.jpg 460w, https:\/\/infoecos.com.ar\/wp-content\/uploads\/2021\/06\/DSCN5268-990x743-1-920x690.jpg 920w, https:\/\/infoecos.com.ar\/wp-content\/uploads\/2021\/06\/DSCN5268-990x743-1-768x576.jpg 768w, https:\/\/infoecos.com.ar\/wp-content\/uploads\/2021\/06\/DSCN5268-990x743-1.jpg 990w\" sizes=\"(max-width: 460px) 100vw, 460px\" \/><figcaption>Reuni\u00f3n en General Villegas<\/figcaption><\/figure><\/div>\n\n\n\n<p>Por parte de CECAITRA estuvieron presentes Juan Pablo Reyes, Gerente de proyectos y Maximiliano Sgrignieri, Gestor de proyectos.<\/p>\n\n\n\n<p>En la reuni\u00f3n se acord\u00f3 que se comenzar\u00e1 con el relevamiento de puntos estrat\u00e9gicos para la instalaci\u00f3n de cinem\u00f3metros fijos y m\u00f3viles, equipos de iluminaci\u00f3n infrarroja para Cinem\u00f3metros fijos, equipos de constataci\u00f3n de circulaci\u00f3n con luces bajas encendidas en rutas o cruce de doble l\u00ednea amarilla o circulaci\u00f3n por la banquina, equipos de lectores de patentes con conectividad con Centro de Monitoreo.<\/p>\n\n\n\n<p>\u201cSon elementos de suma importancia para brindar seguridad a todos los vecinos, y buscamos llevar soluciones especialmente al Barrio El Cruce, donde tenemos cruces de rutas muy importantes. Este trabajo lo estamos articulando a su vez, en conjunto con entes provinciales y nacionales\u201d, manifest\u00f3 Zaratiegui.<\/p>\n","protected":false},"excerpt":{"rendered":"<p>En la reuni\u00f3n se acord\u00f3 que se comenzar\u00e1 con el relevamiento de puntos estrat\u00e9gicos para la instalaci\u00f3n de cinem\u00f3metros fijos y m\u00f3viles, equipos de iluminaci\u00f3n infrarroja para Cinem\u00f3metros fijos, y otros<\/p>\n","protected":false},"author":2,"featured_media":79767,"comment_status":"closed","ping_status":"open","sticky":false,"template":"","format":"standard","meta":{"footnotes":""},"categories":[43],"tags":[3936],"class_list":["post-79766","post","type-post","status-publish","format-standard","has-post-thumbnail","hentry","category-inferior4","tag-especialmente-en-cruces-de-rutas"],"yoast_head":"<!-- This site is optimized with the Yoast SEO plugin v23.4 - https:\/\/yoast.com\/wordpress\/plugins\/seo\/ -->\n<title>General Villegas sumar\u00e1 equipamiento para brindar mayor seguridad a los vecinos - Infoecos<\/title>\n<meta name=\"robots\" content=\"index, follow, max-snippet:-1, max-image-preview:large, max-video-preview:-1\" \/>\n<link rel=\"canonical\" href=\"https:\/\/infoecos.com.ar\/index.php\/general-villegas-incorporara-equipamiento-para-brindar-mayor-seguridad-a-los-vecinos\/\" \/>\n<meta property=\"og:locale\" content=\"es_ES\" \/>\n<meta property=\"og:type\" content=\"article\" \/>\n<meta property=\"og:title\" content=\"General Villegas sumar\u00e1 equipamiento para brindar mayor seguridad a los vecinos - Infoecos\" \/>\n<meta property=\"og:description\" content=\"En la reuni\u00f3n se acord\u00f3 que se comenzar\u00e1 con el relevamiento de puntos estrat\u00e9gicos para la instalaci\u00f3n de cinem\u00f3metros fijos y m\u00f3viles, equipos de iluminaci\u00f3n infrarroja para Cinem\u00f3metros fijos, y otros\" \/>\n<meta property=\"og:url\" content=\"https:\/\/infoecos.com.ar\/index.php\/general-villegas-incorporara-equipamiento-para-brindar-mayor-seguridad-a-los-vecinos\/\" \/>\n<meta property=\"og:site_name\" content=\"Infoecos\" \/>\n<meta property=\"article:publisher\" content=\"https:\/\/www.facebook.com\/profile.php?id=100063200290284\" \/>\n<meta property=\"article:published_time\" content=\"2021-06-17T04:46:11+00:00\" \/>\n<meta property=\"article:modified_time\" content=\"2021-06-18T04:27:31+00:00\" \/>\n<meta property=\"og:image\" content=\"https:\/\/infoecos.com.ar\/wp-content\/uploads\/2021\/06\/DSCN5268-990x743-1.jpg\" \/>\n\t<meta property=\"og:image:width\" content=\"990\" \/>\n\t<meta property=\"og:image:height\" content=\"743\" \/>\n\t<meta property=\"og:image:type\" content=\"image\/jpeg\" \/>\n<meta name=\"author\" content=\"Jorge Matheus\" \/>\n<meta name=\"twitter:card\" content=\"summary_large_image\" \/>\n<meta name=\"twitter:creator\" content=\"@infoecos\" \/>\n<meta name=\"twitter:site\" content=\"@infoecos\" \/>\n<meta name=\"twitter:label1\" content=\"Escrito por\" \/>\n\t<meta name=\"twitter:data1\" content=\"Jorge Matheus\" \/>\n\t<meta name=\"twitter:label2\" content=\"Tiempo de lectura\" \/>\n\t<meta name=\"twitter:data2\" content=\"1 minuto\" \/>\n<script type=\"application\/ld+json\" class=\"yoast-schema-graph\">{\"@context\":\"https:\/\/schema.org\",\"@graph\":[{\"@type\":\"Article\",\"@id\":\"https:\/\/infoecos.com.ar\/index.php\/general-villegas-incorporara-equipamiento-para-brindar-mayor-seguridad-a-los-vecinos\/#article\",\"isPartOf\":{\"@id\":\"https:\/\/infoecos.com.ar\/index.php\/general-villegas-incorporara-equipamiento-para-brindar-mayor-seguridad-a-los-vecinos\/\"},\"author\":{\"name\":\"Jorge Matheus\",\"@id\":\"https:\/\/infoecos.com.ar\/#\/schema\/person\/8f5ace5ce73b4b4aac4b7245aee6f191\"},\"headline\":\"General Villegas sumar\u00e1 equipamiento para brindar mayor seguridad a los vecinos\",\"datePublished\":\"2021-06-17T04:46:11+00:00\",\"dateModified\":\"2021-06-18T04:27:31+00:00\",\"mainEntityOfPage\":{\"@id\":\"https:\/\/infoecos.com.ar\/index.php\/general-villegas-incorporara-equipamiento-para-brindar-mayor-seguridad-a-los-vecinos\/\"},\"wordCount\":244,\"publisher\":{\"@id\":\"https:\/\/infoecos.com.ar\/#organization\"},\"image\":{\"@id\":\"https:\/\/infoecos.com.ar\/index.php\/general-villegas-incorporara-equipamiento-para-brindar-mayor-seguridad-a-los-vecinos\/#primaryimage\"},\"thumbnailUrl\":\"https:\/\/infoecos.com.ar\/wp-content\/uploads\/2021\/06\/DSCN5268-990x743-1.jpg\",\"keywords\":[\"ESPECIALMENTE EN CRUCES DE RUTAS\"],\"articleSection\":[\"Bloque inferior - 4\"],\"inLanguage\":\"es\"},{\"@type\":\"WebPage\",\"@id\":\"https:\/\/infoecos.com.ar\/index.php\/general-villegas-incorporara-equipamiento-para-brindar-mayor-seguridad-a-los-vecinos\/\",\"url\":\"https:\/\/infoecos.com.ar\/index.php\/general-villegas-incorporara-equipamiento-para-brindar-mayor-seguridad-a-los-vecinos\/\",\"name\":\"General Villegas sumar\u00e1 equipamiento para brindar mayor seguridad a los vecinos - Infoecos\",\"isPartOf\":{\"@id\":\"https:\/\/infoecos.com.ar\/#website\"},\"primaryImageOfPage\":{\"@id\":\"https:\/\/infoecos.com.ar\/index.php\/general-villegas-incorporara-equipamiento-para-brindar-mayor-seguridad-a-los-vecinos\/#primaryimage\"},\"image\":{\"@id\":\"https:\/\/infoecos.com.ar\/index.php\/general-villegas-incorporara-equipamiento-para-brindar-mayor-seguridad-a-los-vecinos\/#primaryimage\"},\"thumbnailUrl\":\"https:\/\/infoecos.com.ar\/wp-content\/uploads\/2021\/06\/DSCN5268-990x743-1.jpg\",\"datePublished\":\"2021-06-17T04:46:11+00:00\",\"dateModified\":\"2021-06-18T04:27:31+00:00\",\"breadcrumb\":{\"@id\":\"https:\/\/infoecos.com.ar\/index.php\/general-villegas-incorporara-equipamiento-para-brindar-mayor-seguridad-a-los-vecinos\/#breadcrumb\"},\"inLanguage\":\"es\",\"potentialAction\":[{\"@type\":\"ReadAction\",\"target\":[\"https:\/\/infoecos.com.ar\/index.php\/general-villegas-incorporara-equipamiento-para-brindar-mayor-seguridad-a-los-vecinos\/\"]}]},{\"@type\":\"ImageObject\",\"inLanguage\":\"es\",\"@id\":\"https:\/\/infoecos.com.ar\/index.php\/general-villegas-incorporara-equipamiento-para-brindar-mayor-seguridad-a-los-vecinos\/#primaryimage\",\"url\":\"https:\/\/infoecos.com.ar\/wp-content\/uploads\/2021\/06\/DSCN5268-990x743-1.jpg\",\"contentUrl\":\"https:\/\/infoecos.com.ar\/wp-content\/uploads\/2021\/06\/DSCN5268-990x743-1.jpg\",\"width\":990,\"height\":743},{\"@type\":\"BreadcrumbList\",\"@id\":\"https:\/\/infoecos.com.ar\/index.php\/general-villegas-incorporara-equipamiento-para-brindar-mayor-seguridad-a-los-vecinos\/#breadcrumb\",\"itemListElement\":[{\"@type\":\"ListItem\",\"position\":1,\"name\":\"Portada\",\"item\":\"https:\/\/infoecos.com.ar\/\"},{\"@type\":\"ListItem\",\"position\":2,\"name\":\"General Villegas sumar\u00e1 equipamiento para brindar mayor seguridad a los vecinos\"}]},{\"@type\":\"WebSite\",\"@id\":\"https:\/\/infoecos.com.ar\/#website\",\"url\":\"https:\/\/infoecos.com.ar\/\",\"name\":\"Infoecos\",\"description\":\"Noticias de trenque lauquen y la zona\",\"publisher\":{\"@id\":\"https:\/\/infoecos.com.ar\/#organization\"},\"alternateName\":\"Noticias\",\"potentialAction\":[{\"@type\":\"SearchAction\",\"target\":{\"@type\":\"EntryPoint\",\"urlTemplate\":\"https:\/\/infoecos.com.ar\/?s={search_term_string}\"},\"query-input\":{\"@type\":\"PropertyValueSpecification\",\"valueRequired\":true,\"valueName\":\"search_term_string\"}}],\"inLanguage\":\"es\"},{\"@type\":\"Organization\",\"@id\":\"https:\/\/infoecos.com.ar\/#organization\",\"name\":\"Infoecos\",\"alternateName\":\"Noticias\",\"url\":\"https:\/\/infoecos.com.ar\/\",\"logo\":{\"@type\":\"ImageObject\",\"inLanguage\":\"es\",\"@id\":\"https:\/\/infoecos.com.ar\/#\/schema\/logo\/image\/\",\"url\":\"https:\/\/infoecos.com.ar\/wp-content\/uploads\/2024\/03\/cropped-logo.png\",\"contentUrl\":\"https:\/\/infoecos.com.ar\/wp-content\/uploads\/2024\/03\/cropped-logo.png\",\"width\":374,\"height\":90,\"caption\":\"Infoecos\"},\"image\":{\"@id\":\"https:\/\/infoecos.com.ar\/#\/schema\/logo\/image\/\"},\"sameAs\":[\"https:\/\/www.facebook.com\/profile.php?id=100063200290284\",\"https:\/\/x.com\/infoecos\"]},{\"@type\":\"Person\",\"@id\":\"https:\/\/infoecos.com.ar\/#\/schema\/person\/8f5ace5ce73b4b4aac4b7245aee6f191\",\"name\":\"Jorge Matheus\",\"url\":\"https:\/\/infoecos.com.ar\/index.php\/author\/jomatheus\/\"}]}<\/script>\n<!-- \/ Yoast SEO plugin. -->","yoast_head_json":{"title":"General Villegas sumar\u00e1 equipamiento para brindar mayor seguridad a los vecinos - Infoecos","robots":{"index":"index","follow":"follow","max-snippet":"max-snippet:-1","max-image-preview":"max-image-preview:large","max-video-preview":"max-video-preview:-1"},"canonical":"https:\/\/infoecos.com.ar\/index.php\/general-villegas-incorporara-equipamiento-para-brindar-mayor-seguridad-a-los-vecinos\/","og_locale":"es_ES","og_type":"article","og_title":"General Villegas sumar\u00e1 equipamiento para brindar mayor seguridad a los vecinos - Infoecos","og_description":"En la reuni\u00f3n se acord\u00f3 que se comenzar\u00e1 con el relevamiento de puntos estrat\u00e9gicos para la instalaci\u00f3n de cinem\u00f3metros fijos y m\u00f3viles, equipos de iluminaci\u00f3n infrarroja para Cinem\u00f3metros fijos, y otros","og_url":"https:\/\/infoecos.com.ar\/index.php\/general-villegas-incorporara-equipamiento-para-brindar-mayor-seguridad-a-los-vecinos\/","og_site_name":"Infoecos","article_publisher":"https:\/\/www.facebook.com\/profile.php?id=100063200290284","article_published_time":"2021-06-17T04:46:11+00:00","article_modified_time":"2021-06-18T04:27:31+00:00","og_image":[{"width":990,"height":743,"url":"https:\/\/infoecos.com.ar\/wp-content\/uploads\/2021\/06\/DSCN5268-990x743-1.jpg","type":"image\/jpeg"}],"author":"Jorge Matheus","twitter_card":"summary_large_image","twitter_creator":"@infoecos","twitter_site":"@infoecos","twitter_misc":{"Escrito por":"Jorge Matheus","Tiempo de lectura":"1 minuto"},"schema":{"@context":"https:\/\/schema.org","@graph":[{"@type":"Article","@id":"https:\/\/infoecos.com.ar\/index.php\/general-villegas-incorporara-equipamiento-para-brindar-mayor-seguridad-a-los-vecinos\/#article","isPartOf":{"@id":"https:\/\/infoecos.com.ar\/index.php\/general-villegas-incorporara-equipamiento-para-brindar-mayor-seguridad-a-los-vecinos\/"},"author":{"name":"Jorge Matheus","@id":"https:\/\/infoecos.com.ar\/#\/schema\/person\/8f5ace5ce73b4b4aac4b7245aee6f191"},"headline":"General Villegas sumar\u00e1 equipamiento para brindar mayor seguridad a los vecinos","datePublished":"2021-06-17T04:46:11+00:00","dateModified":"2021-06-18T04:27:31+00:00","mainEntityOfPage":{"@id":"https:\/\/infoecos.com.ar\/index.php\/general-villegas-incorporara-equipamiento-para-brindar-mayor-seguridad-a-los-vecinos\/"},"wordCount":244,"publisher":{"@id":"https:\/\/infoecos.com.ar\/#organization"},"image":{"@id":"https:\/\/infoecos.com.ar\/index.php\/general-villegas-incorporara-equipamiento-para-brindar-mayor-seguridad-a-los-vecinos\/#primaryimage"},"thumbnailUrl":"https:\/\/infoecos.com.ar\/wp-content\/uploads\/2021\/06\/DSCN5268-990x743-1.jpg","keywords":["ESPECIALMENTE EN CRUCES DE RUTAS"],"articleSection":["Bloque inferior - 4"],"inLanguage":"es"},{"@type":"WebPage","@id":"https:\/\/infoecos.com.ar\/index.php\/general-villegas-incorporara-equipamiento-para-brindar-mayor-seguridad-a-los-vecinos\/","url":"https:\/\/infoecos.com.ar\/index.php\/general-villegas-incorporara-equipamiento-para-brindar-mayor-seguridad-a-los-vecinos\/","name":"General Villegas sumar\u00e1 equipamiento para brindar mayor seguridad a los vecinos - Infoecos","isPartOf":{"@id":"https:\/\/infoecos.com.ar\/#website"},"primaryImageOfPage":{"@id":"https:\/\/infoecos.com.ar\/index.php\/general-villegas-incorporara-equipamiento-para-brindar-mayor-seguridad-a-los-vecinos\/#primaryimage"},"image":{"@id":"https:\/\/infoecos.com.ar\/index.php\/general-villegas-incorporara-equipamiento-para-brindar-mayor-seguridad-a-los-vecinos\/#primaryimage"},"thumbnailUrl":"https:\/\/infoecos.com.ar\/wp-content\/uploads\/2021\/06\/DSCN5268-990x743-1.jpg","datePublished":"2021-06-17T04:46:11+00:00","dateModified":"2021-06-18T04:27:31+00:00","breadcrumb":{"@id":"https:\/\/infoecos.com.ar\/index.php\/general-villegas-incorporara-equipamiento-para-brindar-mayor-seguridad-a-los-vecinos\/#breadcrumb"},"inLanguage":"es","potentialAction":[{"@type":"ReadAction","target":["https:\/\/infoecos.com.ar\/index.php\/general-villegas-incorporara-equipamiento-para-brindar-mayor-seguridad-a-los-vecinos\/"]}]},{"@type":"ImageObject","inLanguage":"es","@id":"https:\/\/infoecos.com.ar\/index.php\/general-villegas-incorporara-equipamiento-para-brindar-mayor-seguridad-a-los-vecinos\/#primaryimage","url":"https:\/\/infoecos.com.ar\/wp-content\/uploads\/2021\/06\/DSCN5268-990x743-1.jpg","contentUrl":"https:\/\/infoecos.com.ar\/wp-content\/uploads\/2021\/06\/DSCN5268-990x743-1.jpg","width":990,"height":743},{"@type":"BreadcrumbList","@id":"https:\/\/infoecos.com.ar\/index.php\/general-villegas-incorporara-equipamiento-para-brindar-mayor-seguridad-a-los-vecinos\/#breadcrumb","itemListElement":[{"@type":"ListItem","position":1,"name":"Portada","item":"https:\/\/infoecos.com.ar\/"},{"@type":"ListItem","position":2,"name":"General Villegas sumar\u00e1 equipamiento para brindar mayor seguridad a los vecinos"}]},{"@type":"WebSite","@id":"https:\/\/infoecos.com.ar\/#website","url":"https:\/\/infoecos.com.ar\/","name":"Infoecos","description":"Noticias de trenque lauquen y la zona","publisher":{"@id":"https:\/\/infoecos.com.ar\/#organization"},"alternateName":"Noticias","potentialAction":[{"@type":"SearchAction","target":{"@type":"EntryPoint","urlTemplate":"https:\/\/infoecos.com.ar\/?s={search_term_string}"},"query-input":{"@type":"PropertyValueSpecification","valueRequired":true,"valueName":"search_term_string"}}],"inLanguage":"es"},{"@type":"Organization","@id":"https:\/\/infoecos.com.ar\/#organization","name":"Infoecos","alternateName":"Noticias","url":"https:\/\/infoecos.com.ar\/","logo":{"@type":"ImageObject","inLanguage":"es","@id":"https:\/\/infoecos.com.ar\/#\/schema\/logo\/image\/","url":"https:\/\/infoecos.com.ar\/wp-content\/uploads\/2024\/03\/cropped-logo.png","contentUrl":"https:\/\/infoecos.com.ar\/wp-content\/uploads\/2024\/03\/cropped-logo.png","width":374,"height":90,"caption":"Infoecos"},"image":{"@id":"https:\/\/infoecos.com.ar\/#\/schema\/logo\/image\/"},"sameAs":["https:\/\/www.facebook.com\/profile.php?id=100063200290284","https:\/\/x.com\/infoecos"]},{"@type":"Person","@id":"https:\/\/infoecos.com.ar\/#\/schema\/person\/8f5ace5ce73b4b4aac4b7245aee6f191","name":"Jorge Matheus","url":"https:\/\/infoecos.com.ar\/index.php\/author\/jomatheus\/"}]}},"featured_image_urls":{"full":["https:\/\/infoecos.com.ar\/wp-content\/uploads\/2021\/06\/DSCN5268-990x743-1.jpg",990,743,false],"thumbnail":["https:\/\/infoecos.com.ar\/wp-content\/uploads\/2021\/06\/DSCN5268-990x743-1-150x150.jpg",150,150,true],"medium":["https:\/\/infoecos.com.ar\/wp-content\/uploads\/2021\/06\/DSCN5268-990x743-1-460x345.jpg",460,345,true],"medium_large":["https:\/\/infoecos.com.ar\/wp-content\/uploads\/2021\/06\/DSCN5268-990x743-1-768x576.jpg",640,480,true],"large":["https:\/\/infoecos.com.ar\/wp-content\/uploads\/2021\/06\/DSCN5268-990x743-1-920x690.jpg",640,480,true],"1536x1536":["https:\/\/infoecos.com.ar\/wp-content\/uploads\/2021\/06\/DSCN5268-990x743-1.jpg",990,743,false],"2048x2048":["https:\/\/infoecos.com.ar\/wp-content\/uploads\/2021\/06\/DSCN5268-990x743-1.jpg",990,743,false],"covernews-slider-full":["https:\/\/infoecos.com.ar\/wp-content\/uploads\/2021\/06\/DSCN5268-990x743-1.jpg",953,715,false],"covernews-slider-center":["https:\/\/infoecos.com.ar\/wp-content\/uploads\/2021\/06\/DSCN5268-990x743-1-936x743.jpg",630,500,true],"covernews-featured":["https:\/\/infoecos.com.ar\/wp-content\/uploads\/2021\/06\/DSCN5268-990x743-1.jpg",990,743,false],"covernews-medium":["https:\/\/infoecos.com.ar\/wp-content\/uploads\/2021\/06\/DSCN5268-990x743-1-720x380.jpg",540,285,true],"covernews-medium-square":["https:\/\/infoecos.com.ar\/wp-content\/uploads\/2021\/06\/DSCN5268-990x743-1-675x450.jpg",375,250,true]},"author_info":{"info":["Jorge Matheus"]},"category_info":"<a href=\"https:\/\/infoecos.com.ar\/index.php\/category\/inferior4\/\" rel=\"category tag\">Bloque inferior - 4<\/a>","tag_info":"Bloque inferior - 4","comment_count":"0","_links":{"self":[{"href":"https:\/\/infoecos.com.ar\/index.php\/wp-json\/wp\/v2\/posts\/79766"}],"collection":[{"href":"https:\/\/infoecos.com.ar\/index.php\/wp-json\/wp\/v2\/posts"}],"about":[{"href":"https:\/\/infoecos.com.ar\/index.php\/wp-json\/wp\/v2\/types\/post"}],"author":[{"embeddable":true,"href":"https:\/\/infoecos.com.ar\/index.php\/wp-json\/wp\/v2\/users\/2"}],"replies":[{"embeddable":true,"href":"https:\/\/infoecos.com.ar\/index.php\/wp-json\/wp\/v2\/comments?post=79766"}],"version-history":[{"count":2,"href":"https:\/\/infoecos.com.ar\/index.php\/wp-json\/wp\/v2\/posts\/79766\/revisions"}],"predecessor-version":[{"id":79779,"href":"https:\/\/infoecos.com.ar\/index.php\/wp-json\/wp\/v2\/posts\/79766\/revisions\/79779"}],"wp:featuredmedia":[{"embeddable":true,"href":"https:\/\/infoecos.com.ar\/index.php\/wp-json\/wp\/v2\/media\/79767"}],"wp:attachment":[{"href":"https:\/\/infoecos.com.ar\/index.php\/wp-json\/wp\/v2\/media?parent=79766"}],"wp:term":[{"taxonomy":"category","embeddable":true,"href":"https:\/\/infoecos.com.ar\/index.php\/wp-json\/wp\/v2\/categories?post=79766"},{"taxonomy":"post_tag","embeddable":true,"href":"https:\/\/infoecos.com.ar\/index.php\/wp-json\/wp\/v2\/tags?post=79766"}],"curies":[{"name":"wp","href":"https:\/\/api.w.org\/{rel}","templated":true}]}}