{"id":79769,"date":"2021-06-17T01:50:52","date_gmt":"2021-06-17T04:50:52","guid":{"rendered":"http:\/\/infoecos.com.ar\/?p=79769"},"modified":"2021-06-18T01:27:08","modified_gmt":"2021-06-18T04:27:08","slug":"absa-incorporo-la-plataforma-telegram-para-la-atencion-de-sus-usuarios-en-toda-la-provincia","status":"publish","type":"post","link":"https:\/\/infoecos.com.ar\/index.php\/absa-incorporo-la-plataforma-telegram-para-la-atencion-de-sus-usuarios-en-toda-la-provincia\/","title":{"rendered":"ABSA incorpor\u00f3 la plataforma Telegram para la atenci\u00f3n de sus usuarios en toda la provincia"},"content":{"rendered":"\n<p class=\"wp-block-paragraph\">ABSA incorpor\u00f3 un nuevo canal de atenci\u00f3n para sus m\u00e1s de 800 mil usuarios en toda la Provincia. Se trata de una nueva v\u00eda de comunicaci\u00f3n a trav\u00e9s de la Plataforma Telegram que garantiza el contacto inmediato y permanente para atender consultas vinculadas tr\u00e1mites comerciales, reclamos o asesoramiento sobre la web Institucional.<\/p>\n\n\n\n<div class=\"wp-block-image\"><figure class=\"aligncenter size-medium\"><img loading=\"lazy\" decoding=\"async\" width=\"396\" height=\"460\" src=\"http:\/\/infoecos.com.ar\/wp-content\/uploads\/2021\/06\/Telegram-396x460.jpeg\" alt=\"\" class=\"wp-image-79770\" srcset=\"https:\/\/infoecos.com.ar\/wp-content\/uploads\/2021\/06\/Telegram-396x460.jpeg 396w, https:\/\/infoecos.com.ar\/wp-content\/uploads\/2021\/06\/Telegram-792x920.jpeg 792w, https:\/\/infoecos.com.ar\/wp-content\/uploads\/2021\/06\/Telegram-768x892.jpeg 768w, https:\/\/infoecos.com.ar\/wp-content\/uploads\/2021\/06\/Telegram-1024x1189.jpeg 1024w, https:\/\/infoecos.com.ar\/wp-content\/uploads\/2021\/06\/Telegram.jpeg 1102w\" sizes=\"auto, (max-width: 396px) 100vw, 396px\" \/><\/figure><\/div>\n\n\n\n<p class=\"wp-block-paragraph\">Esta nueva herramienta se puede operar desde cualquier dispositivo que cuente con la Plataforma Telegram, sin necesidad de recurrir a instancias de atenci\u00f3n presencial, acercando la Empresa a sus usuarios en una \u00e9poca en la que fortalecer los v\u00ednculos virtuales, permiten reforzar nuestros cuidados.<\/p>\n\n\n\n<p class=\"wp-block-paragraph\">Para poder hacer uso del servicio, cada usuario deber\u00e1 descargar la aplicaci\u00f3n TELEGRAM en su celular, para luego buscar el canal espec\u00edfico de atenci\u00f3n nombrado ABSA OFICIAL, o de manera directa en el siguiente enlace:&nbsp;<a href=\"https:\/\/t.me\/ABSAOFICIALBOT\" target=\"_blank\" rel=\"noreferrer noopener\">https:\/\/t.me\/ABSAOFICIALBOT<\/a><\/p>\n\n\n\n<p class=\"wp-block-paragraph\">Este canal se suma al lanzamiento de la Oficina Virtual realizada por la Empresa meses atr\u00e1s, ampliando las posibilidades de autogesti\u00f3n para todos los usuarios de las 90 localidades donde ABSA presta servicios de agua y cloacas.<\/p>\n","protected":false},"excerpt":{"rendered":"<p>Esta nueva herramienta se puede operar desde cualquier dispositivo que cuente con la Plataforma Telegram, sin necesidad de recurrir a instancias de atenci\u00f3n presencial<\/p>\n","protected":false},"author":2,"featured_media":79770,"comment_status":"closed","ping_status":"open","sticky":false,"template":"","format":"standard","meta":{"footnotes":""},"categories":[42],"tags":[3937],"class_list":["post-79769","post","type-post","status-publish","format-standard","has-post-thumbnail","hentry","category-inferior3","tag-tramites-reclamos-asesoramiento"],"featured_image_urls":{"full":["https:\/\/infoecos.com.ar\/wp-content\/uploads\/2021\/06\/Telegram.jpeg",1102,1280,false],"thumbnail":["https:\/\/infoecos.com.ar\/wp-content\/uploads\/2021\/06\/Telegram-150x150.jpeg",150,150,true],"medium":["https:\/\/infoecos.com.ar\/wp-content\/uploads\/2021\/06\/Telegram-396x460.jpeg",396,460,true],"medium_large":["https:\/\/infoecos.com.ar\/wp-content\/uploads\/2021\/06\/Telegram-768x892.jpeg",640,743,true],"large":["https:\/\/infoecos.com.ar\/wp-content\/uploads\/2021\/06\/Telegram-792x920.jpeg",640,743,true],"1536x1536":["https:\/\/infoecos.com.ar\/wp-content\/uploads\/2021\/06\/Telegram.jpeg",1102,1280,false],"2048x2048":["https:\/\/infoecos.com.ar\/wp-content\/uploads\/2021\/06\/Telegram.jpeg",1102,1280,false],"covernews-slider-full":["https:\/\/infoecos.com.ar\/wp-content\/uploads\/2021\/06\/Telegram-1102x1020.jpeg",772,715,true],"covernews-slider-center":["https:\/\/infoecos.com.ar\/wp-content\/uploads\/2021\/06\/Telegram-936x897.jpeg",522,500,true],"covernews-featured":["https:\/\/infoecos.com.ar\/wp-content\/uploads\/2021\/06\/Telegram-1024x1189.jpeg",1024,1189,true],"covernews-medium":["https:\/\/infoecos.com.ar\/wp-content\/uploads\/2021\/06\/Telegram-720x380.jpeg",540,285,true],"covernews-medium-square":["https:\/\/infoecos.com.ar\/wp-content\/uploads\/2021\/06\/Telegram-675x450.jpeg",375,250,true]},"author_info":{"info":["Jorge Matheus"]},"category_info":"<a href=\"https:\/\/infoecos.com.ar\/index.php\/category\/inferior3\/\" rel=\"category tag\">Bloque inferior - 3<\/a>","tag_info":"Bloque inferior - 3","comment_count":"0","_links":{"self":[{"href":"https:\/\/infoecos.com.ar\/index.php\/wp-json\/wp\/v2\/posts\/79769","targetHints":{"allow":["GET"]}}],"collection":[{"href":"https:\/\/infoecos.com.ar\/index.php\/wp-json\/wp\/v2\/posts"}],"about":[{"href":"https:\/\/infoecos.com.ar\/index.php\/wp-json\/wp\/v2\/types\/post"}],"author":[{"embeddable":true,"href":"https:\/\/infoecos.com.ar\/index.php\/wp-json\/wp\/v2\/users\/2"}],"replies":[{"embeddable":true,"href":"https:\/\/infoecos.com.ar\/index.php\/wp-json\/wp\/v2\/comments?post=79769"}],"version-history":[{"count":1,"href":"https:\/\/infoecos.com.ar\/index.php\/wp-json\/wp\/v2\/posts\/79769\/revisions"}],"predecessor-version":[{"id":79771,"href":"https:\/\/infoecos.com.ar\/index.php\/wp-json\/wp\/v2\/posts\/79769\/revisions\/79771"}],"wp:featuredmedia":[{"embeddable":true,"href":"https:\/\/infoecos.com.ar\/index.php\/wp-json\/wp\/v2\/media\/79770"}],"wp:attachment":[{"href":"https:\/\/infoecos.com.ar\/index.php\/wp-json\/wp\/v2\/media?parent=79769"}],"wp:term":[{"taxonomy":"category","embeddable":true,"href":"https:\/\/infoecos.com.ar\/index.php\/wp-json\/wp\/v2\/categories?post=79769"},{"taxonomy":"post_tag","embeddable":true,"href":"https:\/\/infoecos.com.ar\/index.php\/wp-json\/wp\/v2\/tags?post=79769"}],"curies":[{"name":"wp","href":"https:\/\/api.w.org\/{rel}","templated":true}]}}