{"id":79772,"date":"2021-06-17T02:01:28","date_gmt":"2021-06-17T05:01:28","guid":{"rendered":"http:\/\/infoecos.com.ar\/?p=79772"},"modified":"2021-06-18T01:26:43","modified_gmt":"2021-06-18T04:26:43","slug":"se-largo-randazzo-y-el-miercoles-ofrecera-una-videoconferencia-via-zoom","status":"publish","type":"post","link":"https:\/\/infoecos.com.ar\/index.php\/se-largo-randazzo-y-el-miercoles-ofrecera-una-videoconferencia-via-zoom\/","title":{"rendered":"Se larg\u00f3 Randazzo y el mi\u00e9rcoles ofrecer\u00e1 una videoconferencia v\u00eda zoom"},"content":{"rendered":"\n<p class=\"wp-block-paragraph\">Se larg\u00f3 Florencio Randazzo con vistas a las legislativas del corriente a\u00f1o. En declaraciones que formul\u00f3 a distintos medios poniendo en marcha la maquinaria pol\u00edtica anticip\u00f3 que, entre otros, lo habr\u00e1n de acompa\u00f1ar Juan Manuel Urtubey, Roberto Lavagna y Graciela Cama\u00f1o.<\/p>\n\n\n\n<div class=\"wp-block-image\"><figure class=\"aligncenter size-large\"><img decoding=\"async\" src=\"http:\/\/infoecos.com.ar\/wp-content\/uploads\/20140204104252_randazzo.jpg\" alt=\"\" class=\"wp-image-9677\"\/><figcaption>Randazzo, Florencio<\/figcaption><\/figure><\/div>\n\n\n\n<p class=\"wp-block-paragraph\">El ex funcionario de los gobiernos de Felipe Sol\u00e1 en provincia y de Cristina Kirchner en el \u00e1mbito nacional, se ha lanzado con cr\u00edticas a Alberto Fern\u00e1ndez y su equipo, como as\u00ed tambi\u00e9n al sector duro del kirchnerismo.<\/p>\n\n\n\n<p class=\"wp-block-paragraph\">Randazzo, chivilcoyano de origen, tiene un buen capital en la cuarta secci\u00f3n electoral. El objetivo es alcanzar una buena respuesta de la sociedad bonaerense en el 2021 y despu\u00e9s apuntar a la presidencial del 2023.<\/p>\n\n\n\n<p class=\"wp-block-paragraph\">Va a actuar como coordinador el ex intendente de General Villegas y tambi\u00e9n ex diputado nacional, Gilberto Alegre, qui\u00e9n ha anunciado que el pr\u00f3ximo mi\u00e9rcoles 23 de junio, a las 18 horas, Randazzo encabezar\u00e1 un encuentro por la plataforma Zoom titulada \u00abLa Argentina que viene\u00bb.<\/p>\n\n\n\n<p class=\"wp-block-paragraph\"><\/p>\n","protected":false},"excerpt":{"rendered":"<p>Randazzo, chivilcoyano de origen, tiene un buen capital en la cuarta secci\u00f3n electoral. El objetivo es alcanzar una buena respuesta de la sociedad bonaerense en el 2021 y despu\u00e9s apuntar a la presidencial del 2023<\/p>\n","protected":false},"author":2,"featured_media":9677,"comment_status":"closed","ping_status":"open","sticky":false,"template":"","format":"standard","meta":{"footnotes":""},"categories":[41],"tags":[3939],"class_list":["post-79772","post","type-post","status-publish","format-standard","has-post-thumbnail","hentry","category-inferior2","tag-lo-anticipo-gilberto-alegre"],"featured_image_urls":{"full":"","thumbnail":"","medium":"","medium_large":"","large":"","1536x1536":"","2048x2048":"","covernews-slider-full":"","covernews-slider-center":"","covernews-featured":"","covernews-medium":"","covernews-medium-square":""},"author_info":{"info":["Jorge Matheus"]},"category_info":"<a href=\"https:\/\/infoecos.com.ar\/index.php\/category\/inferior2\/\" rel=\"category tag\">Bloque inferior - 2<\/a>","tag_info":"Bloque inferior - 2","comment_count":"0","_links":{"self":[{"href":"https:\/\/infoecos.com.ar\/index.php\/wp-json\/wp\/v2\/posts\/79772","targetHints":{"allow":["GET"]}}],"collection":[{"href":"https:\/\/infoecos.com.ar\/index.php\/wp-json\/wp\/v2\/posts"}],"about":[{"href":"https:\/\/infoecos.com.ar\/index.php\/wp-json\/wp\/v2\/types\/post"}],"author":[{"embeddable":true,"href":"https:\/\/infoecos.com.ar\/index.php\/wp-json\/wp\/v2\/users\/2"}],"replies":[{"embeddable":true,"href":"https:\/\/infoecos.com.ar\/index.php\/wp-json\/wp\/v2\/comments?post=79772"}],"version-history":[{"count":1,"href":"https:\/\/infoecos.com.ar\/index.php\/wp-json\/wp\/v2\/posts\/79772\/revisions"}],"predecessor-version":[{"id":79773,"href":"https:\/\/infoecos.com.ar\/index.php\/wp-json\/wp\/v2\/posts\/79772\/revisions\/79773"}],"wp:attachment":[{"href":"https:\/\/infoecos.com.ar\/index.php\/wp-json\/wp\/v2\/media?parent=79772"}],"wp:term":[{"taxonomy":"category","embeddable":true,"href":"https:\/\/infoecos.com.ar\/index.php\/wp-json\/wp\/v2\/categories?post=79772"},{"taxonomy":"post_tag","embeddable":true,"href":"https:\/\/infoecos.com.ar\/index.php\/wp-json\/wp\/v2\/tags?post=79772"}],"curies":[{"name":"wp","href":"https:\/\/api.w.org\/{rel}","templated":true}]}}