{"id":79793,"date":"2021-06-17T18:02:15","date_gmt":"2021-06-17T21:02:15","guid":{"rendered":"http:\/\/infoecos.com.ar\/?p=79793"},"modified":"2021-06-18T01:41:48","modified_gmt":"2021-06-18T04:41:48","slug":"el-intendente-de-trenque-lauquen-en-reunion-por-rehabilitacion-y-conservacion-de-caminos-vecinales","status":"publish","type":"post","link":"https:\/\/infoecos.com.ar\/index.php\/el-intendente-de-trenque-lauquen-en-reunion-por-rehabilitacion-y-conservacion-de-caminos-vecinales\/","title":{"rendered":"El intendente de Trenque Lauquen en reuni\u00f3n por rehabilitaci\u00f3n y conservaci\u00f3n de caminos vecinales"},"content":{"rendered":"\n<p class=\"wp-block-paragraph\">El intendente municipal, Miguel Fern\u00e1ndez, particip\u00f3 este jueves de la reuni\u00f3n virtual organizada por el ministerio de Infraestructura y Servicios P\u00fablicos de la provincia de Buenos Aires, y que cont\u00f3 con la presencia de Gerardo Tarchinale, Administrador General de Vialidad Provincial, por la firma de contratos de las obras de Rehabilitaci\u00f3n y Conservaci\u00f3n de rutas provinciales.<\/p>\n\n\n\n<div class=\"wp-block-image\"><figure class=\"aligncenter size-medium\"><img loading=\"lazy\" decoding=\"async\" width=\"460\" height=\"259\" src=\"http:\/\/infoecos.com.ar\/wp-content\/uploads\/2021\/06\/fernandezcaminos-460x259.jpg\" alt=\"\" class=\"wp-image-79794\" srcset=\"https:\/\/infoecos.com.ar\/wp-content\/uploads\/2021\/06\/fernandezcaminos-460x259.jpg 460w, https:\/\/infoecos.com.ar\/wp-content\/uploads\/2021\/06\/fernandezcaminos-920x518.jpg 920w, https:\/\/infoecos.com.ar\/wp-content\/uploads\/2021\/06\/fernandezcaminos-768x432.jpg 768w, https:\/\/infoecos.com.ar\/wp-content\/uploads\/2021\/06\/fernandezcaminos-1024x576.jpg 1024w, https:\/\/infoecos.com.ar\/wp-content\/uploads\/2021\/06\/fernandezcaminos.jpg 1280w\" sizes=\"auto, (max-width: 460px) 100vw, 460px\" \/><\/figure><\/div>\n\n\n\n<p class=\"wp-block-paragraph\">Dentro de los caminos de la Red Secundaria Provincial -caminos de tierra- figura, entre otros proyectos presentados por el municipio de Trenque Lauquen, el 107-05, tramo que corresponde al trayecto 30 de Agosto &#8211; Corazzi.<\/p>\n\n\n\n<div class=\"wp-block-image\"><figure class=\"aligncenter size-medium\"><img loading=\"lazy\" decoding=\"async\" width=\"460\" height=\"259\" src=\"http:\/\/infoecos.com.ar\/wp-content\/uploads\/2021\/06\/fernandezcaminos1-460x259.jpg\" alt=\"\" class=\"wp-image-79795\" srcset=\"https:\/\/infoecos.com.ar\/wp-content\/uploads\/2021\/06\/fernandezcaminos1-460x259.jpg 460w, https:\/\/infoecos.com.ar\/wp-content\/uploads\/2021\/06\/fernandezcaminos1-920x518.jpg 920w, https:\/\/infoecos.com.ar\/wp-content\/uploads\/2021\/06\/fernandezcaminos1-768x432.jpg 768w, https:\/\/infoecos.com.ar\/wp-content\/uploads\/2021\/06\/fernandezcaminos1-1024x576.jpg 1024w, https:\/\/infoecos.com.ar\/wp-content\/uploads\/2021\/06\/fernandezcaminos1.jpg 1280w\" sizes=\"auto, (max-width: 460px) 100vw, 460px\" \/><\/figure><\/div>\n","protected":false},"excerpt":{"rendered":"<p>Dentro de los caminos de la Red Secundaria Provincial -caminos de tierra- figura, entre otros proyectos presentados por el municipio de Trenque Lauquen, el 107-05, tramo que corresponde al trayecto 30 de Agosto &#8211; Corazzi<\/p>\n","protected":false},"author":2,"featured_media":79795,"comment_status":"closed","ping_status":"open","sticky":false,"template":"","format":"standard","meta":{"footnotes":""},"categories":[25],"tags":[3941],"class_list":["post-79793","post","type-post","status-publish","format-standard","has-post-thumbnail","hentry","category-c3nota1","tag-incluido-un-tramo-de-30-de-agosto-corazzi"],"featured_image_urls":{"full":["https:\/\/infoecos.com.ar\/wp-content\/uploads\/2021\/06\/fernandezcaminos1.jpg",1280,720,false],"thumbnail":["https:\/\/infoecos.com.ar\/wp-content\/uploads\/2021\/06\/fernandezcaminos1-150x150.jpg",150,150,true],"medium":["https:\/\/infoecos.com.ar\/wp-content\/uploads\/2021\/06\/fernandezcaminos1-460x259.jpg",460,259,true],"medium_large":["https:\/\/infoecos.com.ar\/wp-content\/uploads\/2021\/06\/fernandezcaminos1-768x432.jpg",640,360,true],"large":["https:\/\/infoecos.com.ar\/wp-content\/uploads\/2021\/06\/fernandezcaminos1-920x518.jpg",640,360,true],"1536x1536":["https:\/\/infoecos.com.ar\/wp-content\/uploads\/2021\/06\/fernandezcaminos1.jpg",1280,720,false],"2048x2048":["https:\/\/infoecos.com.ar\/wp-content\/uploads\/2021\/06\/fernandezcaminos1.jpg",1280,720,false],"covernews-slider-full":["https:\/\/infoecos.com.ar\/wp-content\/uploads\/2021\/06\/fernandezcaminos1.jpg",1115,627,false],"covernews-slider-center":["https:\/\/infoecos.com.ar\/wp-content\/uploads\/2021\/06\/fernandezcaminos1-936x720.jpg",650,500,true],"covernews-featured":["https:\/\/infoecos.com.ar\/wp-content\/uploads\/2021\/06\/fernandezcaminos1-1024x576.jpg",1024,576,true],"covernews-medium":["https:\/\/infoecos.com.ar\/wp-content\/uploads\/2021\/06\/fernandezcaminos1-720x380.jpg",540,285,true],"covernews-medium-square":["https:\/\/infoecos.com.ar\/wp-content\/uploads\/2021\/06\/fernandezcaminos1-675x450.jpg",375,250,true]},"author_info":{"info":["Jorge Matheus"]},"category_info":"<a href=\"https:\/\/infoecos.com.ar\/index.php\/category\/c3nota1\/\" rel=\"category tag\">C3 N1<\/a>","tag_info":"C3 N1","comment_count":"0","_links":{"self":[{"href":"https:\/\/infoecos.com.ar\/index.php\/wp-json\/wp\/v2\/posts\/79793","targetHints":{"allow":["GET"]}}],"collection":[{"href":"https:\/\/infoecos.com.ar\/index.php\/wp-json\/wp\/v2\/posts"}],"about":[{"href":"https:\/\/infoecos.com.ar\/index.php\/wp-json\/wp\/v2\/types\/post"}],"author":[{"embeddable":true,"href":"https:\/\/infoecos.com.ar\/index.php\/wp-json\/wp\/v2\/users\/2"}],"replies":[{"embeddable":true,"href":"https:\/\/infoecos.com.ar\/index.php\/wp-json\/wp\/v2\/comments?post=79793"}],"version-history":[{"count":1,"href":"https:\/\/infoecos.com.ar\/index.php\/wp-json\/wp\/v2\/posts\/79793\/revisions"}],"predecessor-version":[{"id":79796,"href":"https:\/\/infoecos.com.ar\/index.php\/wp-json\/wp\/v2\/posts\/79793\/revisions\/79796"}],"wp:featuredmedia":[{"embeddable":true,"href":"https:\/\/infoecos.com.ar\/index.php\/wp-json\/wp\/v2\/media\/79795"}],"wp:attachment":[{"href":"https:\/\/infoecos.com.ar\/index.php\/wp-json\/wp\/v2\/media?parent=79793"}],"wp:term":[{"taxonomy":"category","embeddable":true,"href":"https:\/\/infoecos.com.ar\/index.php\/wp-json\/wp\/v2\/categories?post=79793"},{"taxonomy":"post_tag","embeddable":true,"href":"https:\/\/infoecos.com.ar\/index.php\/wp-json\/wp\/v2\/tags?post=79793"}],"curies":[{"name":"wp","href":"https:\/\/api.w.org\/{rel}","templated":true}]}}