{"id":79801,"date":"2021-06-17T18:37:24","date_gmt":"2021-06-17T21:37:24","guid":{"rendered":"http:\/\/infoecos.com.ar\/?p=79801"},"modified":"2021-06-17T18:37:25","modified_gmt":"2021-06-17T21:37:25","slug":"el-acto-oficial-por-el-dia-de-la-bandera-en-trenque-lauquen-sera-el-domingo-proximo","status":"publish","type":"post","link":"https:\/\/infoecos.com.ar\/index.php\/el-acto-oficial-por-el-dia-de-la-bandera-en-trenque-lauquen-sera-el-domingo-proximo\/","title":{"rendered":"El acto oficial por el D\u00eda de la Bandera en Trenque Lauquen ser\u00e1 el domingo pr\u00f3ximo"},"content":{"rendered":"\n<p class=\"wp-block-paragraph\">La municipalidad de Trenque Lauquen y el Instituto Nuestra Se\u00f1ora del Rosario -nivel Primario-realizar\u00e1n el acto oficial por el D\u00eda de la Bandera Nacional el pr\u00f3ximo domingo, 20 de junio, a las 10 horas en Plaza Italia, ubicada en Cuello y Monferrand de esta ciudad.<\/p>\n\n\n\n<div class=\"wp-block-image\"><figure class=\"aligncenter size-medium\"><img decoding=\"async\" src=\"http:\/\/infoecos.com.ar\/wp-content\/uploads\/banderaargentina-1-640x445-14-460x320.jpg\" alt=\"\" class=\"wp-image-56573\"\/><\/figure><\/div>\n\n\n\n<p class=\"wp-block-paragraph\">Previamente, a las 9.30 y en el patio del Palacio Municipal se realizar\u00e1 la incineraci\u00f3n de Banderas de izar que est\u00e1n deterioradas por la exposici\u00f3n al sol y el viento.<\/p>\n\n\n\n<p class=\"wp-block-paragraph\">Al acto oficial s\u00f3lo asistir\u00e1n autoridades y no se podr\u00e1 realizar la tradicional jura de la Bandera de los chicos de 4to a\u00f1o, que se hace todos los a\u00f1os, debido a la situaci\u00f3n epidemiol\u00f3gica provocada por la pandemia de Covid-19. En caso de lluvia el acto oficial se trasladar\u00e1 al Centro C\u00edvico.<\/p>\n","protected":false},"excerpt":{"rendered":"<p>Previamente, a las 9.30 y en el patio del Palacio Municipal se realizar\u00e1 la incineraci\u00f3n de Banderas de izar que est\u00e1n deterioradas por la exposici\u00f3n al sol y el viento<\/p>\n","protected":false},"author":2,"featured_media":56542,"comment_status":"closed","ping_status":"open","sticky":false,"template":"","format":"standard","meta":{"footnotes":""},"categories":[47],"tags":[3944],"class_list":["post-79801","post","type-post","status-publish","format-standard","has-post-thumbnail","hentry","category-c3nota2","tag-en-plaza-italia"],"featured_image_urls":{"full":"","thumbnail":"","medium":"","medium_large":"","large":"","1536x1536":"","2048x2048":"","covernews-slider-full":"","covernews-slider-center":"","covernews-featured":"","covernews-medium":"","covernews-medium-square":""},"author_info":{"info":["Jorge Matheus"]},"category_info":"<a href=\"https:\/\/infoecos.com.ar\/index.php\/category\/c3nota2\/\" rel=\"category tag\">C3 N2<\/a>","tag_info":"C3 N2","comment_count":"0","_links":{"self":[{"href":"https:\/\/infoecos.com.ar\/index.php\/wp-json\/wp\/v2\/posts\/79801","targetHints":{"allow":["GET"]}}],"collection":[{"href":"https:\/\/infoecos.com.ar\/index.php\/wp-json\/wp\/v2\/posts"}],"about":[{"href":"https:\/\/infoecos.com.ar\/index.php\/wp-json\/wp\/v2\/types\/post"}],"author":[{"embeddable":true,"href":"https:\/\/infoecos.com.ar\/index.php\/wp-json\/wp\/v2\/users\/2"}],"replies":[{"embeddable":true,"href":"https:\/\/infoecos.com.ar\/index.php\/wp-json\/wp\/v2\/comments?post=79801"}],"version-history":[{"count":1,"href":"https:\/\/infoecos.com.ar\/index.php\/wp-json\/wp\/v2\/posts\/79801\/revisions"}],"predecessor-version":[{"id":79802,"href":"https:\/\/infoecos.com.ar\/index.php\/wp-json\/wp\/v2\/posts\/79801\/revisions\/79802"}],"wp:attachment":[{"href":"https:\/\/infoecos.com.ar\/index.php\/wp-json\/wp\/v2\/media?parent=79801"}],"wp:term":[{"taxonomy":"category","embeddable":true,"href":"https:\/\/infoecos.com.ar\/index.php\/wp-json\/wp\/v2\/categories?post=79801"},{"taxonomy":"post_tag","embeddable":true,"href":"https:\/\/infoecos.com.ar\/index.php\/wp-json\/wp\/v2\/tags?post=79801"}],"curies":[{"name":"wp","href":"https:\/\/api.w.org\/{rel}","templated":true}]}}