{"id":79815,"date":"2021-06-18T00:42:11","date_gmt":"2021-06-18T03:42:11","guid":{"rendered":"http:\/\/infoecos.com.ar\/?p=79815"},"modified":"2021-06-18T00:42:12","modified_gmt":"2021-06-18T03:42:12","slug":"roberto-baradel-destaco-la-inversion-de-la-provincia-en-materia-educativa","status":"publish","type":"post","link":"https:\/\/infoecos.com.ar\/index.php\/roberto-baradel-destaco-la-inversion-de-la-provincia-en-materia-educativa\/","title":{"rendered":"Roberto Baradel destac\u00f3 la inversi\u00f3n de la Provincia en materia educativa"},"content":{"rendered":"\n<p class=\"wp-block-paragraph\">El secretario general de SUTEBA, Roberto Baradel, analiz\u00f3 el regreso a las clases presenciales en los distritos del AMBA.\u00a0<\/p>\n\n\n\n<p class=\"wp-block-paragraph\">En declaraciones por <strong>Radio Provincia<\/strong> dijo que \u00aben los colegios debe garantizarse la ventilaci\u00f3n cruzada, la Provincia ha hecho una gran inversi\u00f3n para resolver los problemas del gas y las obras que se tienen que hacer\u201d.<\/p>\n\n\n\n<div class=\"wp-block-image\"><figure class=\"aligncenter size-large\"><img decoding=\"async\" src=\"http:\/\/infoecos.com.ar\/wp-content\/uploads\/roberto_baradel2-468x234.jpg\" alt=\"\" class=\"wp-image-24978\"\/><figcaption>Baradel, Roberto<\/figcaption><\/figure><\/div>\n\n\n\n<p class=\"wp-block-paragraph\">Baradel se\u00f1al\u00f3 que \u201chemos hablado con las autoridades de la ciudad de La Plata para que se intensifique el arreglo de las estufas en las escuelas que a\u00fan no han podido comenzar\u00bb.<\/p>\n\n\n\n<p class=\"wp-block-paragraph\">Agreg\u00f3 que la Provincia realiz\u00f3 una transferencia de dinero para que los Consejos Escolares realicen los arreglos en materia de gas y precis\u00f3 que \u00abes muy importante la inversi\u00f3n que hace Provincia a trav\u00e9s del Fondo Educativo\u00bb.<\/p>\n\n\n\n<p class=\"wp-block-paragraph\">Sobre el criterio epidemiol\u00f3gico para el regreso a las aulas, Baradel dijo que \u00absi hay cumplimiento de protocolos las clases contin\u00faan, cuando los protocolos no se cumplen y las condiciones sanitarias no est\u00e1n garantizadas se vuelve a la virtualidad\u00bb.<\/p>\n\n\n\n<p class=\"wp-block-paragraph\">Con respecto de las quejas de los padres para que regresen las clases, afirm\u00f3 que \u00abyo separ\u00f3 la manifestaci\u00f3n leg\u00edtima de los padres que reclaman la vuelta a la presencialidad. Como padre tambi\u00e9n quiero que mi hija vuela a la escuela, pero lo separo de la iniciativa pol\u00edtica de Juntos por el Cambio que ha sido bastante escu\u00e1lida al promover protestas frente a la Direcci\u00f3n General de Escuelas\u201d.\u00a0<\/p>\n\n\n\n<p class=\"wp-block-paragraph\">Baradel sostuvo que \u201cac\u00e1 se trata de cuestiones sanitarias y no educativas, que por supuesto deben ser prioridad\u00bb. Sin embargo, subray\u00f3 la necesidad de implementar programas de revinculaci\u00f3n con los chicos que no han tenido conectividad el a\u00f1o anterior.<\/p>\n","protected":false},"excerpt":{"rendered":"<p>El secretario general de SUTEBA, Roberto Baradel, analiz\u00f3 el regreso a las clases presenciales en los distritos del AMBA<\/p>\n","protected":false},"author":2,"featured_media":24978,"comment_status":"closed","ping_status":"open","sticky":false,"template":"","format":"standard","meta":{"footnotes":""},"categories":[50],"tags":[3948],"class_list":["post-79815","post","type-post","status-publish","format-standard","has-post-thumbnail","hentry","category-c1nota4","tag-a-traves-del-fondo-educativo"],"featured_image_urls":{"full":"","thumbnail":"","medium":"","medium_large":"","large":"","1536x1536":"","2048x2048":"","covernews-slider-full":"","covernews-slider-center":"","covernews-featured":"","covernews-medium":"","covernews-medium-square":""},"author_info":{"info":["Jorge Matheus"]},"category_info":"<a href=\"https:\/\/infoecos.com.ar\/index.php\/category\/c1nota4\/\" rel=\"category tag\">C1 N4<\/a>","tag_info":"C1 N4","comment_count":"0","_links":{"self":[{"href":"https:\/\/infoecos.com.ar\/index.php\/wp-json\/wp\/v2\/posts\/79815","targetHints":{"allow":["GET"]}}],"collection":[{"href":"https:\/\/infoecos.com.ar\/index.php\/wp-json\/wp\/v2\/posts"}],"about":[{"href":"https:\/\/infoecos.com.ar\/index.php\/wp-json\/wp\/v2\/types\/post"}],"author":[{"embeddable":true,"href":"https:\/\/infoecos.com.ar\/index.php\/wp-json\/wp\/v2\/users\/2"}],"replies":[{"embeddable":true,"href":"https:\/\/infoecos.com.ar\/index.php\/wp-json\/wp\/v2\/comments?post=79815"}],"version-history":[{"count":1,"href":"https:\/\/infoecos.com.ar\/index.php\/wp-json\/wp\/v2\/posts\/79815\/revisions"}],"predecessor-version":[{"id":79816,"href":"https:\/\/infoecos.com.ar\/index.php\/wp-json\/wp\/v2\/posts\/79815\/revisions\/79816"}],"wp:attachment":[{"href":"https:\/\/infoecos.com.ar\/index.php\/wp-json\/wp\/v2\/media?parent=79815"}],"wp:term":[{"taxonomy":"category","embeddable":true,"href":"https:\/\/infoecos.com.ar\/index.php\/wp-json\/wp\/v2\/categories?post=79815"},{"taxonomy":"post_tag","embeddable":true,"href":"https:\/\/infoecos.com.ar\/index.php\/wp-json\/wp\/v2\/tags?post=79815"}],"curies":[{"name":"wp","href":"https:\/\/api.w.org\/{rel}","templated":true}]}}