{"id":79825,"date":"2021-06-18T01:09:35","date_gmt":"2021-06-18T04:09:35","guid":{"rendered":"http:\/\/infoecos.com.ar\/?p=79825"},"modified":"2021-06-18T01:09:35","modified_gmt":"2021-06-18T04:09:35","slug":"trenque-lauquen-y-pellegrini-lanzan-el-proyecto-emprendedores-en-tiempo-de-pandemia-regional","status":"publish","type":"post","link":"https:\/\/infoecos.com.ar\/index.php\/trenque-lauquen-y-pellegrini-lanzan-el-proyecto-emprendedores-en-tiempo-de-pandemia-regional\/","title":{"rendered":"Trenque Lauquen y Pellegrini lanzan el proyecto \u00abEmprendedores en tiempo de Pandemia Regional\u00bb"},"content":{"rendered":"\n<p>La municipalidad de Trenque Lauquen lanza el proyecto \u201cEmprendedores en tiempos de Pandemia Regional\u201d, destinado a los j\u00f3venes del nivel secundario de los distintos establecimientos educativos del distrito, y en conjunto con el vecino partido de Pellegrini.<\/p>\n\n\n\n<p>\u201cEs la reformulaci\u00f3n de una iniciativa que ven\u00edamos trabajando desde el Municipio, en formato regional, desde el \u00e1rea de Producci\u00f3n y en conjunto con la direcci\u00f3n de Educaci\u00f3n\u201d, inform\u00f3 ayer la subsecretaria de Desarrollo Econ\u00f3mico y Producci\u00f3n del Municipio, Clarisa Fabris.<\/p>\n\n\n\n<div class=\"wp-block-image\"><figure class=\"aligncenter size-medium\"><img loading=\"lazy\" decoding=\"async\" width=\"460\" height=\"307\" src=\"http:\/\/infoecos.com.ar\/wp-content\/uploads\/2021\/06\/Clarisa-Fabris-460x307.jpg\" alt=\"\" class=\"wp-image-79826\" srcset=\"https:\/\/infoecos.com.ar\/wp-content\/uploads\/2021\/06\/Clarisa-Fabris-460x307.jpg 460w, https:\/\/infoecos.com.ar\/wp-content\/uploads\/2021\/06\/Clarisa-Fabris-768x512.jpg 768w, https:\/\/infoecos.com.ar\/wp-content\/uploads\/2021\/06\/Clarisa-Fabris-675x450.jpg 675w, https:\/\/infoecos.com.ar\/wp-content\/uploads\/2021\/06\/Clarisa-Fabris.jpg 852w\" sizes=\"(max-width: 460px) 100vw, 460px\" \/><figcaption>Fabris Clarisa<\/figcaption><\/figure><\/div>\n\n\n\n<p>La funcionaria record\u00f3 que \u201cla iniciativa arranc\u00f3 en 2018 con las Olimpiadas Emprendedoras, que tambi\u00e9n tuvo su edici\u00f3n en 2019; la pandemia nos impidi\u00f3 avanzar con este formato, mientras que Pellegrini trabaj\u00f3 con el programa de Emprendedores en Pandemia, por eso este a\u00f1o decidimos retomar este enfoque de emprendedores dentro del \u00e1mbito de las escuelas secundarias y sumarnos a este proyecto de car\u00e1cter regional\u201d.<\/p>\n\n\n\n<p>Acerca de los objetivos de la propuesta, Fabris coment\u00f3 que \u201cla idea es trabajar con esa semillita emprendedora que tenemos todos y que los chicos tengan la libertad de pensar en distintos tipos de emprendimientos productivos, de servicios educativos, sociales y de innovaci\u00f3n\u201d.<\/p>\n\n\n\n<p>\u201cPueden trabajar en cualquier tipo de emprendimiento que ellos consideren, tanto en el plano real actual como en la posibilidad de futuro, en grupos de ocho (8), al que pueden sumar alg\u00fan integrante que no est\u00e9 escolarizado por alg\u00fan motivo y de esta forma pensar en un proyecto, armarlo y defenderlo, en funci\u00f3n de varios par\u00e1metros que nosotros vamos a marcar\u201d, se\u00f1al\u00f3.<\/p>\n\n\n\n<p>\u201cLa idea es que se trabaje en cada uno de los distritos, aunque puede haber alguna complementariedad entre proyectos, para eso Educaci\u00f3n siempre est\u00e1 muy organizado para hacer este tipo de articulaciones y nosotros desde las \u00e1reas de Producci\u00f3n, tanto desde Pellegrini como nosotros ac\u00e1, apoyarlos en cualquier necesidad espec\u00edfica que tengan para ir armando estas ideas proyectos\u201d, explic\u00f3.<\/p>\n\n\n\n<p>En este sentido Fabris invit\u00f3 \u201ca los j\u00f3venes a que se animen a hacer esto, que de estos grupos siempre salen cosas muy buenas, y pensar en proyectos que puedan llegar a ser disparadores de otro tipo de actividades porque los j\u00f3venes son los emprendedores que van a llevar adelante muchas de las acciones en estas regiones en cinco, diez o quince a\u00f1os\u201d.<\/p>\n","protected":false},"excerpt":{"rendered":"<p>\u201cEs la reformulaci\u00f3n de una iniciativa que ven\u00edamos trabajando desde el Municipio, en formato regional\u00bb, dijo Clarisa Fabris<\/p>\n","protected":false},"author":2,"featured_media":79826,"comment_status":"closed","ping_status":"open","sticky":false,"template":"","format":"standard","meta":{"footnotes":""},"categories":[1323],"tags":[3951],"class_list":["post-79825","post","type-post","status-publish","format-standard","has-post-thumbnail","hentry","category-c2nota5","tag-para-jovenes-de-nivel-secundario"],"yoast_head":"<!-- This site is optimized with the Yoast SEO plugin v23.4 - https:\/\/yoast.com\/wordpress\/plugins\/seo\/ -->\n<title>Trenque Lauquen y Pellegrini lanzan el proyecto &quot;Emprendedores en tiempo de Pandemia Regional&quot; - Infoecos<\/title>\n<meta name=\"robots\" content=\"index, follow, max-snippet:-1, max-image-preview:large, max-video-preview:-1\" \/>\n<link rel=\"canonical\" href=\"https:\/\/infoecos.com.ar\/index.php\/trenque-lauquen-y-pellegrini-lanzan-el-proyecto-emprendedores-en-tiempo-de-pandemia-regional\/\" \/>\n<meta property=\"og:locale\" content=\"es_ES\" \/>\n<meta property=\"og:type\" content=\"article\" \/>\n<meta property=\"og:title\" content=\"Trenque Lauquen y Pellegrini lanzan el proyecto &quot;Emprendedores en tiempo de Pandemia Regional&quot; - Infoecos\" \/>\n<meta property=\"og:description\" content=\"\u201cEs la reformulaci\u00f3n de una iniciativa que ven\u00edamos trabajando desde el Municipio, en formato regional&quot;, dijo Clarisa Fabris\" \/>\n<meta property=\"og:url\" content=\"https:\/\/infoecos.com.ar\/index.php\/trenque-lauquen-y-pellegrini-lanzan-el-proyecto-emprendedores-en-tiempo-de-pandemia-regional\/\" \/>\n<meta property=\"og:site_name\" content=\"Infoecos\" \/>\n<meta property=\"article:publisher\" content=\"https:\/\/www.facebook.com\/profile.php?id=100063200290284\" \/>\n<meta property=\"article:published_time\" content=\"2021-06-18T04:09:35+00:00\" \/>\n<meta property=\"og:image\" content=\"https:\/\/infoecos.com.ar\/wp-content\/uploads\/2021\/06\/Clarisa-Fabris.jpg\" \/>\n\t<meta property=\"og:image:width\" content=\"852\" \/>\n\t<meta property=\"og:image:height\" content=\"568\" \/>\n\t<meta property=\"og:image:type\" content=\"image\/jpeg\" \/>\n<meta name=\"author\" content=\"Jorge Matheus\" \/>\n<meta name=\"twitter:card\" content=\"summary_large_image\" \/>\n<meta name=\"twitter:creator\" content=\"@infoecos\" \/>\n<meta name=\"twitter:site\" content=\"@infoecos\" \/>\n<meta name=\"twitter:label1\" content=\"Escrito por\" \/>\n\t<meta name=\"twitter:data1\" content=\"Jorge Matheus\" \/>\n\t<meta name=\"twitter:label2\" content=\"Tiempo de lectura\" \/>\n\t<meta name=\"twitter:data2\" content=\"2 minutos\" \/>\n<script type=\"application\/ld+json\" class=\"yoast-schema-graph\">{\"@context\":\"https:\/\/schema.org\",\"@graph\":[{\"@type\":\"Article\",\"@id\":\"https:\/\/infoecos.com.ar\/index.php\/trenque-lauquen-y-pellegrini-lanzan-el-proyecto-emprendedores-en-tiempo-de-pandemia-regional\/#article\",\"isPartOf\":{\"@id\":\"https:\/\/infoecos.com.ar\/index.php\/trenque-lauquen-y-pellegrini-lanzan-el-proyecto-emprendedores-en-tiempo-de-pandemia-regional\/\"},\"author\":{\"name\":\"Jorge Matheus\",\"@id\":\"https:\/\/infoecos.com.ar\/#\/schema\/person\/8f5ace5ce73b4b4aac4b7245aee6f191\"},\"headline\":\"Trenque Lauquen y Pellegrini lanzan el proyecto \u00abEmprendedores en tiempo de Pandemia Regional\u00bb\",\"datePublished\":\"2021-06-18T04:09:35+00:00\",\"dateModified\":\"2021-06-18T04:09:35+00:00\",\"mainEntityOfPage\":{\"@id\":\"https:\/\/infoecos.com.ar\/index.php\/trenque-lauquen-y-pellegrini-lanzan-el-proyecto-emprendedores-en-tiempo-de-pandemia-regional\/\"},\"wordCount\":405,\"publisher\":{\"@id\":\"https:\/\/infoecos.com.ar\/#organization\"},\"image\":{\"@id\":\"https:\/\/infoecos.com.ar\/index.php\/trenque-lauquen-y-pellegrini-lanzan-el-proyecto-emprendedores-en-tiempo-de-pandemia-regional\/#primaryimage\"},\"thumbnailUrl\":\"https:\/\/infoecos.com.ar\/wp-content\/uploads\/2021\/06\/Clarisa-Fabris.jpg\",\"keywords\":[\"PARA J\u00d3VENES DE NIVEL SECUNDARIO\"],\"articleSection\":[\"C2 N5\"],\"inLanguage\":\"es\"},{\"@type\":\"WebPage\",\"@id\":\"https:\/\/infoecos.com.ar\/index.php\/trenque-lauquen-y-pellegrini-lanzan-el-proyecto-emprendedores-en-tiempo-de-pandemia-regional\/\",\"url\":\"https:\/\/infoecos.com.ar\/index.php\/trenque-lauquen-y-pellegrini-lanzan-el-proyecto-emprendedores-en-tiempo-de-pandemia-regional\/\",\"name\":\"Trenque Lauquen y Pellegrini lanzan el proyecto \\\"Emprendedores en tiempo de Pandemia Regional\\\" - Infoecos\",\"isPartOf\":{\"@id\":\"https:\/\/infoecos.com.ar\/#website\"},\"primaryImageOfPage\":{\"@id\":\"https:\/\/infoecos.com.ar\/index.php\/trenque-lauquen-y-pellegrini-lanzan-el-proyecto-emprendedores-en-tiempo-de-pandemia-regional\/#primaryimage\"},\"image\":{\"@id\":\"https:\/\/infoecos.com.ar\/index.php\/trenque-lauquen-y-pellegrini-lanzan-el-proyecto-emprendedores-en-tiempo-de-pandemia-regional\/#primaryimage\"},\"thumbnailUrl\":\"https:\/\/infoecos.com.ar\/wp-content\/uploads\/2021\/06\/Clarisa-Fabris.jpg\",\"datePublished\":\"2021-06-18T04:09:35+00:00\",\"dateModified\":\"2021-06-18T04:09:35+00:00\",\"breadcrumb\":{\"@id\":\"https:\/\/infoecos.com.ar\/index.php\/trenque-lauquen-y-pellegrini-lanzan-el-proyecto-emprendedores-en-tiempo-de-pandemia-regional\/#breadcrumb\"},\"inLanguage\":\"es\",\"potentialAction\":[{\"@type\":\"ReadAction\",\"target\":[\"https:\/\/infoecos.com.ar\/index.php\/trenque-lauquen-y-pellegrini-lanzan-el-proyecto-emprendedores-en-tiempo-de-pandemia-regional\/\"]}]},{\"@type\":\"ImageObject\",\"inLanguage\":\"es\",\"@id\":\"https:\/\/infoecos.com.ar\/index.php\/trenque-lauquen-y-pellegrini-lanzan-el-proyecto-emprendedores-en-tiempo-de-pandemia-regional\/#primaryimage\",\"url\":\"https:\/\/infoecos.com.ar\/wp-content\/uploads\/2021\/06\/Clarisa-Fabris.jpg\",\"contentUrl\":\"https:\/\/infoecos.com.ar\/wp-content\/uploads\/2021\/06\/Clarisa-Fabris.jpg\",\"width\":852,\"height\":568},{\"@type\":\"BreadcrumbList\",\"@id\":\"https:\/\/infoecos.com.ar\/index.php\/trenque-lauquen-y-pellegrini-lanzan-el-proyecto-emprendedores-en-tiempo-de-pandemia-regional\/#breadcrumb\",\"itemListElement\":[{\"@type\":\"ListItem\",\"position\":1,\"name\":\"Portada\",\"item\":\"https:\/\/infoecos.com.ar\/\"},{\"@type\":\"ListItem\",\"position\":2,\"name\":\"Trenque Lauquen y Pellegrini lanzan el proyecto \u00abEmprendedores en tiempo de Pandemia Regional\u00bb\"}]},{\"@type\":\"WebSite\",\"@id\":\"https:\/\/infoecos.com.ar\/#website\",\"url\":\"https:\/\/infoecos.com.ar\/\",\"name\":\"Infoecos\",\"description\":\"Noticias de trenque lauquen y la zona\",\"publisher\":{\"@id\":\"https:\/\/infoecos.com.ar\/#organization\"},\"alternateName\":\"Noticias\",\"potentialAction\":[{\"@type\":\"SearchAction\",\"target\":{\"@type\":\"EntryPoint\",\"urlTemplate\":\"https:\/\/infoecos.com.ar\/?s={search_term_string}\"},\"query-input\":{\"@type\":\"PropertyValueSpecification\",\"valueRequired\":true,\"valueName\":\"search_term_string\"}}],\"inLanguage\":\"es\"},{\"@type\":\"Organization\",\"@id\":\"https:\/\/infoecos.com.ar\/#organization\",\"name\":\"Infoecos\",\"alternateName\":\"Noticias\",\"url\":\"https:\/\/infoecos.com.ar\/\",\"logo\":{\"@type\":\"ImageObject\",\"inLanguage\":\"es\",\"@id\":\"https:\/\/infoecos.com.ar\/#\/schema\/logo\/image\/\",\"url\":\"https:\/\/infoecos.com.ar\/wp-content\/uploads\/2024\/03\/cropped-logo.png\",\"contentUrl\":\"https:\/\/infoecos.com.ar\/wp-content\/uploads\/2024\/03\/cropped-logo.png\",\"width\":374,\"height\":90,\"caption\":\"Infoecos\"},\"image\":{\"@id\":\"https:\/\/infoecos.com.ar\/#\/schema\/logo\/image\/\"},\"sameAs\":[\"https:\/\/www.facebook.com\/profile.php?id=100063200290284\",\"https:\/\/x.com\/infoecos\"]},{\"@type\":\"Person\",\"@id\":\"https:\/\/infoecos.com.ar\/#\/schema\/person\/8f5ace5ce73b4b4aac4b7245aee6f191\",\"name\":\"Jorge Matheus\",\"url\":\"https:\/\/infoecos.com.ar\/index.php\/author\/jomatheus\/\"}]}<\/script>\n<!-- \/ Yoast SEO plugin. -->","yoast_head_json":{"title":"Trenque Lauquen y Pellegrini lanzan el proyecto \"Emprendedores en tiempo de Pandemia Regional\" - Infoecos","robots":{"index":"index","follow":"follow","max-snippet":"max-snippet:-1","max-image-preview":"max-image-preview:large","max-video-preview":"max-video-preview:-1"},"canonical":"https:\/\/infoecos.com.ar\/index.php\/trenque-lauquen-y-pellegrini-lanzan-el-proyecto-emprendedores-en-tiempo-de-pandemia-regional\/","og_locale":"es_ES","og_type":"article","og_title":"Trenque Lauquen y Pellegrini lanzan el proyecto \"Emprendedores en tiempo de Pandemia Regional\" - Infoecos","og_description":"\u201cEs la reformulaci\u00f3n de una iniciativa que ven\u00edamos trabajando desde el Municipio, en formato regional\", dijo Clarisa Fabris","og_url":"https:\/\/infoecos.com.ar\/index.php\/trenque-lauquen-y-pellegrini-lanzan-el-proyecto-emprendedores-en-tiempo-de-pandemia-regional\/","og_site_name":"Infoecos","article_publisher":"https:\/\/www.facebook.com\/profile.php?id=100063200290284","article_published_time":"2021-06-18T04:09:35+00:00","og_image":[{"width":852,"height":568,"url":"https:\/\/infoecos.com.ar\/wp-content\/uploads\/2021\/06\/Clarisa-Fabris.jpg","type":"image\/jpeg"}],"author":"Jorge Matheus","twitter_card":"summary_large_image","twitter_creator":"@infoecos","twitter_site":"@infoecos","twitter_misc":{"Escrito por":"Jorge Matheus","Tiempo de lectura":"2 minutos"},"schema":{"@context":"https:\/\/schema.org","@graph":[{"@type":"Article","@id":"https:\/\/infoecos.com.ar\/index.php\/trenque-lauquen-y-pellegrini-lanzan-el-proyecto-emprendedores-en-tiempo-de-pandemia-regional\/#article","isPartOf":{"@id":"https:\/\/infoecos.com.ar\/index.php\/trenque-lauquen-y-pellegrini-lanzan-el-proyecto-emprendedores-en-tiempo-de-pandemia-regional\/"},"author":{"name":"Jorge Matheus","@id":"https:\/\/infoecos.com.ar\/#\/schema\/person\/8f5ace5ce73b4b4aac4b7245aee6f191"},"headline":"Trenque Lauquen y Pellegrini lanzan el proyecto \u00abEmprendedores en tiempo de Pandemia Regional\u00bb","datePublished":"2021-06-18T04:09:35+00:00","dateModified":"2021-06-18T04:09:35+00:00","mainEntityOfPage":{"@id":"https:\/\/infoecos.com.ar\/index.php\/trenque-lauquen-y-pellegrini-lanzan-el-proyecto-emprendedores-en-tiempo-de-pandemia-regional\/"},"wordCount":405,"publisher":{"@id":"https:\/\/infoecos.com.ar\/#organization"},"image":{"@id":"https:\/\/infoecos.com.ar\/index.php\/trenque-lauquen-y-pellegrini-lanzan-el-proyecto-emprendedores-en-tiempo-de-pandemia-regional\/#primaryimage"},"thumbnailUrl":"https:\/\/infoecos.com.ar\/wp-content\/uploads\/2021\/06\/Clarisa-Fabris.jpg","keywords":["PARA J\u00d3VENES DE NIVEL SECUNDARIO"],"articleSection":["C2 N5"],"inLanguage":"es"},{"@type":"WebPage","@id":"https:\/\/infoecos.com.ar\/index.php\/trenque-lauquen-y-pellegrini-lanzan-el-proyecto-emprendedores-en-tiempo-de-pandemia-regional\/","url":"https:\/\/infoecos.com.ar\/index.php\/trenque-lauquen-y-pellegrini-lanzan-el-proyecto-emprendedores-en-tiempo-de-pandemia-regional\/","name":"Trenque Lauquen y Pellegrini lanzan el proyecto \"Emprendedores en tiempo de Pandemia Regional\" - Infoecos","isPartOf":{"@id":"https:\/\/infoecos.com.ar\/#website"},"primaryImageOfPage":{"@id":"https:\/\/infoecos.com.ar\/index.php\/trenque-lauquen-y-pellegrini-lanzan-el-proyecto-emprendedores-en-tiempo-de-pandemia-regional\/#primaryimage"},"image":{"@id":"https:\/\/infoecos.com.ar\/index.php\/trenque-lauquen-y-pellegrini-lanzan-el-proyecto-emprendedores-en-tiempo-de-pandemia-regional\/#primaryimage"},"thumbnailUrl":"https:\/\/infoecos.com.ar\/wp-content\/uploads\/2021\/06\/Clarisa-Fabris.jpg","datePublished":"2021-06-18T04:09:35+00:00","dateModified":"2021-06-18T04:09:35+00:00","breadcrumb":{"@id":"https:\/\/infoecos.com.ar\/index.php\/trenque-lauquen-y-pellegrini-lanzan-el-proyecto-emprendedores-en-tiempo-de-pandemia-regional\/#breadcrumb"},"inLanguage":"es","potentialAction":[{"@type":"ReadAction","target":["https:\/\/infoecos.com.ar\/index.php\/trenque-lauquen-y-pellegrini-lanzan-el-proyecto-emprendedores-en-tiempo-de-pandemia-regional\/"]}]},{"@type":"ImageObject","inLanguage":"es","@id":"https:\/\/infoecos.com.ar\/index.php\/trenque-lauquen-y-pellegrini-lanzan-el-proyecto-emprendedores-en-tiempo-de-pandemia-regional\/#primaryimage","url":"https:\/\/infoecos.com.ar\/wp-content\/uploads\/2021\/06\/Clarisa-Fabris.jpg","contentUrl":"https:\/\/infoecos.com.ar\/wp-content\/uploads\/2021\/06\/Clarisa-Fabris.jpg","width":852,"height":568},{"@type":"BreadcrumbList","@id":"https:\/\/infoecos.com.ar\/index.php\/trenque-lauquen-y-pellegrini-lanzan-el-proyecto-emprendedores-en-tiempo-de-pandemia-regional\/#breadcrumb","itemListElement":[{"@type":"ListItem","position":1,"name":"Portada","item":"https:\/\/infoecos.com.ar\/"},{"@type":"ListItem","position":2,"name":"Trenque Lauquen y Pellegrini lanzan el proyecto \u00abEmprendedores en tiempo de Pandemia Regional\u00bb"}]},{"@type":"WebSite","@id":"https:\/\/infoecos.com.ar\/#website","url":"https:\/\/infoecos.com.ar\/","name":"Infoecos","description":"Noticias de trenque lauquen y la zona","publisher":{"@id":"https:\/\/infoecos.com.ar\/#organization"},"alternateName":"Noticias","potentialAction":[{"@type":"SearchAction","target":{"@type":"EntryPoint","urlTemplate":"https:\/\/infoecos.com.ar\/?s={search_term_string}"},"query-input":{"@type":"PropertyValueSpecification","valueRequired":true,"valueName":"search_term_string"}}],"inLanguage":"es"},{"@type":"Organization","@id":"https:\/\/infoecos.com.ar\/#organization","name":"Infoecos","alternateName":"Noticias","url":"https:\/\/infoecos.com.ar\/","logo":{"@type":"ImageObject","inLanguage":"es","@id":"https:\/\/infoecos.com.ar\/#\/schema\/logo\/image\/","url":"https:\/\/infoecos.com.ar\/wp-content\/uploads\/2024\/03\/cropped-logo.png","contentUrl":"https:\/\/infoecos.com.ar\/wp-content\/uploads\/2024\/03\/cropped-logo.png","width":374,"height":90,"caption":"Infoecos"},"image":{"@id":"https:\/\/infoecos.com.ar\/#\/schema\/logo\/image\/"},"sameAs":["https:\/\/www.facebook.com\/profile.php?id=100063200290284","https:\/\/x.com\/infoecos"]},{"@type":"Person","@id":"https:\/\/infoecos.com.ar\/#\/schema\/person\/8f5ace5ce73b4b4aac4b7245aee6f191","name":"Jorge Matheus","url":"https:\/\/infoecos.com.ar\/index.php\/author\/jomatheus\/"}]}},"featured_image_urls":{"full":["https:\/\/infoecos.com.ar\/wp-content\/uploads\/2021\/06\/Clarisa-Fabris.jpg",852,568,false],"thumbnail":["https:\/\/infoecos.com.ar\/wp-content\/uploads\/2021\/06\/Clarisa-Fabris-150x150.jpg",150,150,true],"medium":["https:\/\/infoecos.com.ar\/wp-content\/uploads\/2021\/06\/Clarisa-Fabris-460x307.jpg",460,307,true],"medium_large":["https:\/\/infoecos.com.ar\/wp-content\/uploads\/2021\/06\/Clarisa-Fabris-768x512.jpg",640,427,true],"large":["https:\/\/infoecos.com.ar\/wp-content\/uploads\/2021\/06\/Clarisa-Fabris.jpg",640,427,false],"1536x1536":["https:\/\/infoecos.com.ar\/wp-content\/uploads\/2021\/06\/Clarisa-Fabris.jpg",852,568,false],"2048x2048":["https:\/\/infoecos.com.ar\/wp-content\/uploads\/2021\/06\/Clarisa-Fabris.jpg",852,568,false],"covernews-slider-full":["https:\/\/infoecos.com.ar\/wp-content\/uploads\/2021\/06\/Clarisa-Fabris.jpg",852,568,false],"covernews-slider-center":["https:\/\/infoecos.com.ar\/wp-content\/uploads\/2021\/06\/Clarisa-Fabris.jpg",750,500,false],"covernews-featured":["https:\/\/infoecos.com.ar\/wp-content\/uploads\/2021\/06\/Clarisa-Fabris.jpg",852,568,false],"covernews-medium":["https:\/\/infoecos.com.ar\/wp-content\/uploads\/2021\/06\/Clarisa-Fabris-720x380.jpg",540,285,true],"covernews-medium-square":["https:\/\/infoecos.com.ar\/wp-content\/uploads\/2021\/06\/Clarisa-Fabris-675x450.jpg",375,250,true]},"author_info":{"info":["Jorge Matheus"]},"category_info":"<a href=\"https:\/\/infoecos.com.ar\/index.php\/category\/c2nota5\/\" rel=\"category tag\">C2 N5<\/a>","tag_info":"C2 N5","comment_count":"0","_links":{"self":[{"href":"https:\/\/infoecos.com.ar\/index.php\/wp-json\/wp\/v2\/posts\/79825"}],"collection":[{"href":"https:\/\/infoecos.com.ar\/index.php\/wp-json\/wp\/v2\/posts"}],"about":[{"href":"https:\/\/infoecos.com.ar\/index.php\/wp-json\/wp\/v2\/types\/post"}],"author":[{"embeddable":true,"href":"https:\/\/infoecos.com.ar\/index.php\/wp-json\/wp\/v2\/users\/2"}],"replies":[{"embeddable":true,"href":"https:\/\/infoecos.com.ar\/index.php\/wp-json\/wp\/v2\/comments?post=79825"}],"version-history":[{"count":1,"href":"https:\/\/infoecos.com.ar\/index.php\/wp-json\/wp\/v2\/posts\/79825\/revisions"}],"predecessor-version":[{"id":79827,"href":"https:\/\/infoecos.com.ar\/index.php\/wp-json\/wp\/v2\/posts\/79825\/revisions\/79827"}],"wp:featuredmedia":[{"embeddable":true,"href":"https:\/\/infoecos.com.ar\/index.php\/wp-json\/wp\/v2\/media\/79826"}],"wp:attachment":[{"href":"https:\/\/infoecos.com.ar\/index.php\/wp-json\/wp\/v2\/media?parent=79825"}],"wp:term":[{"taxonomy":"category","embeddable":true,"href":"https:\/\/infoecos.com.ar\/index.php\/wp-json\/wp\/v2\/categories?post=79825"},{"taxonomy":"post_tag","embeddable":true,"href":"https:\/\/infoecos.com.ar\/index.php\/wp-json\/wp\/v2\/tags?post=79825"}],"curies":[{"name":"wp","href":"https:\/\/api.w.org\/{rel}","templated":true}]}}