{"id":79843,"date":"2021-06-18T17:28:57","date_gmt":"2021-06-18T20:28:57","guid":{"rendered":"http:\/\/infoecos.com.ar\/?p=79843"},"modified":"2021-06-18T17:28:57","modified_gmt":"2021-06-18T20:28:57","slug":"fernandez-promulgo-la-ordenanza-tu-lote-tu-casa-y-el-martes-ofrecera-una-conferencia-de-prensa","status":"publish","type":"post","link":"https:\/\/infoecos.com.ar\/index.php\/fernandez-promulgo-la-ordenanza-tu-lote-tu-casa-y-el-martes-ofrecera-una-conferencia-de-prensa\/","title":{"rendered":"Fern\u00e1ndez promulg\u00f3 la ordenanza \u00abTu Lote, Tu Casa\u00bb y el martes ofrecer\u00e1 una conferencia de prensa"},"content":{"rendered":"\n<p class=\"wp-block-paragraph\">El intendente municipal de Trenque Lauquen, Miguel Fern\u00e1ndez, promulg\u00f3 la ordenanza para la implementaci\u00f3n de un plan de viviendas denominado \u201cTu Lote, Tu Casa\u201d, una iniciativa del Departamento Ejecutivo aprobada por el Concejo Deliberante.<\/p>\n\n\n\n<div class=\"wp-block-image\"><figure class=\"aligncenter size-medium\"><img loading=\"lazy\" decoding=\"async\" width=\"460\" height=\"306\" src=\"http:\/\/infoecos.com.ar\/wp-content\/uploads\/2021\/06\/miguel-fernandez-460x306.jpg\" alt=\"\" class=\"wp-image-79844\" srcset=\"https:\/\/infoecos.com.ar\/wp-content\/uploads\/2021\/06\/miguel-fernandez-460x306.jpg 460w, https:\/\/infoecos.com.ar\/wp-content\/uploads\/2021\/06\/miguel-fernandez-768x511.jpg 768w, https:\/\/infoecos.com.ar\/wp-content\/uploads\/2021\/06\/miguel-fernandez-675x450.jpg 675w, https:\/\/infoecos.com.ar\/wp-content\/uploads\/2021\/06\/miguel-fernandez.jpg 880w\" sizes=\"auto, (max-width: 460px) 100vw, 460px\" \/><figcaption>Fern\u00e1ndez, Miguel<\/figcaption><\/figure><\/div>\n\n\n\n<p class=\"wp-block-paragraph\">El anuncio se har\u00e1 el pr\u00f3ximo martes 22, a las 10 horas, en el Sal\u00f3n Auditorio del Centro C\u00edvico, donde el Intendente Fern\u00e1ndez brindar\u00e1 una conferencia de prensa para precisar cu\u00e1ndo comenzar\u00e1 la inscripci\u00f3n, requisitos para anotarse y otros aspectos que hacer a las caracter\u00edsticas del programa. Se transmitir\u00e1 en vivo por las redes sociales del Municipio.<\/p>\n\n\n\n<p class=\"wp-block-paragraph\">La primera etapa del plan, que apunta a dar respuesta al d\u00e9ficit habitacional que se registra en el distrito, abarca 50 terrenos de propiedad municipal.<\/p>\n","protected":false},"excerpt":{"rendered":"<p>Una iniciativa del Departamento Ejecutivo de Trenque Lauquen aprobada por el Concejo Deliberante.<\/p>\n","protected":false},"author":2,"featured_media":79844,"comment_status":"closed","ping_status":"open","sticky":false,"template":"","format":"standard","meta":{"footnotes":""},"categories":[29],"tags":[3955],"class_list":["post-79843","post","type-post","status-publish","format-standard","has-post-thumbnail","hentry","category-c2nota1","tag-brindara-precisiones"],"featured_image_urls":{"full":["https:\/\/infoecos.com.ar\/wp-content\/uploads\/2021\/06\/miguel-fernandez.jpg",880,586,false],"thumbnail":["https:\/\/infoecos.com.ar\/wp-content\/uploads\/2021\/06\/miguel-fernandez-150x150.jpg",150,150,true],"medium":["https:\/\/infoecos.com.ar\/wp-content\/uploads\/2021\/06\/miguel-fernandez-460x306.jpg",460,306,true],"medium_large":["https:\/\/infoecos.com.ar\/wp-content\/uploads\/2021\/06\/miguel-fernandez-768x511.jpg",640,426,true],"large":["https:\/\/infoecos.com.ar\/wp-content\/uploads\/2021\/06\/miguel-fernandez.jpg",640,426,false],"1536x1536":["https:\/\/infoecos.com.ar\/wp-content\/uploads\/2021\/06\/miguel-fernandez.jpg",880,586,false],"2048x2048":["https:\/\/infoecos.com.ar\/wp-content\/uploads\/2021\/06\/miguel-fernandez.jpg",880,586,false],"covernews-slider-full":["https:\/\/infoecos.com.ar\/wp-content\/uploads\/2021\/06\/miguel-fernandez.jpg",880,586,false],"covernews-slider-center":["https:\/\/infoecos.com.ar\/wp-content\/uploads\/2021\/06\/miguel-fernandez.jpg",751,500,false],"covernews-featured":["https:\/\/infoecos.com.ar\/wp-content\/uploads\/2021\/06\/miguel-fernandez.jpg",880,586,false],"covernews-medium":["https:\/\/infoecos.com.ar\/wp-content\/uploads\/2021\/06\/miguel-fernandez-720x380.jpg",540,285,true],"covernews-medium-square":["https:\/\/infoecos.com.ar\/wp-content\/uploads\/2021\/06\/miguel-fernandez-675x450.jpg",375,250,true]},"author_info":{"info":["Jorge Matheus"]},"category_info":"<a href=\"https:\/\/infoecos.com.ar\/index.php\/category\/c2nota1\/\" rel=\"category tag\">C2 nota 1<\/a>","tag_info":"C2 nota 1","comment_count":"0","_links":{"self":[{"href":"https:\/\/infoecos.com.ar\/index.php\/wp-json\/wp\/v2\/posts\/79843","targetHints":{"allow":["GET"]}}],"collection":[{"href":"https:\/\/infoecos.com.ar\/index.php\/wp-json\/wp\/v2\/posts"}],"about":[{"href":"https:\/\/infoecos.com.ar\/index.php\/wp-json\/wp\/v2\/types\/post"}],"author":[{"embeddable":true,"href":"https:\/\/infoecos.com.ar\/index.php\/wp-json\/wp\/v2\/users\/2"}],"replies":[{"embeddable":true,"href":"https:\/\/infoecos.com.ar\/index.php\/wp-json\/wp\/v2\/comments?post=79843"}],"version-history":[{"count":1,"href":"https:\/\/infoecos.com.ar\/index.php\/wp-json\/wp\/v2\/posts\/79843\/revisions"}],"predecessor-version":[{"id":79845,"href":"https:\/\/infoecos.com.ar\/index.php\/wp-json\/wp\/v2\/posts\/79843\/revisions\/79845"}],"wp:featuredmedia":[{"embeddable":true,"href":"https:\/\/infoecos.com.ar\/index.php\/wp-json\/wp\/v2\/media\/79844"}],"wp:attachment":[{"href":"https:\/\/infoecos.com.ar\/index.php\/wp-json\/wp\/v2\/media?parent=79843"}],"wp:term":[{"taxonomy":"category","embeddable":true,"href":"https:\/\/infoecos.com.ar\/index.php\/wp-json\/wp\/v2\/categories?post=79843"},{"taxonomy":"post_tag","embeddable":true,"href":"https:\/\/infoecos.com.ar\/index.php\/wp-json\/wp\/v2\/tags?post=79843"}],"curies":[{"name":"wp","href":"https:\/\/api.w.org\/{rel}","templated":true}]}}