{"id":79875,"date":"2021-06-21T17:22:18","date_gmt":"2021-06-21T20:22:18","guid":{"rendered":"http:\/\/infoecos.com.ar\/?p=79875"},"modified":"2021-06-21T17:28:39","modified_gmt":"2021-06-21T20:28:39","slug":"el-intendente-de-trenque-lauquen-a-favor-de-la-presencialidad-en-las-escuelas-se-reunira-con-kicillof","status":"publish","type":"post","link":"https:\/\/infoecos.com.ar\/index.php\/el-intendente-de-trenque-lauquen-a-favor-de-la-presencialidad-en-las-escuelas-se-reunira-con-kicillof\/","title":{"rendered":"El intendente de Trenque Lauquen a favor de la presencialidad en las escuelas: se reunir\u00e1 con Kicillof"},"content":{"rendered":"\n<p class=\"wp-block-paragraph\">El intendente municipal de Trenque Lauquen que este martes ofrecer\u00e1 una conferencia de prensa para explicar los alcances del plan de viviendas denominado \u00abTu Lote, Tu Casa\u00bb, cuya ordenanza fuera aprobada por el Concejo Deliberante y promulgada por el Departamento Ejecutivo, ya adelant\u00f3 algunas aristas pol\u00edticas que tendr\u00e1 la reuni\u00f3n con los periodistas.<\/p>\n\n\n\n<div class=\"wp-block-image\"><figure class=\"aligncenter size-medium\"><img loading=\"lazy\" decoding=\"async\" width=\"460\" height=\"259\" src=\"http:\/\/infoecos.com.ar\/wp-content\/uploads\/2021\/06\/Acto-Dia-de-la-Bandera-460x259.jpg\" alt=\"\" class=\"wp-image-79876\" srcset=\"https:\/\/infoecos.com.ar\/wp-content\/uploads\/2021\/06\/Acto-Dia-de-la-Bandera-460x259.jpg 460w, https:\/\/infoecos.com.ar\/wp-content\/uploads\/2021\/06\/Acto-Dia-de-la-Bandera-920x518.jpg 920w, https:\/\/infoecos.com.ar\/wp-content\/uploads\/2021\/06\/Acto-Dia-de-la-Bandera-768x432.jpg 768w, https:\/\/infoecos.com.ar\/wp-content\/uploads\/2021\/06\/Acto-Dia-de-la-Bandera-1024x576.jpg 1024w, https:\/\/infoecos.com.ar\/wp-content\/uploads\/2021\/06\/Acto-Dia-de-la-Bandera.jpg 1280w\" sizes=\"auto, (max-width: 460px) 100vw, 460px\" \/><figcaption>Fern\u00e1ndez en el acto por el D\u00eda de la Bandera<\/figcaption><\/figure><\/div>\n\n\n\n<p class=\"wp-block-paragraph\">En declaraciones que formula al programa <strong>Hoy D\u00eda de L\u00edder TV Web<\/strong> que se emite por Canal 12, el mandatario comunal dijo lo que hasta ahora manten\u00eda en cierta reserva: \u00abdebe volver la presencialidad a las escuelas\u00bb.<\/p>\n\n\n\n<p class=\"wp-block-paragraph\">En el medio colega se se\u00f1ala que entrevistado por el periodista Gast\u00f3n V\u00eda, se\u00f1al\u00f3 que en el transcurso de la semana se reunir\u00e1, junto con otros mandatarios comunales, con el gobernador de la provincia de Buenos Aires, Axel Kicillof. Especific\u00f3 que \u00abesto lo manejo con Teresa Garc\u00eda, la ministra de Gobierno. Ya hab\u00edamos solicitado una audiencia con el gobernador porque tratamos de articular los pedidos de la gente y las necesidades sanitarias\u00bb.<\/p>\n\n\n\n<p class=\"wp-block-paragraph\">\u00abNosotros discutimos que no se puede tomar un solo indicador de control de si la pandemia va bien o mal, y el caso de los 500 activos cada 15 d\u00edas es un indicador m\u00e1s pero que hay mucho m\u00e1s que mirar y debemos decidirlo entre todos. Debemos trata de convivir con la pandemia lo mejor posible\u00bb, manifest\u00f3 el mandatario comunal..<\/p>\n\n\n\n<div class=\"wp-block-image\"><figure class=\"aligncenter size-medium\"><img loading=\"lazy\" decoding=\"async\" width=\"460\" height=\"259\" src=\"http:\/\/infoecos.com.ar\/wp-content\/uploads\/2021\/06\/Incineracion-de-banderas-5-460x259.jpg\" alt=\"\" class=\"wp-image-79877\" srcset=\"https:\/\/infoecos.com.ar\/wp-content\/uploads\/2021\/06\/Incineracion-de-banderas-5-460x259.jpg 460w, https:\/\/infoecos.com.ar\/wp-content\/uploads\/2021\/06\/Incineracion-de-banderas-5-920x518.jpg 920w, https:\/\/infoecos.com.ar\/wp-content\/uploads\/2021\/06\/Incineracion-de-banderas-5-768x432.jpg 768w, https:\/\/infoecos.com.ar\/wp-content\/uploads\/2021\/06\/Incineracion-de-banderas-5-1024x576.jpg 1024w, https:\/\/infoecos.com.ar\/wp-content\/uploads\/2021\/06\/Incineracion-de-banderas-5.jpg 1280w\" sizes=\"auto, (max-width: 460px) 100vw, 460px\" \/><figcaption>Fern\u00e1ndez en el acto por el D\u00eda de la Bandera <\/figcaption><\/figure><\/div>\n\n\n\n<p class=\"wp-block-paragraph\">Asimismo, indic\u00f3 que \u00abcreo que tienen que volver las clases presenciales, para mi el problema no es el lugar. Sino tenemos que cerrar todo. El problema es salir del eje de donde est\u00e1 el lugar, ya que en muchos de los lugares funcionan los protocolos y donde tenemos el problemas es en el incumplimieno de las normas y conductas de cuidado\u00bb<\/p>\n\n\n\n<p class=\"wp-block-paragraph\"><\/p>\n","protected":false},"excerpt":{"rendered":"<p>En el medio colega se se\u00f1ala que entrevistado por el periodista Gast\u00f3n V\u00eda, dijo que en el transcurso de la semana se reunir\u00e1, junto con otros mandatarios comunales, con el gobernador<\/p>\n","protected":false},"author":2,"featured_media":79876,"comment_status":"closed","ping_status":"open","sticky":false,"template":"","format":"standard","meta":{"footnotes":""},"categories":[28],"tags":[3961],"class_list":["post-79875","post","type-post","status-publish","format-standard","has-post-thumbnail","hentry","category-c1nota1","tag-se-lo-adelanto-a-hoy-dia-de-lider-tv-web"],"featured_image_urls":{"full":["https:\/\/infoecos.com.ar\/wp-content\/uploads\/2021\/06\/Acto-Dia-de-la-Bandera.jpg",1280,720,false],"thumbnail":["https:\/\/infoecos.com.ar\/wp-content\/uploads\/2021\/06\/Acto-Dia-de-la-Bandera-150x150.jpg",150,150,true],"medium":["https:\/\/infoecos.com.ar\/wp-content\/uploads\/2021\/06\/Acto-Dia-de-la-Bandera-460x259.jpg",460,259,true],"medium_large":["https:\/\/infoecos.com.ar\/wp-content\/uploads\/2021\/06\/Acto-Dia-de-la-Bandera-768x432.jpg",640,360,true],"large":["https:\/\/infoecos.com.ar\/wp-content\/uploads\/2021\/06\/Acto-Dia-de-la-Bandera-920x518.jpg",640,360,true],"1536x1536":["https:\/\/infoecos.com.ar\/wp-content\/uploads\/2021\/06\/Acto-Dia-de-la-Bandera.jpg",1280,720,false],"2048x2048":["https:\/\/infoecos.com.ar\/wp-content\/uploads\/2021\/06\/Acto-Dia-de-la-Bandera.jpg",1280,720,false],"covernews-slider-full":["https:\/\/infoecos.com.ar\/wp-content\/uploads\/2021\/06\/Acto-Dia-de-la-Bandera.jpg",1115,627,false],"covernews-slider-center":["https:\/\/infoecos.com.ar\/wp-content\/uploads\/2021\/06\/Acto-Dia-de-la-Bandera-936x720.jpg",650,500,true],"covernews-featured":["https:\/\/infoecos.com.ar\/wp-content\/uploads\/2021\/06\/Acto-Dia-de-la-Bandera-1024x576.jpg",1024,576,true],"covernews-medium":["https:\/\/infoecos.com.ar\/wp-content\/uploads\/2021\/06\/Acto-Dia-de-la-Bandera-720x380.jpg",540,285,true],"covernews-medium-square":["https:\/\/infoecos.com.ar\/wp-content\/uploads\/2021\/06\/Acto-Dia-de-la-Bandera-675x450.jpg",375,250,true]},"author_info":{"info":["Jorge Matheus"]},"category_info":"<a href=\"https:\/\/infoecos.com.ar\/index.php\/category\/c1nota1\/\" rel=\"category tag\">C1 N1<\/a>","tag_info":"C1 N1","comment_count":"0","_links":{"self":[{"href":"https:\/\/infoecos.com.ar\/index.php\/wp-json\/wp\/v2\/posts\/79875","targetHints":{"allow":["GET"]}}],"collection":[{"href":"https:\/\/infoecos.com.ar\/index.php\/wp-json\/wp\/v2\/posts"}],"about":[{"href":"https:\/\/infoecos.com.ar\/index.php\/wp-json\/wp\/v2\/types\/post"}],"author":[{"embeddable":true,"href":"https:\/\/infoecos.com.ar\/index.php\/wp-json\/wp\/v2\/users\/2"}],"replies":[{"embeddable":true,"href":"https:\/\/infoecos.com.ar\/index.php\/wp-json\/wp\/v2\/comments?post=79875"}],"version-history":[{"count":2,"href":"https:\/\/infoecos.com.ar\/index.php\/wp-json\/wp\/v2\/posts\/79875\/revisions"}],"predecessor-version":[{"id":79879,"href":"https:\/\/infoecos.com.ar\/index.php\/wp-json\/wp\/v2\/posts\/79875\/revisions\/79879"}],"wp:featuredmedia":[{"embeddable":true,"href":"https:\/\/infoecos.com.ar\/index.php\/wp-json\/wp\/v2\/media\/79876"}],"wp:attachment":[{"href":"https:\/\/infoecos.com.ar\/index.php\/wp-json\/wp\/v2\/media?parent=79875"}],"wp:term":[{"taxonomy":"category","embeddable":true,"href":"https:\/\/infoecos.com.ar\/index.php\/wp-json\/wp\/v2\/categories?post=79875"},{"taxonomy":"post_tag","embeddable":true,"href":"https:\/\/infoecos.com.ar\/index.php\/wp-json\/wp\/v2\/tags?post=79875"}],"curies":[{"name":"wp","href":"https:\/\/api.w.org\/{rel}","templated":true}]}}