{"id":79901,"date":"2021-06-22T02:17:13","date_gmt":"2021-06-22T05:17:13","guid":{"rendered":"http:\/\/infoecos.com.ar\/?p=79901"},"modified":"2021-06-23T02:56:54","modified_gmt":"2021-06-23T05:56:54","slug":"la-intendenta-de-carlos-tejedor-dijo-que-el-exito-del-congreso-del-pj-es-historico","status":"publish","type":"post","link":"https:\/\/infoecos.com.ar\/index.php\/la-intendenta-de-carlos-tejedor-dijo-que-el-exito-del-congreso-del-pj-es-historico\/","title":{"rendered":"La intendenta de Carlos Tejedor dijo que el \u00ab\u00e9xito del Congreso del PJ es hist\u00f3rico\u00bb"},"content":{"rendered":"\n<p>El Partido Justicialista de la provincia de Buenos Aires&nbsp;ratific\u00f3 su vocaci\u00f3n por la unidad y dio el primer paso para la conformaci\u00f3n del Frente de Todos, el pasado s\u00e1bado.  Fue en el marco del Congreso Provincial. Particip\u00f3 M\u00e1ximo Kirchner que en diciembre habr\u00e1 de asumir la titularidad del partido.<\/p>\n\n\n\n<div class=\"wp-block-image\"><figure class=\"aligncenter size-medium\"><img loading=\"lazy\" decoding=\"async\" width=\"460\" height=\"303\" src=\"http:\/\/infoecos.com.ar\/wp-content\/uploads\/2021\/06\/congresopjvirtual-460x303.jpg\" alt=\"\" class=\"wp-image-79902\" srcset=\"https:\/\/infoecos.com.ar\/wp-content\/uploads\/2021\/06\/congresopjvirtual-460x303.jpg 460w, https:\/\/infoecos.com.ar\/wp-content\/uploads\/2021\/06\/congresopjvirtual.jpg 720w\" sizes=\"(max-width: 460px) 100vw, 460px\" \/><\/figure><\/div>\n\n\n\n<p>Participaron 800 congresales. \u201cEstamos muy felices de haber podido llevar adelante un congreso hist\u00f3rico del peronismo de la provincia de Buenos Aires, que funcion\u00f3 por primera vez de forma virtual y que demuestra la unidad. El amplio qu\u00f3rum que alcanzamos y la presencia de todos los sectores son una clara muestra de los consensos logrados\u201d, expres\u00f3 Fernando Espinoza, anfitri\u00f3n, en su rol de presidente del Congreso, quien remarc\u00f3 la importancia de la unidad: \u201cUnidos somos invencibles\u201d.<\/p>\n\n\n\n<div class=\"wp-block-image\"><figure class=\"aligncenter size-medium\"><img loading=\"lazy\" decoding=\"async\" width=\"460\" height=\"306\" src=\"http:\/\/infoecos.com.ar\/wp-content\/uploads\/2021\/06\/congresopjvirtual2-460x306.jpg\" alt=\"\" class=\"wp-image-79903\" srcset=\"https:\/\/infoecos.com.ar\/wp-content\/uploads\/2021\/06\/congresopjvirtual2-460x306.jpg 460w, https:\/\/infoecos.com.ar\/wp-content\/uploads\/2021\/06\/congresopjvirtual2-920x613.jpg 920w, https:\/\/infoecos.com.ar\/wp-content\/uploads\/2021\/06\/congresopjvirtual2-768x512.jpg 768w, https:\/\/infoecos.com.ar\/wp-content\/uploads\/2021\/06\/congresopjvirtual2-675x450.jpg 675w, https:\/\/infoecos.com.ar\/wp-content\/uploads\/2021\/06\/congresopjvirtual2.jpg 1024w\" sizes=\"(max-width: 460px) 100vw, 460px\" \/><\/figure><\/div>\n\n\n\n<p>\u201cEl \u00e9xito que ha tenido este congreso es hist\u00f3rico. Celebro este tipo de encuentros del peronismo porque es lo que nos da fuerza y esa fuerza la tenemos que replicar en el pueblo\u201d, valor\u00f3 Mar\u00eda Celia Gianini, intendenta de Carlos Tejedor.<\/p>\n\n\n\n<p>Por fuera de lo que es la conducci\u00f3n del partido, participaron el<strong>&nbsp;<\/strong>jefe de Gabinete de la Naci\u00f3n, Santiago Cafiero, quien hizo un saludo en nombre del presidente de la Naci\u00f3n y presidente del PJ Nacional,&nbsp;Alberto Fern\u00e1ndez; del gobernador de la provincia de Buenos Aires,&nbsp;Axel Kicillof&nbsp;y del secretario general de SMATA,&nbsp;Ricardo Pignanelli.<\/p>\n","protected":false},"excerpt":{"rendered":"<p>El Partido Justicialista de la provincia de Buenos Aires ratific\u00f3 su vocaci\u00f3n por la unidad y dio el primer paso para la conformaci\u00f3n del Frente de Todos, el pasado s\u00e1bado<\/p>\n","protected":false},"author":2,"featured_media":79902,"comment_status":"closed","ping_status":"open","sticky":false,"template":"","format":"standard","meta":{"footnotes":""},"categories":[201],"tags":[1329],"class_list":["post-79901","post","type-post","status-publish","format-standard","has-post-thumbnail","hentry","category-inferior9","tag-politica-electoral"],"yoast_head":"<!-- This site is optimized with the Yoast SEO plugin v23.4 - https:\/\/yoast.com\/wordpress\/plugins\/seo\/ -->\n<title>La intendenta de Carlos Tejedor dijo que el &quot;\u00e9xito del Congreso del PJ es hist\u00f3rico&quot; - Infoecos<\/title>\n<meta name=\"robots\" content=\"index, follow, max-snippet:-1, max-image-preview:large, max-video-preview:-1\" \/>\n<link rel=\"canonical\" href=\"https:\/\/infoecos.com.ar\/index.php\/la-intendenta-de-carlos-tejedor-dijo-que-el-exito-del-congreso-del-pj-es-historico\/\" \/>\n<meta property=\"og:locale\" content=\"es_ES\" \/>\n<meta property=\"og:type\" content=\"article\" \/>\n<meta property=\"og:title\" content=\"La intendenta de Carlos Tejedor dijo que el &quot;\u00e9xito del Congreso del PJ es hist\u00f3rico&quot; - Infoecos\" \/>\n<meta property=\"og:description\" content=\"El Partido Justicialista de la provincia de Buenos Aires ratific\u00f3 su vocaci\u00f3n por la unidad y dio el primer paso para la conformaci\u00f3n del Frente de Todos, el pasado s\u00e1bado\" \/>\n<meta property=\"og:url\" content=\"https:\/\/infoecos.com.ar\/index.php\/la-intendenta-de-carlos-tejedor-dijo-que-el-exito-del-congreso-del-pj-es-historico\/\" \/>\n<meta property=\"og:site_name\" content=\"Infoecos\" \/>\n<meta property=\"article:publisher\" content=\"https:\/\/www.facebook.com\/profile.php?id=100063200290284\" \/>\n<meta property=\"article:published_time\" content=\"2021-06-22T05:17:13+00:00\" \/>\n<meta property=\"article:modified_time\" content=\"2021-06-23T05:56:54+00:00\" \/>\n<meta property=\"og:image\" content=\"https:\/\/infoecos.com.ar\/wp-content\/uploads\/2021\/06\/congresopjvirtual.jpg\" \/>\n\t<meta property=\"og:image:width\" content=\"720\" \/>\n\t<meta property=\"og:image:height\" content=\"475\" \/>\n\t<meta property=\"og:image:type\" content=\"image\/jpeg\" \/>\n<meta name=\"author\" content=\"Jorge Matheus\" \/>\n<meta name=\"twitter:card\" content=\"summary_large_image\" \/>\n<meta name=\"twitter:creator\" content=\"@infoecos\" \/>\n<meta name=\"twitter:site\" content=\"@infoecos\" \/>\n<meta name=\"twitter:label1\" content=\"Escrito por\" \/>\n\t<meta name=\"twitter:data1\" content=\"Jorge Matheus\" \/>\n\t<meta name=\"twitter:label2\" content=\"Tiempo de lectura\" \/>\n\t<meta name=\"twitter:data2\" content=\"1 minuto\" \/>\n<script type=\"application\/ld+json\" class=\"yoast-schema-graph\">{\"@context\":\"https:\/\/schema.org\",\"@graph\":[{\"@type\":\"Article\",\"@id\":\"https:\/\/infoecos.com.ar\/index.php\/la-intendenta-de-carlos-tejedor-dijo-que-el-exito-del-congreso-del-pj-es-historico\/#article\",\"isPartOf\":{\"@id\":\"https:\/\/infoecos.com.ar\/index.php\/la-intendenta-de-carlos-tejedor-dijo-que-el-exito-del-congreso-del-pj-es-historico\/\"},\"author\":{\"name\":\"Jorge Matheus\",\"@id\":\"https:\/\/infoecos.com.ar\/#\/schema\/person\/8f5ace5ce73b4b4aac4b7245aee6f191\"},\"headline\":\"La intendenta de Carlos Tejedor dijo que el \u00ab\u00e9xito del Congreso del PJ es hist\u00f3rico\u00bb\",\"datePublished\":\"2021-06-22T05:17:13+00:00\",\"dateModified\":\"2021-06-23T05:56:54+00:00\",\"mainEntityOfPage\":{\"@id\":\"https:\/\/infoecos.com.ar\/index.php\/la-intendenta-de-carlos-tejedor-dijo-que-el-exito-del-congreso-del-pj-es-historico\/\"},\"wordCount\":257,\"publisher\":{\"@id\":\"https:\/\/infoecos.com.ar\/#organization\"},\"image\":{\"@id\":\"https:\/\/infoecos.com.ar\/index.php\/la-intendenta-de-carlos-tejedor-dijo-que-el-exito-del-congreso-del-pj-es-historico\/#primaryimage\"},\"thumbnailUrl\":\"https:\/\/infoecos.com.ar\/wp-content\/uploads\/2021\/06\/congresopjvirtual.jpg\",\"keywords\":[\"POL\u00cdTICA ELECTORAL\"],\"articleSection\":[\"Bloque inferior - 9\"],\"inLanguage\":\"es\"},{\"@type\":\"WebPage\",\"@id\":\"https:\/\/infoecos.com.ar\/index.php\/la-intendenta-de-carlos-tejedor-dijo-que-el-exito-del-congreso-del-pj-es-historico\/\",\"url\":\"https:\/\/infoecos.com.ar\/index.php\/la-intendenta-de-carlos-tejedor-dijo-que-el-exito-del-congreso-del-pj-es-historico\/\",\"name\":\"La intendenta de Carlos Tejedor dijo que el \\\"\u00e9xito del Congreso del PJ es hist\u00f3rico\\\" - Infoecos\",\"isPartOf\":{\"@id\":\"https:\/\/infoecos.com.ar\/#website\"},\"primaryImageOfPage\":{\"@id\":\"https:\/\/infoecos.com.ar\/index.php\/la-intendenta-de-carlos-tejedor-dijo-que-el-exito-del-congreso-del-pj-es-historico\/#primaryimage\"},\"image\":{\"@id\":\"https:\/\/infoecos.com.ar\/index.php\/la-intendenta-de-carlos-tejedor-dijo-que-el-exito-del-congreso-del-pj-es-historico\/#primaryimage\"},\"thumbnailUrl\":\"https:\/\/infoecos.com.ar\/wp-content\/uploads\/2021\/06\/congresopjvirtual.jpg\",\"datePublished\":\"2021-06-22T05:17:13+00:00\",\"dateModified\":\"2021-06-23T05:56:54+00:00\",\"breadcrumb\":{\"@id\":\"https:\/\/infoecos.com.ar\/index.php\/la-intendenta-de-carlos-tejedor-dijo-que-el-exito-del-congreso-del-pj-es-historico\/#breadcrumb\"},\"inLanguage\":\"es\",\"potentialAction\":[{\"@type\":\"ReadAction\",\"target\":[\"https:\/\/infoecos.com.ar\/index.php\/la-intendenta-de-carlos-tejedor-dijo-que-el-exito-del-congreso-del-pj-es-historico\/\"]}]},{\"@type\":\"ImageObject\",\"inLanguage\":\"es\",\"@id\":\"https:\/\/infoecos.com.ar\/index.php\/la-intendenta-de-carlos-tejedor-dijo-que-el-exito-del-congreso-del-pj-es-historico\/#primaryimage\",\"url\":\"https:\/\/infoecos.com.ar\/wp-content\/uploads\/2021\/06\/congresopjvirtual.jpg\",\"contentUrl\":\"https:\/\/infoecos.com.ar\/wp-content\/uploads\/2021\/06\/congresopjvirtual.jpg\",\"width\":720,\"height\":475},{\"@type\":\"BreadcrumbList\",\"@id\":\"https:\/\/infoecos.com.ar\/index.php\/la-intendenta-de-carlos-tejedor-dijo-que-el-exito-del-congreso-del-pj-es-historico\/#breadcrumb\",\"itemListElement\":[{\"@type\":\"ListItem\",\"position\":1,\"name\":\"Portada\",\"item\":\"https:\/\/infoecos.com.ar\/\"},{\"@type\":\"ListItem\",\"position\":2,\"name\":\"La intendenta de Carlos Tejedor dijo que el \u00ab\u00e9xito del Congreso del PJ es hist\u00f3rico\u00bb\"}]},{\"@type\":\"WebSite\",\"@id\":\"https:\/\/infoecos.com.ar\/#website\",\"url\":\"https:\/\/infoecos.com.ar\/\",\"name\":\"Infoecos\",\"description\":\"Noticias de trenque lauquen y la zona\",\"publisher\":{\"@id\":\"https:\/\/infoecos.com.ar\/#organization\"},\"alternateName\":\"Noticias\",\"potentialAction\":[{\"@type\":\"SearchAction\",\"target\":{\"@type\":\"EntryPoint\",\"urlTemplate\":\"https:\/\/infoecos.com.ar\/?s={search_term_string}\"},\"query-input\":{\"@type\":\"PropertyValueSpecification\",\"valueRequired\":true,\"valueName\":\"search_term_string\"}}],\"inLanguage\":\"es\"},{\"@type\":\"Organization\",\"@id\":\"https:\/\/infoecos.com.ar\/#organization\",\"name\":\"Infoecos\",\"alternateName\":\"Noticias\",\"url\":\"https:\/\/infoecos.com.ar\/\",\"logo\":{\"@type\":\"ImageObject\",\"inLanguage\":\"es\",\"@id\":\"https:\/\/infoecos.com.ar\/#\/schema\/logo\/image\/\",\"url\":\"https:\/\/infoecos.com.ar\/wp-content\/uploads\/2024\/03\/cropped-logo.png\",\"contentUrl\":\"https:\/\/infoecos.com.ar\/wp-content\/uploads\/2024\/03\/cropped-logo.png\",\"width\":374,\"height\":90,\"caption\":\"Infoecos\"},\"image\":{\"@id\":\"https:\/\/infoecos.com.ar\/#\/schema\/logo\/image\/\"},\"sameAs\":[\"https:\/\/www.facebook.com\/profile.php?id=100063200290284\",\"https:\/\/x.com\/infoecos\"]},{\"@type\":\"Person\",\"@id\":\"https:\/\/infoecos.com.ar\/#\/schema\/person\/8f5ace5ce73b4b4aac4b7245aee6f191\",\"name\":\"Jorge Matheus\",\"url\":\"https:\/\/infoecos.com.ar\/index.php\/author\/jomatheus\/\"}]}<\/script>\n<!-- \/ Yoast SEO plugin. -->","yoast_head_json":{"title":"La intendenta de Carlos Tejedor dijo que el \"\u00e9xito del Congreso del PJ es hist\u00f3rico\" - Infoecos","robots":{"index":"index","follow":"follow","max-snippet":"max-snippet:-1","max-image-preview":"max-image-preview:large","max-video-preview":"max-video-preview:-1"},"canonical":"https:\/\/infoecos.com.ar\/index.php\/la-intendenta-de-carlos-tejedor-dijo-que-el-exito-del-congreso-del-pj-es-historico\/","og_locale":"es_ES","og_type":"article","og_title":"La intendenta de Carlos Tejedor dijo que el \"\u00e9xito del Congreso del PJ es hist\u00f3rico\" - Infoecos","og_description":"El Partido Justicialista de la provincia de Buenos Aires ratific\u00f3 su vocaci\u00f3n por la unidad y dio el primer paso para la conformaci\u00f3n del Frente de Todos, el pasado s\u00e1bado","og_url":"https:\/\/infoecos.com.ar\/index.php\/la-intendenta-de-carlos-tejedor-dijo-que-el-exito-del-congreso-del-pj-es-historico\/","og_site_name":"Infoecos","article_publisher":"https:\/\/www.facebook.com\/profile.php?id=100063200290284","article_published_time":"2021-06-22T05:17:13+00:00","article_modified_time":"2021-06-23T05:56:54+00:00","og_image":[{"width":720,"height":475,"url":"https:\/\/infoecos.com.ar\/wp-content\/uploads\/2021\/06\/congresopjvirtual.jpg","type":"image\/jpeg"}],"author":"Jorge Matheus","twitter_card":"summary_large_image","twitter_creator":"@infoecos","twitter_site":"@infoecos","twitter_misc":{"Escrito por":"Jorge Matheus","Tiempo de lectura":"1 minuto"},"schema":{"@context":"https:\/\/schema.org","@graph":[{"@type":"Article","@id":"https:\/\/infoecos.com.ar\/index.php\/la-intendenta-de-carlos-tejedor-dijo-que-el-exito-del-congreso-del-pj-es-historico\/#article","isPartOf":{"@id":"https:\/\/infoecos.com.ar\/index.php\/la-intendenta-de-carlos-tejedor-dijo-que-el-exito-del-congreso-del-pj-es-historico\/"},"author":{"name":"Jorge Matheus","@id":"https:\/\/infoecos.com.ar\/#\/schema\/person\/8f5ace5ce73b4b4aac4b7245aee6f191"},"headline":"La intendenta de Carlos Tejedor dijo que el \u00ab\u00e9xito del Congreso del PJ es hist\u00f3rico\u00bb","datePublished":"2021-06-22T05:17:13+00:00","dateModified":"2021-06-23T05:56:54+00:00","mainEntityOfPage":{"@id":"https:\/\/infoecos.com.ar\/index.php\/la-intendenta-de-carlos-tejedor-dijo-que-el-exito-del-congreso-del-pj-es-historico\/"},"wordCount":257,"publisher":{"@id":"https:\/\/infoecos.com.ar\/#organization"},"image":{"@id":"https:\/\/infoecos.com.ar\/index.php\/la-intendenta-de-carlos-tejedor-dijo-que-el-exito-del-congreso-del-pj-es-historico\/#primaryimage"},"thumbnailUrl":"https:\/\/infoecos.com.ar\/wp-content\/uploads\/2021\/06\/congresopjvirtual.jpg","keywords":["POL\u00cdTICA ELECTORAL"],"articleSection":["Bloque inferior - 9"],"inLanguage":"es"},{"@type":"WebPage","@id":"https:\/\/infoecos.com.ar\/index.php\/la-intendenta-de-carlos-tejedor-dijo-que-el-exito-del-congreso-del-pj-es-historico\/","url":"https:\/\/infoecos.com.ar\/index.php\/la-intendenta-de-carlos-tejedor-dijo-que-el-exito-del-congreso-del-pj-es-historico\/","name":"La intendenta de Carlos Tejedor dijo que el \"\u00e9xito del Congreso del PJ es hist\u00f3rico\" - Infoecos","isPartOf":{"@id":"https:\/\/infoecos.com.ar\/#website"},"primaryImageOfPage":{"@id":"https:\/\/infoecos.com.ar\/index.php\/la-intendenta-de-carlos-tejedor-dijo-que-el-exito-del-congreso-del-pj-es-historico\/#primaryimage"},"image":{"@id":"https:\/\/infoecos.com.ar\/index.php\/la-intendenta-de-carlos-tejedor-dijo-que-el-exito-del-congreso-del-pj-es-historico\/#primaryimage"},"thumbnailUrl":"https:\/\/infoecos.com.ar\/wp-content\/uploads\/2021\/06\/congresopjvirtual.jpg","datePublished":"2021-06-22T05:17:13+00:00","dateModified":"2021-06-23T05:56:54+00:00","breadcrumb":{"@id":"https:\/\/infoecos.com.ar\/index.php\/la-intendenta-de-carlos-tejedor-dijo-que-el-exito-del-congreso-del-pj-es-historico\/#breadcrumb"},"inLanguage":"es","potentialAction":[{"@type":"ReadAction","target":["https:\/\/infoecos.com.ar\/index.php\/la-intendenta-de-carlos-tejedor-dijo-que-el-exito-del-congreso-del-pj-es-historico\/"]}]},{"@type":"ImageObject","inLanguage":"es","@id":"https:\/\/infoecos.com.ar\/index.php\/la-intendenta-de-carlos-tejedor-dijo-que-el-exito-del-congreso-del-pj-es-historico\/#primaryimage","url":"https:\/\/infoecos.com.ar\/wp-content\/uploads\/2021\/06\/congresopjvirtual.jpg","contentUrl":"https:\/\/infoecos.com.ar\/wp-content\/uploads\/2021\/06\/congresopjvirtual.jpg","width":720,"height":475},{"@type":"BreadcrumbList","@id":"https:\/\/infoecos.com.ar\/index.php\/la-intendenta-de-carlos-tejedor-dijo-que-el-exito-del-congreso-del-pj-es-historico\/#breadcrumb","itemListElement":[{"@type":"ListItem","position":1,"name":"Portada","item":"https:\/\/infoecos.com.ar\/"},{"@type":"ListItem","position":2,"name":"La intendenta de Carlos Tejedor dijo que el \u00ab\u00e9xito del Congreso del PJ es hist\u00f3rico\u00bb"}]},{"@type":"WebSite","@id":"https:\/\/infoecos.com.ar\/#website","url":"https:\/\/infoecos.com.ar\/","name":"Infoecos","description":"Noticias de trenque lauquen y la zona","publisher":{"@id":"https:\/\/infoecos.com.ar\/#organization"},"alternateName":"Noticias","potentialAction":[{"@type":"SearchAction","target":{"@type":"EntryPoint","urlTemplate":"https:\/\/infoecos.com.ar\/?s={search_term_string}"},"query-input":{"@type":"PropertyValueSpecification","valueRequired":true,"valueName":"search_term_string"}}],"inLanguage":"es"},{"@type":"Organization","@id":"https:\/\/infoecos.com.ar\/#organization","name":"Infoecos","alternateName":"Noticias","url":"https:\/\/infoecos.com.ar\/","logo":{"@type":"ImageObject","inLanguage":"es","@id":"https:\/\/infoecos.com.ar\/#\/schema\/logo\/image\/","url":"https:\/\/infoecos.com.ar\/wp-content\/uploads\/2024\/03\/cropped-logo.png","contentUrl":"https:\/\/infoecos.com.ar\/wp-content\/uploads\/2024\/03\/cropped-logo.png","width":374,"height":90,"caption":"Infoecos"},"image":{"@id":"https:\/\/infoecos.com.ar\/#\/schema\/logo\/image\/"},"sameAs":["https:\/\/www.facebook.com\/profile.php?id=100063200290284","https:\/\/x.com\/infoecos"]},{"@type":"Person","@id":"https:\/\/infoecos.com.ar\/#\/schema\/person\/8f5ace5ce73b4b4aac4b7245aee6f191","name":"Jorge Matheus","url":"https:\/\/infoecos.com.ar\/index.php\/author\/jomatheus\/"}]}},"featured_image_urls":{"full":["https:\/\/infoecos.com.ar\/wp-content\/uploads\/2021\/06\/congresopjvirtual.jpg",720,475,false],"thumbnail":["https:\/\/infoecos.com.ar\/wp-content\/uploads\/2021\/06\/congresopjvirtual-150x150.jpg",150,150,true],"medium":["https:\/\/infoecos.com.ar\/wp-content\/uploads\/2021\/06\/congresopjvirtual-460x303.jpg",460,303,true],"medium_large":["https:\/\/infoecos.com.ar\/wp-content\/uploads\/2021\/06\/congresopjvirtual.jpg",640,422,false],"large":["https:\/\/infoecos.com.ar\/wp-content\/uploads\/2021\/06\/congresopjvirtual.jpg",640,422,false],"1536x1536":["https:\/\/infoecos.com.ar\/wp-content\/uploads\/2021\/06\/congresopjvirtual.jpg",720,475,false],"2048x2048":["https:\/\/infoecos.com.ar\/wp-content\/uploads\/2021\/06\/congresopjvirtual.jpg",720,475,false],"covernews-slider-full":["https:\/\/infoecos.com.ar\/wp-content\/uploads\/2021\/06\/congresopjvirtual.jpg",720,475,false],"covernews-slider-center":["https:\/\/infoecos.com.ar\/wp-content\/uploads\/2021\/06\/congresopjvirtual.jpg",720,475,false],"covernews-featured":["https:\/\/infoecos.com.ar\/wp-content\/uploads\/2021\/06\/congresopjvirtual.jpg",720,475,false],"covernews-medium":["https:\/\/infoecos.com.ar\/wp-content\/uploads\/2021\/06\/congresopjvirtual-720x380.jpg",540,285,true],"covernews-medium-square":["https:\/\/infoecos.com.ar\/wp-content\/uploads\/2021\/06\/congresopjvirtual-675x450.jpg",375,250,true]},"author_info":{"info":["Jorge Matheus"]},"category_info":"<a href=\"https:\/\/infoecos.com.ar\/index.php\/category\/inferior9\/\" rel=\"category tag\">Bloque inferior - 9<\/a>","tag_info":"Bloque inferior - 9","comment_count":"0","_links":{"self":[{"href":"https:\/\/infoecos.com.ar\/index.php\/wp-json\/wp\/v2\/posts\/79901"}],"collection":[{"href":"https:\/\/infoecos.com.ar\/index.php\/wp-json\/wp\/v2\/posts"}],"about":[{"href":"https:\/\/infoecos.com.ar\/index.php\/wp-json\/wp\/v2\/types\/post"}],"author":[{"embeddable":true,"href":"https:\/\/infoecos.com.ar\/index.php\/wp-json\/wp\/v2\/users\/2"}],"replies":[{"embeddable":true,"href":"https:\/\/infoecos.com.ar\/index.php\/wp-json\/wp\/v2\/comments?post=79901"}],"version-history":[{"count":2,"href":"https:\/\/infoecos.com.ar\/index.php\/wp-json\/wp\/v2\/posts\/79901\/revisions"}],"predecessor-version":[{"id":80007,"href":"https:\/\/infoecos.com.ar\/index.php\/wp-json\/wp\/v2\/posts\/79901\/revisions\/80007"}],"wp:featuredmedia":[{"embeddable":true,"href":"https:\/\/infoecos.com.ar\/index.php\/wp-json\/wp\/v2\/media\/79902"}],"wp:attachment":[{"href":"https:\/\/infoecos.com.ar\/index.php\/wp-json\/wp\/v2\/media?parent=79901"}],"wp:term":[{"taxonomy":"category","embeddable":true,"href":"https:\/\/infoecos.com.ar\/index.php\/wp-json\/wp\/v2\/categories?post=79901"},{"taxonomy":"post_tag","embeddable":true,"href":"https:\/\/infoecos.com.ar\/index.php\/wp-json\/wp\/v2\/tags?post=79901"}],"curies":[{"name":"wp","href":"https:\/\/api.w.org\/{rel}","templated":true}]}}