{"id":79909,"date":"2021-06-22T02:39:21","date_gmt":"2021-06-22T05:39:21","guid":{"rendered":"http:\/\/infoecos.com.ar\/?p=79909"},"modified":"2021-06-23T02:55:54","modified_gmt":"2021-06-23T05:55:54","slug":"mas-obras-para-salliquelo-pavimento-con-una-inversion-de-17-millones-de-pesos","status":"publish","type":"post","link":"https:\/\/infoecos.com.ar\/index.php\/mas-obras-para-salliquelo-pavimento-con-una-inversion-de-17-millones-de-pesos\/","title":{"rendered":"M\u00e1s obras para Salliquel\u00f3: pavimento con una inversi\u00f3n de 17 millones de pesos"},"content":{"rendered":"\n<p class=\"wp-block-paragraph\">Como consecuencia de la realizaci\u00f3n y presentaci\u00f3n del Proyecto Pavimento Urbano 2021 por parte de la Direcci\u00f3n de Obras P\u00fablicas y Catastro de Salliquel\u00f3, y de las posteriores gestiones realizadas desde esta \u00e1rea, se realiz\u00f3 la firma de un convenio con el Ministerio de Infraestructura y Servicio P\u00fablicos de la Provincia de Buenos Aires, para llevar adelante una obra de asfalto, por m\u00e1s de 17 millones de pesos.<\/p>\n\n\n\n<div class=\"wp-block-image\"><figure class=\"aligncenter size-large\"><img loading=\"lazy\" decoding=\"async\" width=\"480\" height=\"360\" src=\"http:\/\/infoecos.com.ar\/wp-content\/uploads\/2021\/06\/NOSETTIVIDEO.jpg\" alt=\"\" class=\"wp-image-79910\" srcset=\"https:\/\/infoecos.com.ar\/wp-content\/uploads\/2021\/06\/NOSETTIVIDEO.jpg 480w, https:\/\/infoecos.com.ar\/wp-content\/uploads\/2021\/06\/NOSETTIVIDEO-460x345.jpg 460w\" sizes=\"auto, (max-width: 480px) 100vw, 480px\" \/><\/figure><\/div>\n\n\n\n<p class=\"wp-block-paragraph\">La importante realizaci\u00f3n, que se financiar\u00e1 con el Fondo de Infraestructura Municipal, se ejecutar\u00e1 en las calles Laprida,&nbsp; Pasaje Islas Malvinas, 13 de noviembre, Carranza y Francia, completando 6150 metros cuadrados de asfalto.<\/p>\n\n\n\n<p class=\"wp-block-paragraph\">Luego de la pertinente aprobaci\u00f3n en Concejo Deliberante, se realizar\u00e1 el proceso licitatorio correspondiente, para poder comenzar con las labores de construcci\u00f3n.<\/p>\n\n\n\n<p class=\"wp-block-paragraph\">Por otro lado se inform\u00f3 que el Intendente Municipal, Ing. Juan Miguel Nosetti, particip\u00f3 junto al Ministro de Infraestructura y Servicios P\u00fablicos de la Provincia de Buenos Aires, Lic. Agust\u00edn Simone, de la firma de los contratos correspondientes a las obras que la Direcci\u00f3n de Vialidad &nbsp;ejecutar\u00e1n en 37 municipios de la Provincia.<\/p>\n\n\n\n<p class=\"wp-block-paragraph\">Las obras a realizar, permitir\u00e1n la reparaci\u00f3n de diferentes tramos de rutas provinciales que conectan a Salliquel\u00f3 con los distritos vecinos, mejorando la transitabilidad en estos caminos.<\/p>\n","protected":false},"excerpt":{"rendered":"<p>La importante realizaci\u00f3n, que se financiar\u00e1 con el Fondo de Infraestructura Municipal, se ejecutar\u00e1 en las calles Laprida,  Pasaje Islas Malvinas, 13 de noviembre, Carranza y Francia<\/p>\n","protected":false},"author":2,"featured_media":79910,"comment_status":"closed","ping_status":"open","sticky":false,"template":"","format":"standard","meta":{"footnotes":""},"categories":[26],"tags":[3966],"class_list":["post-79909","post","type-post","status-publish","format-standard","has-post-thumbnail","hentry","category-inferior6","tag-anuncios-de-nosetti"],"featured_image_urls":{"full":["https:\/\/infoecos.com.ar\/wp-content\/uploads\/2021\/06\/NOSETTIVIDEO.jpg",480,360,false],"thumbnail":["https:\/\/infoecos.com.ar\/wp-content\/uploads\/2021\/06\/NOSETTIVIDEO-150x150.jpg",150,150,true],"medium":["https:\/\/infoecos.com.ar\/wp-content\/uploads\/2021\/06\/NOSETTIVIDEO-460x345.jpg",460,345,true],"medium_large":["https:\/\/infoecos.com.ar\/wp-content\/uploads\/2021\/06\/NOSETTIVIDEO.jpg",480,360,false],"large":["https:\/\/infoecos.com.ar\/wp-content\/uploads\/2021\/06\/NOSETTIVIDEO.jpg",480,360,false],"1536x1536":["https:\/\/infoecos.com.ar\/wp-content\/uploads\/2021\/06\/NOSETTIVIDEO.jpg",480,360,false],"2048x2048":["https:\/\/infoecos.com.ar\/wp-content\/uploads\/2021\/06\/NOSETTIVIDEO.jpg",480,360,false],"covernews-slider-full":["https:\/\/infoecos.com.ar\/wp-content\/uploads\/2021\/06\/NOSETTIVIDEO.jpg",480,360,false],"covernews-slider-center":["https:\/\/infoecos.com.ar\/wp-content\/uploads\/2021\/06\/NOSETTIVIDEO.jpg",480,360,false],"covernews-featured":["https:\/\/infoecos.com.ar\/wp-content\/uploads\/2021\/06\/NOSETTIVIDEO.jpg",480,360,false],"covernews-medium":["https:\/\/infoecos.com.ar\/wp-content\/uploads\/2021\/06\/NOSETTIVIDEO.jpg",453,340,false],"covernews-medium-square":["https:\/\/infoecos.com.ar\/wp-content\/uploads\/2021\/06\/NOSETTIVIDEO.jpg",333,250,false]},"author_info":{"info":["Jorge Matheus"]},"category_info":"<a href=\"https:\/\/infoecos.com.ar\/index.php\/category\/inferior6\/\" rel=\"category tag\">Bloque inferior - 6<\/a>","tag_info":"Bloque inferior - 6","comment_count":"0","_links":{"self":[{"href":"https:\/\/infoecos.com.ar\/index.php\/wp-json\/wp\/v2\/posts\/79909","targetHints":{"allow":["GET"]}}],"collection":[{"href":"https:\/\/infoecos.com.ar\/index.php\/wp-json\/wp\/v2\/posts"}],"about":[{"href":"https:\/\/infoecos.com.ar\/index.php\/wp-json\/wp\/v2\/types\/post"}],"author":[{"embeddable":true,"href":"https:\/\/infoecos.com.ar\/index.php\/wp-json\/wp\/v2\/users\/2"}],"replies":[{"embeddable":true,"href":"https:\/\/infoecos.com.ar\/index.php\/wp-json\/wp\/v2\/comments?post=79909"}],"version-history":[{"count":2,"href":"https:\/\/infoecos.com.ar\/index.php\/wp-json\/wp\/v2\/posts\/79909\/revisions"}],"predecessor-version":[{"id":80005,"href":"https:\/\/infoecos.com.ar\/index.php\/wp-json\/wp\/v2\/posts\/79909\/revisions\/80005"}],"wp:featuredmedia":[{"embeddable":true,"href":"https:\/\/infoecos.com.ar\/index.php\/wp-json\/wp\/v2\/media\/79910"}],"wp:attachment":[{"href":"https:\/\/infoecos.com.ar\/index.php\/wp-json\/wp\/v2\/media?parent=79909"}],"wp:term":[{"taxonomy":"category","embeddable":true,"href":"https:\/\/infoecos.com.ar\/index.php\/wp-json\/wp\/v2\/categories?post=79909"},{"taxonomy":"post_tag","embeddable":true,"href":"https:\/\/infoecos.com.ar\/index.php\/wp-json\/wp\/v2\/tags?post=79909"}],"curies":[{"name":"wp","href":"https:\/\/api.w.org\/{rel}","templated":true}]}}