{"id":79916,"date":"2021-06-22T03:10:27","date_gmt":"2021-06-22T06:10:27","guid":{"rendered":"http:\/\/infoecos.com.ar\/?p=79916"},"modified":"2021-06-23T02:54:56","modified_gmt":"2021-06-23T05:54:56","slug":"zurro-anticipo-que-esta-cerca-la-finalizacion-de-la-obra-de-gas-natural-en-el-parque-industrial","status":"publish","type":"post","link":"https:\/\/infoecos.com.ar\/index.php\/zurro-anticipo-que-esta-cerca-la-finalizacion-de-la-obra-de-gas-natural-en-el-parque-industrial\/","title":{"rendered":"Zurro anticip\u00f3 que est\u00e1 cerca la finalizaci\u00f3n de la obra de gas natural en el Parque Industrial"},"content":{"rendered":"\n<p class=\"wp-block-paragraph\">Junto al Director de Producci\u00f3n, el Intendente municipal de Pehuaj\u00f3, Pablo Zurro, visit\u00f3 el lunes por la ma\u00f1ana, las obras para extensi\u00f3n de la red de gas natural en el Parque Industrial de Pehuaj\u00f3. El trabajo est\u00e1 finalizado y a\u00fan resta hacer las pruebas de seguridad en un sector de Parque Industrial, explic\u00f3 Mariano Changazzo. Por otro lado, Pablo Zurro se\u00f1al\u00f3 que dentro de muy poco tiempo, las empresas van a contar con este importante servicio.&nbsp;<\/p>\n\n\n\n<div class=\"wp-block-image\"><figure class=\"aligncenter size-medium\"><img loading=\"lazy\" decoding=\"async\" width=\"460\" height=\"259\" src=\"http:\/\/infoecos.com.ar\/wp-content\/uploads\/2021\/06\/zurrogasparqueindustrial-460x259.jpeg\" alt=\"\" class=\"wp-image-79917\" srcset=\"https:\/\/infoecos.com.ar\/wp-content\/uploads\/2021\/06\/zurrogasparqueindustrial-460x259.jpeg 460w, https:\/\/infoecos.com.ar\/wp-content\/uploads\/2021\/06\/zurrogasparqueindustrial.jpeg 640w\" sizes=\"auto, (max-width: 460px) 100vw, 460px\" \/><\/figure><\/div>\n\n\n\n<p class=\"wp-block-paragraph\">El mandatario pehuajense explic\u00f3 que adem\u00e1s de la obra de gas se realiz\u00f3 la extensi\u00f3n de la fibra \u00f3ptica. \u00abEstamos en un parque cada vez m\u00e1s desarrollado y ordenado. Permanentemente estamos realizando obras que hacen a su desarrollo y complementan el trabajo de cada una de las f\u00e1bricas y empresas que ya se asentaron dentro del Parque. Por otro lado estamos logrando la radicaci\u00f3n de diferentes emprendimientos a trav\u00e9s de la venta de lotes. Sin duda hemos logrado un desarrollo muy importante y seguiremos en esta senda\u00bb.<\/p>\n\n\n\n<p class=\"wp-block-paragraph\">El Director de Producci\u00f3n Mariano Ignacio Changazzo explic\u00f3 que solo restan las pruebas de seguridad y que luego de que la empresa Camuzzi lo disponga ya podr\u00e1n comenzar las instalaciones lote por lote. En este sentido, el Parque industrial de Pehuaj\u00f3 contar\u00e1 con un servicio m\u00e1s, para el desarrollo de cada emprendimiento que all\u00ed se radique.<\/p>\n","protected":false},"excerpt":{"rendered":"<p>El Director de Producci\u00f3n Mariano Ignacio Changazzo explic\u00f3 que solo restan las pruebas de seguridad y que luego de que la empresa Camuzzi lo disponga ya podr\u00e1n comenzar las instalaciones lote por lote<\/p>\n","protected":false},"author":2,"featured_media":79917,"comment_status":"closed","ping_status":"open","sticky":false,"template":"","format":"standard","meta":{"footnotes":""},"categories":[44],"tags":[3967],"class_list":["post-79916","post","type-post","status-publish","format-standard","has-post-thumbnail","hentry","category-inferior5","tag-ademas-se-extendio-la-fibra-optica"],"featured_image_urls":{"full":["https:\/\/infoecos.com.ar\/wp-content\/uploads\/2021\/06\/zurrogasparqueindustrial.jpeg",640,360,false],"thumbnail":["https:\/\/infoecos.com.ar\/wp-content\/uploads\/2021\/06\/zurrogasparqueindustrial-150x150.jpeg",150,150,true],"medium":["https:\/\/infoecos.com.ar\/wp-content\/uploads\/2021\/06\/zurrogasparqueindustrial-460x259.jpeg",460,259,true],"medium_large":["https:\/\/infoecos.com.ar\/wp-content\/uploads\/2021\/06\/zurrogasparqueindustrial.jpeg",640,360,false],"large":["https:\/\/infoecos.com.ar\/wp-content\/uploads\/2021\/06\/zurrogasparqueindustrial.jpeg",640,360,false],"1536x1536":["https:\/\/infoecos.com.ar\/wp-content\/uploads\/2021\/06\/zurrogasparqueindustrial.jpeg",640,360,false],"2048x2048":["https:\/\/infoecos.com.ar\/wp-content\/uploads\/2021\/06\/zurrogasparqueindustrial.jpeg",640,360,false],"covernews-slider-full":["https:\/\/infoecos.com.ar\/wp-content\/uploads\/2021\/06\/zurrogasparqueindustrial.jpeg",640,360,false],"covernews-slider-center":["https:\/\/infoecos.com.ar\/wp-content\/uploads\/2021\/06\/zurrogasparqueindustrial.jpeg",640,360,false],"covernews-featured":["https:\/\/infoecos.com.ar\/wp-content\/uploads\/2021\/06\/zurrogasparqueindustrial.jpeg",640,360,false],"covernews-medium":["https:\/\/infoecos.com.ar\/wp-content\/uploads\/2021\/06\/zurrogasparqueindustrial.jpeg",540,304,false],"covernews-medium-square":["https:\/\/infoecos.com.ar\/wp-content\/uploads\/2021\/06\/zurrogasparqueindustrial.jpeg",400,225,false]},"author_info":{"info":["Jorge Matheus"]},"category_info":"<a href=\"https:\/\/infoecos.com.ar\/index.php\/category\/inferior5\/\" rel=\"category tag\">Bloque inferior - 5<\/a>","tag_info":"Bloque inferior - 5","comment_count":"0","_links":{"self":[{"href":"https:\/\/infoecos.com.ar\/index.php\/wp-json\/wp\/v2\/posts\/79916","targetHints":{"allow":["GET"]}}],"collection":[{"href":"https:\/\/infoecos.com.ar\/index.php\/wp-json\/wp\/v2\/posts"}],"about":[{"href":"https:\/\/infoecos.com.ar\/index.php\/wp-json\/wp\/v2\/types\/post"}],"author":[{"embeddable":true,"href":"https:\/\/infoecos.com.ar\/index.php\/wp-json\/wp\/v2\/users\/2"}],"replies":[{"embeddable":true,"href":"https:\/\/infoecos.com.ar\/index.php\/wp-json\/wp\/v2\/comments?post=79916"}],"version-history":[{"count":2,"href":"https:\/\/infoecos.com.ar\/index.php\/wp-json\/wp\/v2\/posts\/79916\/revisions"}],"predecessor-version":[{"id":80004,"href":"https:\/\/infoecos.com.ar\/index.php\/wp-json\/wp\/v2\/posts\/79916\/revisions\/80004"}],"wp:featuredmedia":[{"embeddable":true,"href":"https:\/\/infoecos.com.ar\/index.php\/wp-json\/wp\/v2\/media\/79917"}],"wp:attachment":[{"href":"https:\/\/infoecos.com.ar\/index.php\/wp-json\/wp\/v2\/media?parent=79916"}],"wp:term":[{"taxonomy":"category","embeddable":true,"href":"https:\/\/infoecos.com.ar\/index.php\/wp-json\/wp\/v2\/categories?post=79916"},{"taxonomy":"post_tag","embeddable":true,"href":"https:\/\/infoecos.com.ar\/index.php\/wp-json\/wp\/v2\/tags?post=79916"}],"curies":[{"name":"wp","href":"https:\/\/api.w.org\/{rel}","templated":true}]}}