{"id":79919,"date":"2021-06-22T03:21:03","date_gmt":"2021-06-22T06:21:03","guid":{"rendered":"http:\/\/infoecos.com.ar\/?p=79919"},"modified":"2021-06-22T03:21:04","modified_gmt":"2021-06-22T06:21:04","slug":"el-pais-supero-las-22-millones-de-vacunas-recibidas-desde-el-inicio-de-la-pandemia","status":"publish","type":"post","link":"https:\/\/infoecos.com.ar\/index.php\/el-pais-supero-las-22-millones-de-vacunas-recibidas-desde-el-inicio-de-la-pandemia\/","title":{"rendered":"El pa\u00eds super\u00f3 las 22 millones de vacunas recibidas desde el inicio de la pandemia"},"content":{"rendered":"\n<p class=\"wp-block-paragraph\">La Argentina recibi\u00f3 desde Estados Unidos 1.139.000 vacunas contra el coronavirus desarrolladas por el laboratorio AstraZeneca y la Universidad de Oxford y 768.000 de la china Sinopharm, con lo cual el pa\u00eds acumul\u00f3 desde el inicio de la pandemia 22.584.145 dosis para combatir a la Covid-19.<\/p>\n\n\n\n<div class=\"wp-block-image\"><figure class=\"aligncenter size-medium\"><img loading=\"lazy\" decoding=\"async\" width=\"460\" height=\"259\" src=\"http:\/\/infoecos.com.ar\/wp-content\/uploads\/2021\/06\/vacunas-1-460x259.jpg\" alt=\"\" class=\"wp-image-79920\" srcset=\"https:\/\/infoecos.com.ar\/wp-content\/uploads\/2021\/06\/vacunas-1-460x259.jpg 460w, https:\/\/infoecos.com.ar\/wp-content\/uploads\/2021\/06\/vacunas-1-920x518.jpg 920w, https:\/\/infoecos.com.ar\/wp-content\/uploads\/2021\/06\/vacunas-1-768x432.jpg 768w, https:\/\/infoecos.com.ar\/wp-content\/uploads\/2021\/06\/vacunas-1.jpg 1004w\" sizes=\"auto, (max-width: 460px) 100vw, 460px\" \/><\/figure><\/div>\n\n\n\n<p class=\"wp-block-paragraph\"><strong>El jefe de Gabinete, Santiago Cafiero<\/strong>, asegur\u00f3 que \u00abesta semana vendr\u00e1n casi 5 millones de vacunas\u00bb, lo que consider\u00f3 que \u00abes un dato muy alentador porque representa la esperanza de dar vuelta la p\u00e1gina\u00bb de la pandemia del coronavirus.<\/p>\n\n\n\n<p class=\"wp-block-paragraph\">\u00abEs la campa\u00f1a de vacunaci\u00f3n m\u00e1s grande de nuestra historia que entre todos y todas venimos llevando adelante\u00bb, destac\u00f3 Cafiero, al presenciar el arribo del vuelo de este domingo (con las vacunas de AstraZeneca) junto a la ministra de Salud, Carla Vizzotti.<\/p>\n","protected":false},"excerpt":{"rendered":"<p>El jefe de Gabinete, Santiago Cafiero, asegur\u00f3 que \u00abesta semana vendr\u00e1n casi 5 millones de vacunas\u00bb<\/p>\n","protected":false},"author":2,"featured_media":79920,"comment_status":"closed","ping_status":"open","sticky":false,"template":"","format":"standard","meta":{"footnotes":""},"categories":[1326],"tags":[3969],"class_list":["post-79919","post","type-post","status-publish","format-standard","has-post-thumbnail","hentry","category-c2nota6","tag-llegaron-mas-dosis-el-domingo"],"featured_image_urls":{"full":["https:\/\/infoecos.com.ar\/wp-content\/uploads\/2021\/06\/vacunas-1.jpg",1004,565,false],"thumbnail":["https:\/\/infoecos.com.ar\/wp-content\/uploads\/2021\/06\/vacunas-1-150x150.jpg",150,150,true],"medium":["https:\/\/infoecos.com.ar\/wp-content\/uploads\/2021\/06\/vacunas-1-460x259.jpg",460,259,true],"medium_large":["https:\/\/infoecos.com.ar\/wp-content\/uploads\/2021\/06\/vacunas-1-768x432.jpg",640,360,true],"large":["https:\/\/infoecos.com.ar\/wp-content\/uploads\/2021\/06\/vacunas-1-920x518.jpg",640,360,true],"1536x1536":["https:\/\/infoecos.com.ar\/wp-content\/uploads\/2021\/06\/vacunas-1.jpg",1004,565,false],"2048x2048":["https:\/\/infoecos.com.ar\/wp-content\/uploads\/2021\/06\/vacunas-1.jpg",1004,565,false],"covernews-slider-full":["https:\/\/infoecos.com.ar\/wp-content\/uploads\/2021\/06\/vacunas-1.jpg",1004,565,false],"covernews-slider-center":["https:\/\/infoecos.com.ar\/wp-content\/uploads\/2021\/06\/vacunas-1-936x565.jpg",800,483,true],"covernews-featured":["https:\/\/infoecos.com.ar\/wp-content\/uploads\/2021\/06\/vacunas-1.jpg",1004,565,false],"covernews-medium":["https:\/\/infoecos.com.ar\/wp-content\/uploads\/2021\/06\/vacunas-1-720x380.jpg",540,285,true],"covernews-medium-square":["https:\/\/infoecos.com.ar\/wp-content\/uploads\/2021\/06\/vacunas-1-675x450.jpg",375,250,true]},"author_info":{"info":["Jorge Matheus"]},"category_info":"<a href=\"https:\/\/infoecos.com.ar\/index.php\/category\/c2nota6\/\" rel=\"category tag\">C2 N6<\/a>","tag_info":"C2 N6","comment_count":"0","_links":{"self":[{"href":"https:\/\/infoecos.com.ar\/index.php\/wp-json\/wp\/v2\/posts\/79919","targetHints":{"allow":["GET"]}}],"collection":[{"href":"https:\/\/infoecos.com.ar\/index.php\/wp-json\/wp\/v2\/posts"}],"about":[{"href":"https:\/\/infoecos.com.ar\/index.php\/wp-json\/wp\/v2\/types\/post"}],"author":[{"embeddable":true,"href":"https:\/\/infoecos.com.ar\/index.php\/wp-json\/wp\/v2\/users\/2"}],"replies":[{"embeddable":true,"href":"https:\/\/infoecos.com.ar\/index.php\/wp-json\/wp\/v2\/comments?post=79919"}],"version-history":[{"count":1,"href":"https:\/\/infoecos.com.ar\/index.php\/wp-json\/wp\/v2\/posts\/79919\/revisions"}],"predecessor-version":[{"id":79921,"href":"https:\/\/infoecos.com.ar\/index.php\/wp-json\/wp\/v2\/posts\/79919\/revisions\/79921"}],"wp:featuredmedia":[{"embeddable":true,"href":"https:\/\/infoecos.com.ar\/index.php\/wp-json\/wp\/v2\/media\/79920"}],"wp:attachment":[{"href":"https:\/\/infoecos.com.ar\/index.php\/wp-json\/wp\/v2\/media?parent=79919"}],"wp:term":[{"taxonomy":"category","embeddable":true,"href":"https:\/\/infoecos.com.ar\/index.php\/wp-json\/wp\/v2\/categories?post=79919"},{"taxonomy":"post_tag","embeddable":true,"href":"https:\/\/infoecos.com.ar\/index.php\/wp-json\/wp\/v2\/tags?post=79919"}],"curies":[{"name":"wp","href":"https:\/\/api.w.org\/{rel}","templated":true}]}}