{"id":79955,"date":"2021-06-22T17:31:28","date_gmt":"2021-06-22T20:31:28","guid":{"rendered":"http:\/\/infoecos.com.ar\/?p=79955"},"modified":"2021-06-22T17:32:16","modified_gmt":"2021-06-22T20:32:16","slug":"tres-lomas-vuelve-a-fase-3-y-a-partir-de-este-miercoles-vuelven-algunas-restricciones","status":"publish","type":"post","link":"https:\/\/infoecos.com.ar\/index.php\/tres-lomas-vuelve-a-fase-3-y-a-partir-de-este-miercoles-vuelven-algunas-restricciones\/","title":{"rendered":"Tres Lomas a Fase 3 y a partir de este mi\u00e9rcoles vuelven algunas restricciones"},"content":{"rendered":"\n<p class=\"wp-block-paragraph\">La Jefatura de Gabinete de Ministros de la Provincia de Buenos Aires dispuso el pase de Tres Lomas a Fase 3, por la pandemia de Covid -19, siendo el municipio de Tres Lomas considerado, en situaci\u00f3n de riesgo epidemiol\u00f3gico y sanitario, dado el alto crecimiento de casos positivos registrado en el partido de Tres Lomas en los \u00faltimos d\u00edas,<\/p>\n\n\n\n<p class=\"wp-block-paragraph\">Por ello, \u00e9ste Comit\u00e9 de Emergencia reunido en la fecha dispone la n\u00f3mina de actividades restringidas y permitidas a partir de la 0 hora del d\u00eda 23 de Junio del a\u00f1o 2021.<\/p>\n\n\n\n<p class=\"wp-block-paragraph\"><strong>Reporte Tres Lomas del lunes 21 de Junio 2021.<\/strong><\/p>\n\n\n\n<div class=\"wp-block-image\"><figure class=\"aligncenter size-large\"><img loading=\"lazy\" decoding=\"async\" width=\"526\" height=\"526\" src=\"http:\/\/infoecos.com.ar\/wp-content\/uploads\/2021\/06\/reportetreslomasdellunes.jpg\" alt=\"\" class=\"wp-image-79956\" srcset=\"https:\/\/infoecos.com.ar\/wp-content\/uploads\/2021\/06\/reportetreslomasdellunes.jpg 526w, https:\/\/infoecos.com.ar\/wp-content\/uploads\/2021\/06\/reportetreslomasdellunes-460x460.jpg 460w, https:\/\/infoecos.com.ar\/wp-content\/uploads\/2021\/06\/reportetreslomasdellunes-150x150.jpg 150w\" sizes=\"auto, (max-width: 526px) 100vw, 526px\" \/><\/figure><\/div>\n\n\n\n<p class=\"wp-block-paragraph\">1) Contin\u00faa la restricci\u00f3n de circulaci\u00f3n y permanencia en la v\u00eda p\u00fablica, en el horario comprendido entre la 00 y 06 hs., excepto para trabajadores esenciales.<\/p>\n\n\n\n<p class=\"wp-block-paragraph\">&nbsp;2) Se reduce hasta las 23hs. el l\u00edmite horario de cierre para las actividades nocturnas como bares, restaurantes, pubs, cantinas de clubes, rotiser\u00edas, helader\u00edas y otros comercios afines a la venta de comidas elaboradas, con aforo interior del 30% y con distanciamiento permitido por protocolo al aire libre.<\/p>\n\n\n\n<p class=\"wp-block-paragraph\">3) Se reduce el horario de cierre para el resto de los comercios del distrito a las 20hs.<\/p>\n\n\n\n<p class=\"wp-block-paragraph\">4) Todos los comercios podr\u00e1n prestar servicio de delivery hasta las 00 horas.<\/p>\n\n\n\n<p class=\"wp-block-paragraph\">5) Las actividades deportivas, culturales, gimnasios, estudios de pilates, estudios de yoga y afines podr\u00e1n trabajar hasta las 20 hs., con una capacidad m\u00e1xima de 10 personas, siempre y cuando el aforo del 30 % se lo permita.<\/p>\n\n\n\n<p class=\"wp-block-paragraph\">6) Est\u00e1n permitidas las clases presenciales tanto p\u00fablicas como privadas.<\/p>\n\n\n\n<p class=\"wp-block-paragraph\">7) Se permiten las reuniones religiosas hasta las 20 hs., en lugares cerrados con hasta un m\u00e1ximo del 30% del aforo que su espacio le permita.<\/p>\n\n\n\n<p class=\"wp-block-paragraph\">8) Las estaciones de servicios podr\u00e1n estar abiertas hasta las 20 horas, y hasta las 00hs \u00fanicamente para el expendio de combustible y lubricantes.<\/p>\n\n\n\n<p class=\"wp-block-paragraph\">9) Las farmacias podr\u00e1n estar abiertas las 24 hs. del d\u00eda.<\/p>\n\n\n\n<p class=\"wp-block-paragraph\">10) Se permiten las visitas familiares a cementerios.<\/p>\n\n\n\n<p class=\"wp-block-paragraph\">11) Se suspenden la realizaci\u00f3n de reuniones familiares y sociales, sin importar el n\u00famero de concurrentes.<\/p>\n\n\n\n<p class=\"wp-block-paragraph\">12) Contin\u00faan suspendidas las competencias deportivas de todo tipo.<\/p>\n\n\n\n<p class=\"wp-block-paragraph\">13) Contin\u00faan suspendidas las visitas a los hogares de adultos mayores, tanto municipales como privados.<\/p>\n\n\n\n<p class=\"wp-block-paragraph\">14) No se permite la realizaci\u00f3n de viajes grupales.<\/p>\n\n\n\n<p class=\"wp-block-paragraph\">15) No se permite la realizaci\u00f3n de ning\u00fan tipo de evento en salones de fiestas.<\/p>\n\n\n\n<p class=\"wp-block-paragraph\">16) No se permite la realizaci\u00f3n de ferias artesanales.<\/p>\n\n\n\n<p class=\"wp-block-paragraph\">17) Se permiten hasta dos horas los velatorios, excepto para fallecidos por covid.<\/p>\n\n\n\n<p class=\"wp-block-paragraph\">18) No se permite la apertura de la Biblioteca P\u00fablica y del Museo Municipal.<\/p>\n\n\n\n<p class=\"wp-block-paragraph\">19) Las actividades deportivas individuales, se pueden realizar al aire libre hasta las 20 horas.<\/p>\n\n\n\n<p class=\"wp-block-paragraph\">El incumplimiento de cualquiera de las medidas tomadas por este Comit\u00e9, o que violen lo dispuesto por el Decreto Nacional, ser\u00e1n sancionadas con las penas normadas para cada caso, se inform\u00f3. <\/p>\n","protected":false},"excerpt":{"rendered":"<p>Se reduce hasta las 23hs. el l\u00edmite horario de cierre para las actividades nocturnas como bares, restaurantes, pubs, cantinas de clubes, rotiser\u00edas, helader\u00edas y otros comercios afines<\/p>\n","protected":false},"author":2,"featured_media":63543,"comment_status":"closed","ping_status":"open","sticky":false,"template":"","format":"standard","meta":{"footnotes":""},"categories":[29],"tags":[3977],"class_list":["post-79955","post","type-post","status-publish","format-standard","has-post-thumbnail","hentry","category-c2nota1","tag-hasta-el-lunes-53-casos-positivos"],"featured_image_urls":{"full":["https:\/\/infoecos.com.ar\/wp-content\/uploads\/hospitaltl.jpg",480,269,false],"thumbnail":["https:\/\/infoecos.com.ar\/wp-content\/uploads\/hospitaltl-150x150.jpg",150,150,true],"medium":["https:\/\/infoecos.com.ar\/wp-content\/uploads\/hospitaltl-460x258.jpg",460,258,true],"medium_large":["https:\/\/infoecos.com.ar\/wp-content\/uploads\/hospitaltl.jpg",480,269,false],"large":["https:\/\/infoecos.com.ar\/wp-content\/uploads\/hospitaltl.jpg",480,269,false],"1536x1536":["https:\/\/infoecos.com.ar\/wp-content\/uploads\/hospitaltl.jpg",480,269,false],"2048x2048":["https:\/\/infoecos.com.ar\/wp-content\/uploads\/hospitaltl.jpg",480,269,false],"covernews-slider-full":["https:\/\/infoecos.com.ar\/wp-content\/uploads\/hospitaltl.jpg",480,269,false],"covernews-slider-center":["https:\/\/infoecos.com.ar\/wp-content\/uploads\/hospitaltl.jpg",480,269,false],"covernews-featured":["https:\/\/infoecos.com.ar\/wp-content\/uploads\/hospitaltl.jpg",480,269,false],"covernews-medium":["https:\/\/infoecos.com.ar\/wp-content\/uploads\/hospitaltl.jpg",480,269,false],"covernews-medium-square":["https:\/\/infoecos.com.ar\/wp-content\/uploads\/hospitaltl.jpg",400,224,false]},"author_info":{"info":["Jorge Matheus"]},"category_info":"<a href=\"https:\/\/infoecos.com.ar\/index.php\/category\/c2nota1\/\" rel=\"category tag\">C2 nota 1<\/a>","tag_info":"C2 nota 1","comment_count":"0","_links":{"self":[{"href":"https:\/\/infoecos.com.ar\/index.php\/wp-json\/wp\/v2\/posts\/79955","targetHints":{"allow":["GET"]}}],"collection":[{"href":"https:\/\/infoecos.com.ar\/index.php\/wp-json\/wp\/v2\/posts"}],"about":[{"href":"https:\/\/infoecos.com.ar\/index.php\/wp-json\/wp\/v2\/types\/post"}],"author":[{"embeddable":true,"href":"https:\/\/infoecos.com.ar\/index.php\/wp-json\/wp\/v2\/users\/2"}],"replies":[{"embeddable":true,"href":"https:\/\/infoecos.com.ar\/index.php\/wp-json\/wp\/v2\/comments?post=79955"}],"version-history":[{"count":2,"href":"https:\/\/infoecos.com.ar\/index.php\/wp-json\/wp\/v2\/posts\/79955\/revisions"}],"predecessor-version":[{"id":79958,"href":"https:\/\/infoecos.com.ar\/index.php\/wp-json\/wp\/v2\/posts\/79955\/revisions\/79958"}],"wp:featuredmedia":[{"embeddable":true,"href":"https:\/\/infoecos.com.ar\/index.php\/wp-json\/wp\/v2\/media\/63543"}],"wp:attachment":[{"href":"https:\/\/infoecos.com.ar\/index.php\/wp-json\/wp\/v2\/media?parent=79955"}],"wp:term":[{"taxonomy":"category","embeddable":true,"href":"https:\/\/infoecos.com.ar\/index.php\/wp-json\/wp\/v2\/categories?post=79955"},{"taxonomy":"post_tag","embeddable":true,"href":"https:\/\/infoecos.com.ar\/index.php\/wp-json\/wp\/v2\/tags?post=79955"}],"curies":[{"name":"wp","href":"https:\/\/api.w.org\/{rel}","templated":true}]}}