{"id":79959,"date":"2021-06-22T17:42:59","date_gmt":"2021-06-22T20:42:59","guid":{"rendered":"http:\/\/infoecos.com.ar\/?p=79959"},"modified":"2021-06-22T17:43:00","modified_gmt":"2021-06-22T20:43:00","slug":"mientras-se-debilita-la-critica-por-el-respirador-el-estado-de-salud-del-intendente-de-lincoln-es-estable","status":"publish","type":"post","link":"https:\/\/infoecos.com.ar\/index.php\/mientras-se-debilita-la-critica-por-el-respirador-el-estado-de-salud-del-intendente-de-lincoln-es-estable\/","title":{"rendered":"Mientras se debilita la cr\u00edtica por el respirador, el estado de salud del intendente de Lincoln es estable"},"content":{"rendered":"\n<p class=\"wp-block-paragraph\">En el mediod\u00eda de este martes el secretario de Salud del municipio de Lincoln, Sergio Lorenzo, actualiz\u00f3 el parte m\u00e9dico sobre el estado de Salud del intendente Salvador\u00a0Serenal.\u00a0\u00a0<\/p>\n\n\n\n<div class=\"wp-block-image\"><figure class=\"aligncenter size-medium\"><img loading=\"lazy\" decoding=\"async\" width=\"460\" height=\"307\" src=\"http:\/\/infoecos.com.ar\/wp-content\/uploads\/2020\/08\/Conferencia-de-prensa-Primer-Caso-Covid-001-460x307.jpeg\" alt=\"\" class=\"wp-image-66765\" srcset=\"https:\/\/infoecos.com.ar\/wp-content\/uploads\/2020\/08\/Conferencia-de-prensa-Primer-Caso-Covid-001-460x307.jpeg 460w, https:\/\/infoecos.com.ar\/wp-content\/uploads\/2020\/08\/Conferencia-de-prensa-Primer-Caso-Covid-001-920x613.jpeg 920w, https:\/\/infoecos.com.ar\/wp-content\/uploads\/2020\/08\/Conferencia-de-prensa-Primer-Caso-Covid-001-768x512.jpeg 768w, https:\/\/infoecos.com.ar\/wp-content\/uploads\/2020\/08\/Conferencia-de-prensa-Primer-Caso-Covid-001-1024x682.jpeg 1024w, https:\/\/infoecos.com.ar\/wp-content\/uploads\/2020\/08\/Conferencia-de-prensa-Primer-Caso-Covid-001-675x450.jpeg 675w, https:\/\/infoecos.com.ar\/wp-content\/uploads\/2020\/08\/Conferencia-de-prensa-Primer-Caso-Covid-001.jpeg 1280w\" sizes=\"auto, (max-width: 460px) 100vw, 460px\" \/><\/figure><\/div>\n\n\n\n<p class=\"wp-block-paragraph\">Seg\u00fan precis\u00f3 en su informe, el&nbsp;mandatario&nbsp;\u201cse encuentra internado sin aporte de ox\u00edgeno, el cual fue retirado para&nbsp;observar cu\u00e1l es su&nbsp;evoluci\u00f3n\u201d. Y agreg\u00f3 que, al momento,&nbsp;\u201csu salud&nbsp;se mantiene&nbsp;con los par\u00e1metros afectables al cuadro que presenta\u201d.&nbsp;&nbsp;<\/p>\n\n\n\n<p class=\"wp-block-paragraph\">Adem\u00e1s, Lorenzo manifest\u00f3 que con la realizaci\u00f3n de ejercicios de rehabilitaci\u00f3n&nbsp;\u201csu saturaci\u00f3n de ox\u00edgeno en sangre comenz\u00f3 a manifestarse de manera satisfactoria&nbsp;y, de seguir as\u00ed, es esperable que contin\u00fae siendo favorable en los pr\u00f3ximos d\u00edas\u201d.&nbsp;<\/p>\n","protected":false},"excerpt":{"rendered":"<p>El mandatario comunal \u201cse encuentra internado sin aporte de ox\u00edgeno, el cual fue retirado para observar cu\u00e1l es su evoluci\u00f3n\u201d<\/p>\n","protected":false},"author":2,"featured_media":66765,"comment_status":"closed","ping_status":"open","sticky":false,"template":"","format":"standard","meta":{"footnotes":""},"categories":[46],"tags":[3978],"class_list":["post-79959","post","type-post","status-publish","format-standard","has-post-thumbnail","hentry","category-c2nota2","tag-parte-medico-de-este-martes"],"featured_image_urls":{"full":["https:\/\/infoecos.com.ar\/wp-content\/uploads\/2020\/08\/Conferencia-de-prensa-Primer-Caso-Covid-001.jpeg",1280,853,false],"thumbnail":["https:\/\/infoecos.com.ar\/wp-content\/uploads\/2020\/08\/Conferencia-de-prensa-Primer-Caso-Covid-001-150x150.jpeg",150,150,true],"medium":["https:\/\/infoecos.com.ar\/wp-content\/uploads\/2020\/08\/Conferencia-de-prensa-Primer-Caso-Covid-001-460x307.jpeg",460,307,true],"medium_large":["https:\/\/infoecos.com.ar\/wp-content\/uploads\/2020\/08\/Conferencia-de-prensa-Primer-Caso-Covid-001-768x512.jpeg",640,427,true],"large":["https:\/\/infoecos.com.ar\/wp-content\/uploads\/2020\/08\/Conferencia-de-prensa-Primer-Caso-Covid-001-920x613.jpeg",640,426,true],"1536x1536":["https:\/\/infoecos.com.ar\/wp-content\/uploads\/2020\/08\/Conferencia-de-prensa-Primer-Caso-Covid-001.jpeg",1280,853,false],"2048x2048":["https:\/\/infoecos.com.ar\/wp-content\/uploads\/2020\/08\/Conferencia-de-prensa-Primer-Caso-Covid-001.jpeg",1280,853,false],"covernews-slider-full":["https:\/\/infoecos.com.ar\/wp-content\/uploads\/2020\/08\/Conferencia-de-prensa-Primer-Caso-Covid-001.jpeg",1073,715,false],"covernews-slider-center":["https:\/\/infoecos.com.ar\/wp-content\/uploads\/2020\/08\/Conferencia-de-prensa-Primer-Caso-Covid-001-936x853.jpeg",549,500,true],"covernews-featured":["https:\/\/infoecos.com.ar\/wp-content\/uploads\/2020\/08\/Conferencia-de-prensa-Primer-Caso-Covid-001-1024x682.jpeg",1024,682,true],"covernews-medium":["https:\/\/infoecos.com.ar\/wp-content\/uploads\/2020\/08\/Conferencia-de-prensa-Primer-Caso-Covid-001-720x380.jpeg",540,285,true],"covernews-medium-square":["https:\/\/infoecos.com.ar\/wp-content\/uploads\/2020\/08\/Conferencia-de-prensa-Primer-Caso-Covid-001-675x450.jpeg",375,250,true]},"author_info":{"info":["Jorge Matheus"]},"category_info":"<a href=\"https:\/\/infoecos.com.ar\/index.php\/category\/c2nota2\/\" rel=\"category tag\">C2 N2<\/a>","tag_info":"C2 N2","comment_count":"0","_links":{"self":[{"href":"https:\/\/infoecos.com.ar\/index.php\/wp-json\/wp\/v2\/posts\/79959","targetHints":{"allow":["GET"]}}],"collection":[{"href":"https:\/\/infoecos.com.ar\/index.php\/wp-json\/wp\/v2\/posts"}],"about":[{"href":"https:\/\/infoecos.com.ar\/index.php\/wp-json\/wp\/v2\/types\/post"}],"author":[{"embeddable":true,"href":"https:\/\/infoecos.com.ar\/index.php\/wp-json\/wp\/v2\/users\/2"}],"replies":[{"embeddable":true,"href":"https:\/\/infoecos.com.ar\/index.php\/wp-json\/wp\/v2\/comments?post=79959"}],"version-history":[{"count":1,"href":"https:\/\/infoecos.com.ar\/index.php\/wp-json\/wp\/v2\/posts\/79959\/revisions"}],"predecessor-version":[{"id":79960,"href":"https:\/\/infoecos.com.ar\/index.php\/wp-json\/wp\/v2\/posts\/79959\/revisions\/79960"}],"wp:featuredmedia":[{"embeddable":true,"href":"https:\/\/infoecos.com.ar\/index.php\/wp-json\/wp\/v2\/media\/66765"}],"wp:attachment":[{"href":"https:\/\/infoecos.com.ar\/index.php\/wp-json\/wp\/v2\/media?parent=79959"}],"wp:term":[{"taxonomy":"category","embeddable":true,"href":"https:\/\/infoecos.com.ar\/index.php\/wp-json\/wp\/v2\/categories?post=79959"},{"taxonomy":"post_tag","embeddable":true,"href":"https:\/\/infoecos.com.ar\/index.php\/wp-json\/wp\/v2\/tags?post=79959"}],"curies":[{"name":"wp","href":"https:\/\/api.w.org\/{rel}","templated":true}]}}