{"id":79991,"date":"2021-06-23T02:23:24","date_gmt":"2021-06-23T05:23:24","guid":{"rendered":"http:\/\/infoecos.com.ar\/?p=79991"},"modified":"2021-06-24T02:38:24","modified_gmt":"2021-06-24T05:38:24","slug":"gollan-vamos-bien-pero-todavia-no-le-ganamos-la-batalla-al-coronavirus","status":"publish","type":"post","link":"https:\/\/infoecos.com.ar\/index.php\/gollan-vamos-bien-pero-todavia-no-le-ganamos-la-batalla-al-coronavirus\/","title":{"rendered":"Gollan: \u00abvamos bien pero todav\u00eda no le ganamos la batalla al coronavirus\u201d"},"content":{"rendered":"\n<p class=\"wp-block-paragraph\">El ministro de Salud Daniel Gollan se\u00f1al\u00f3 ayer que \u201cLlevamos cuatro semanas de ca\u00edda de casos, de manera lineal y continua\u201d, con un descenso acumulado del 42% en dicho per\u00edodo. En tal sentido, el promedio diario de casos en la \u00faltima semana fue de 7.016, frente a los 8.294 de la previa. No obstante, remarc\u00f3, \u201cdebemos seguir cuid\u00e1ndonos, vamos bien pero todav\u00eda no le ganamos la batalla al coronavirus\u201d.&nbsp;<\/p>\n\n\n\n<div class=\"wp-block-image\"><figure class=\"aligncenter size-medium\"><img loading=\"lazy\" decoding=\"async\" width=\"460\" height=\"306\" src=\"http:\/\/infoecos.com.ar\/wp-content\/uploads\/2021\/03\/1B-460x306.jpg\" alt=\"\" class=\"wp-image-75614\" srcset=\"https:\/\/infoecos.com.ar\/wp-content\/uploads\/2021\/03\/1B-460x306.jpg 460w, https:\/\/infoecos.com.ar\/wp-content\/uploads\/2021\/03\/1B-920x612.jpg 920w, https:\/\/infoecos.com.ar\/wp-content\/uploads\/2021\/03\/1B-768x511.jpg 768w, https:\/\/infoecos.com.ar\/wp-content\/uploads\/2021\/03\/1B-1536x1020.jpg 1536w, https:\/\/infoecos.com.ar\/wp-content\/uploads\/2021\/03\/1B-2048x1363.jpg 2048w, https:\/\/infoecos.com.ar\/wp-content\/uploads\/2021\/03\/1B-1024x681.jpg 1024w, https:\/\/infoecos.com.ar\/wp-content\/uploads\/2021\/03\/1B-675x450.jpg 675w\" sizes=\"auto, (max-width: 460px) 100vw, 460px\" \/><\/figure><\/div>\n\n\n\n<p class=\"wp-block-paragraph\">Esta ca\u00edda del nivel de contagios tambi\u00e9n se refleja paulatinamente en el nivel de ocupaci\u00f3n de camas de terapia intensiva, que en los municipios del \u00c1rea Metropolitana de Buenos Aires AMBA baja al 66,8% y en los del interior de la provincia al 55,5%.<\/p>\n\n\n\n<p class=\"wp-block-paragraph\">En cuanto al plan de vacunaci\u00f3n, Gollan indic\u00f3 que hasta la fecha se han realizado 6.808.182 aplicaciones, de las cuales 5.538.497 corresponden al primer componente y 1.269.685 al segundo. Asimismo, el Ministro destac\u00f3 el alto nivel de adhesi\u00f3n al plan en toda la provincia y el gran n\u00famero de personas que han recibido su dosis con la implementaci\u00f3n de la vacunaci\u00f3n libre, que desde la semana pasada est\u00e1 abierta para mayores de 55 a\u00f1os. Gollan pidi\u00f3 \u201cque la gente se siga anotando en el plan de vacunaci\u00f3n\u201d, y afirm\u00f3: \u201cEstamos siguiendo atentamente lo que pasa en los distintos lugares del mundo con la variante Delta. De lo que se trata ac\u00e1 es de evitar las formas graves de contagio\u201d.<\/p>\n","protected":false},"excerpt":{"rendered":"<p>\u201cLlevamos cuatro semanas de ca\u00edda de casos, de manera lineal y continua\u201d, con un descenso acumulado del 42% en dicho per\u00edodo, dijo el funcionario<\/p>\n","protected":false},"author":2,"featured_media":75615,"comment_status":"closed","ping_status":"open","sticky":false,"template":"","format":"standard","meta":{"footnotes":""},"categories":[41],"tags":[3987],"class_list":["post-79991","post","type-post","status-publish","format-standard","has-post-thumbnail","hentry","category-inferior2","tag-declaraciones-del-ministro-de-salud"],"featured_image_urls":{"full":["https:\/\/infoecos.com.ar\/wp-content\/uploads\/2021\/03\/1B-1-scaled.jpg",2560,1703,false],"thumbnail":["https:\/\/infoecos.com.ar\/wp-content\/uploads\/2021\/03\/1B-1-150x150.jpg",150,150,true],"medium":["https:\/\/infoecos.com.ar\/wp-content\/uploads\/2021\/03\/1B-1-460x306.jpg",460,306,true],"medium_large":["https:\/\/infoecos.com.ar\/wp-content\/uploads\/2021\/03\/1B-1-768x511.jpg",640,426,true],"large":["https:\/\/infoecos.com.ar\/wp-content\/uploads\/2021\/03\/1B-1-920x612.jpg",640,426,true],"1536x1536":["https:\/\/infoecos.com.ar\/wp-content\/uploads\/2021\/03\/1B-1-1536x1022.jpg",1536,1022,true],"2048x2048":["https:\/\/infoecos.com.ar\/wp-content\/uploads\/2021\/03\/1B-1-2048x1363.jpg",2048,1363,true],"covernews-slider-full":["https:\/\/infoecos.com.ar\/wp-content\/uploads\/2021\/03\/1B-1-1536x1020.jpg",1077,715,true],"covernews-slider-center":["https:\/\/infoecos.com.ar\/wp-content\/uploads\/2021\/03\/1B-1-936x897.jpg",522,500,true],"covernews-featured":["https:\/\/infoecos.com.ar\/wp-content\/uploads\/2021\/03\/1B-1-1024x681.jpg",1024,681,true],"covernews-medium":["https:\/\/infoecos.com.ar\/wp-content\/uploads\/2021\/03\/1B-1-720x380.jpg",540,285,true],"covernews-medium-square":["https:\/\/infoecos.com.ar\/wp-content\/uploads\/2021\/03\/1B-1-675x450.jpg",375,250,true]},"author_info":{"info":["Jorge Matheus"]},"category_info":"<a href=\"https:\/\/infoecos.com.ar\/index.php\/category\/inferior2\/\" rel=\"category tag\">Bloque inferior - 2<\/a>","tag_info":"Bloque inferior - 2","comment_count":"0","_links":{"self":[{"href":"https:\/\/infoecos.com.ar\/index.php\/wp-json\/wp\/v2\/posts\/79991","targetHints":{"allow":["GET"]}}],"collection":[{"href":"https:\/\/infoecos.com.ar\/index.php\/wp-json\/wp\/v2\/posts"}],"about":[{"href":"https:\/\/infoecos.com.ar\/index.php\/wp-json\/wp\/v2\/types\/post"}],"author":[{"embeddable":true,"href":"https:\/\/infoecos.com.ar\/index.php\/wp-json\/wp\/v2\/users\/2"}],"replies":[{"embeddable":true,"href":"https:\/\/infoecos.com.ar\/index.php\/wp-json\/wp\/v2\/comments?post=79991"}],"version-history":[{"count":2,"href":"https:\/\/infoecos.com.ar\/index.php\/wp-json\/wp\/v2\/posts\/79991\/revisions"}],"predecessor-version":[{"id":80086,"href":"https:\/\/infoecos.com.ar\/index.php\/wp-json\/wp\/v2\/posts\/79991\/revisions\/80086"}],"wp:featuredmedia":[{"embeddable":true,"href":"https:\/\/infoecos.com.ar\/index.php\/wp-json\/wp\/v2\/media\/75615"}],"wp:attachment":[{"href":"https:\/\/infoecos.com.ar\/index.php\/wp-json\/wp\/v2\/media?parent=79991"}],"wp:term":[{"taxonomy":"category","embeddable":true,"href":"https:\/\/infoecos.com.ar\/index.php\/wp-json\/wp\/v2\/categories?post=79991"},{"taxonomy":"post_tag","embeddable":true,"href":"https:\/\/infoecos.com.ar\/index.php\/wp-json\/wp\/v2\/tags?post=79991"}],"curies":[{"name":"wp","href":"https:\/\/api.w.org\/{rel}","templated":true}]}}