{"id":79995,"date":"2021-06-23T02:38:43","date_gmt":"2021-06-23T05:38:43","guid":{"rendered":"http:\/\/infoecos.com.ar\/?p=79995"},"modified":"2021-06-24T02:38:02","modified_gmt":"2021-06-24T05:38:02","slug":"kicillof-anuncio-una-inversion-de-500-millones-de-pesos-para-apoyar-el-deporte-y-participo-de-un-homenaje-a-diego-maradona","status":"publish","type":"post","link":"https:\/\/infoecos.com.ar\/index.php\/kicillof-anuncio-una-inversion-de-500-millones-de-pesos-para-apoyar-el-deporte-y-participo-de-un-homenaje-a-diego-maradona\/","title":{"rendered":"Kicillof anunci\u00f3 una inversi\u00f3n de 500 millones de pesos para apoyar el deporte y particip\u00f3 de un homenaje a Diego Maradona"},"content":{"rendered":"\n<p>El gobernador de la provincia de Buenos Aires, Axel Kicillof, present\u00f3 este martes una inversi\u00f3n de 500 millones de pesos para apoyar y promover la pr\u00e1ctica de deportes en la Provincia, junto al ministro de Desarrollo de la Comunidad, Andr\u00e9s Larroque, el subsecretario de Deportes, Javier Lovera, y el exfutbolista H\u00e9ctor Enrique. Fue desde el Estadio \u00danico de La Plata, en el marco de un homenaje a Diego Maradona al cumplirse 35 a\u00f1os de su hist\u00f3rico gol ante Inglaterra en el Mundial de M\u00e9xico 1986.<\/p>\n\n\n\n<div class=\"wp-block-image\"><figure class=\"aligncenter size-medium\"><img loading=\"lazy\" decoding=\"async\" width=\"460\" height=\"307\" src=\"http:\/\/infoecos.com.ar\/wp-content\/uploads\/2021\/06\/IMG_3465-460x307.jpg\" alt=\"\" class=\"wp-image-79996\" srcset=\"https:\/\/infoecos.com.ar\/wp-content\/uploads\/2021\/06\/IMG_3465-460x307.jpg 460w, https:\/\/infoecos.com.ar\/wp-content\/uploads\/2021\/06\/IMG_3465-920x613.jpg 920w, https:\/\/infoecos.com.ar\/wp-content\/uploads\/2021\/06\/IMG_3465-768x512.jpg 768w, https:\/\/infoecos.com.ar\/wp-content\/uploads\/2021\/06\/IMG_3465-1536x1024.jpg 1536w, https:\/\/infoecos.com.ar\/wp-content\/uploads\/2021\/06\/IMG_3465-2048x1365.jpg 2048w, https:\/\/infoecos.com.ar\/wp-content\/uploads\/2021\/06\/IMG_3465-1024x683.jpg 1024w, https:\/\/infoecos.com.ar\/wp-content\/uploads\/2021\/06\/IMG_3465-675x450.jpg 675w\" sizes=\"(max-width: 460px) 100vw, 460px\" \/><\/figure><\/div>\n\n\n\n<p>El Gobernador destac\u00f3 que \u201cdurante la pandemia que est\u00e1 golpeando a todo el mundo, en la provincia de Buenos Aires hemos decidido acompa\u00f1ar a todos y todas las bonaerenses que se vinculan con el deporte\u201d. \u201cEstamos presentando inversiones para asistir a los clubes en los barrios y organizar los Juegos Bonaerenses, que tendr\u00e1n este a\u00f1o una edici\u00f3n especial\u201d, agreg\u00f3.<\/p>\n\n\n\n<p>La Provincia brindar\u00e1 apoyo directo por m\u00e1s de $300 millones a los municipios para solventar los gastos que demande la 30\u00b0 edici\u00f3n de los Juegos Bonaerenses, que comenzar\u00e1 de forma virtual y se combinar\u00e1 con niveles de presencialidad de acuerdo a la situaci\u00f3n sanitaria. Se lanzar\u00e1 la segunda etapa del Fondo para el Retorno Deportivo para garantizar las condiciones de los escenarios donde se desarrollar\u00e1 la competencia, complementando el aporte no reintegrable que se dispuso el a\u00f1o pasado en el marco de la pandemia.<\/p>\n\n\n\n<div class=\"wp-block-image\"><figure class=\"aligncenter size-medium\"><img loading=\"lazy\" decoding=\"async\" width=\"460\" height=\"307\" src=\"http:\/\/infoecos.com.ar\/wp-content\/uploads\/2021\/06\/IMG_3492-460x307.jpg\" alt=\"\" class=\"wp-image-79997\" srcset=\"https:\/\/infoecos.com.ar\/wp-content\/uploads\/2021\/06\/IMG_3492-460x307.jpg 460w, https:\/\/infoecos.com.ar\/wp-content\/uploads\/2021\/06\/IMG_3492-920x613.jpg 920w, https:\/\/infoecos.com.ar\/wp-content\/uploads\/2021\/06\/IMG_3492-768x512.jpg 768w, https:\/\/infoecos.com.ar\/wp-content\/uploads\/2021\/06\/IMG_3492-1536x1024.jpg 1536w, https:\/\/infoecos.com.ar\/wp-content\/uploads\/2021\/06\/IMG_3492-2048x1365.jpg 2048w, https:\/\/infoecos.com.ar\/wp-content\/uploads\/2021\/06\/IMG_3492-1024x683.jpg 1024w, https:\/\/infoecos.com.ar\/wp-content\/uploads\/2021\/06\/IMG_3492-675x450.jpg 675w\" sizes=\"(max-width: 460px) 100vw, 460px\" \/><\/figure><\/div>\n\n\n\n<p>Asimismo, se establecen fondos para j\u00f3venes deportistas, entrenadores y entrenadoras de nivel intermedio; y se impulsar\u00e1 la iniciaci\u00f3n deportiva con recursos destinados a un enfoque integral que permita a ni\u00f1os y ni\u00f1as comenzar a hacer deporte. Por \u00faltimo, se destinan 20 millones de pesos al fortalecimiento de los clubes e instituciones de la Provincia.<\/p>\n\n\n\n<p>Adem\u00e1s, durante la ceremonia se descubri\u00f3 una escultura del artista Alejandro Marmo en homenaje a Diego Maradona y se inaugur\u00f3 un mural en mosaico que fue realizado por el grupo Comando Maradona en el t\u00fanel de ingreso al campo de juego. A las 16.09, en tanto, se revivi\u00f3 su hist\u00f3rico gol a los ingleses con el relato de V\u00edctor Hugo Morales.&nbsp;&nbsp;<br>Kicillof record\u00f3 a Maradona por ser \u201cun ejemplo de fuerza, energ\u00eda y entrega que nos ayuda a superar los tiempos dif\u00edciles que nos toca atravesar\u201d. \u201cEs un momento para recordar y valorar c\u00f3mo super\u00f3 los obst\u00e1culos acompa\u00f1ado por su familia, sus clubes y el pueblo entero\u201d, a\u00f1adi\u00f3.<\/p>\n\n\n\n<div class=\"wp-block-image\"><figure class=\"aligncenter size-medium\"><img loading=\"lazy\" decoding=\"async\" width=\"460\" height=\"307\" src=\"http:\/\/infoecos.com.ar\/wp-content\/uploads\/2021\/06\/IMG_3421A-460x307.jpg\" alt=\"\" class=\"wp-image-79998\" srcset=\"https:\/\/infoecos.com.ar\/wp-content\/uploads\/2021\/06\/IMG_3421A-460x307.jpg 460w, https:\/\/infoecos.com.ar\/wp-content\/uploads\/2021\/06\/IMG_3421A-920x613.jpg 920w, https:\/\/infoecos.com.ar\/wp-content\/uploads\/2021\/06\/IMG_3421A-768x512.jpg 768w, https:\/\/infoecos.com.ar\/wp-content\/uploads\/2021\/06\/IMG_3421A-1536x1024.jpg 1536w, https:\/\/infoecos.com.ar\/wp-content\/uploads\/2021\/06\/IMG_3421A-2048x1365.jpg 2048w, https:\/\/infoecos.com.ar\/wp-content\/uploads\/2021\/06\/IMG_3421A-1024x683.jpg 1024w, https:\/\/infoecos.com.ar\/wp-content\/uploads\/2021\/06\/IMG_3421A-675x450.jpg 675w\" sizes=\"(max-width: 460px) 100vw, 460px\" \/><\/figure><\/div>\n\n\n\n<p>\u201cEn el marco de las restricciones por la segunda ola de coronavirus, nos dedicamos a contener la compleja situaci\u00f3n social que se vive en la Provincia\u201d, afirm\u00f3 Larroque y agreg\u00f3: \u201cHemos dispuesto los recursos necesarios para hacer frente a un contexto tan dif\u00edcil coordinando los esfuerzos con el Estado Nacional, los municipios y las organizaciones\u201d.<\/p>\n\n\n\n<p>En tanto, el Ministro enfatiz\u00f3 que \u201cel homenaje a Maradona es un granito de arena para recordar a un ser maravilloso que con su coraje, su liderazgo y su fuerza inigualable, fue un ejemplo para todos de c\u00f3mo se defienden los colores de la patria\u201d, subray\u00f3.<\/p>\n\n\n\n<p>Por su parte, Lovera remarc\u00f3: \u201cCon Maradona como principal inspirador deportivo de la Provincia, trabajamos en un programa de desarrollo y continuidad deportiva que, mediante el esfuerzo articulado con los municipios, instituciones, federaciones, y el apoyo directo a las y los deportistas, brinde un impulso a la actividad en un momento dif\u00edcil debido a la pandemia\u201d. \u201cEn los Juegos Bonaerenses de este a\u00f1o contamos con 100 mil inscriptos, quintuplicando la cantidad del a\u00f1o pasado, y multiplicamos los montos para que los municipios cuenten con los instrumentos necesarios para retomar la actividad\u201d, a\u00f1adi\u00f3.&nbsp;<\/p>\n\n\n\n<div class=\"wp-block-image\"><figure class=\"aligncenter size-medium\"><img loading=\"lazy\" decoding=\"async\" width=\"460\" height=\"307\" src=\"http:\/\/infoecos.com.ar\/wp-content\/uploads\/2021\/06\/IMG_3365-460x307.jpg\" alt=\"\" class=\"wp-image-79999\" srcset=\"https:\/\/infoecos.com.ar\/wp-content\/uploads\/2021\/06\/IMG_3365-460x307.jpg 460w, https:\/\/infoecos.com.ar\/wp-content\/uploads\/2021\/06\/IMG_3365-920x613.jpg 920w, https:\/\/infoecos.com.ar\/wp-content\/uploads\/2021\/06\/IMG_3365-768x512.jpg 768w, https:\/\/infoecos.com.ar\/wp-content\/uploads\/2021\/06\/IMG_3365-1536x1024.jpg 1536w, https:\/\/infoecos.com.ar\/wp-content\/uploads\/2021\/06\/IMG_3365-2048x1365.jpg 2048w, https:\/\/infoecos.com.ar\/wp-content\/uploads\/2021\/06\/IMG_3365-1024x683.jpg 1024w, https:\/\/infoecos.com.ar\/wp-content\/uploads\/2021\/06\/IMG_3365-675x450.jpg 675w\" sizes=\"(max-width: 460px) 100vw, 460px\" \/><\/figure><\/div>\n\n\n\n<p>\u201cCon solidaridad y tirando todos juntos para el mismo lado, los y las bonaerenses vamos a conseguir la fuerza que necesitamos para salir adelante\u201d, concluy\u00f3 Kicillof.<\/p>\n\n\n\n<p>Las autoridades entregaron tambi\u00e9n un reconocimiento a la coordinadora del vacunatorio emplazado en el Estadio, Aldana Figueroa, y destacaron el trabajo esencial de m\u00e9dicos, enfermeros y referentes comunitarios en la lucha contra la pandemia.<\/p>\n\n\n\n<p>Estuvieron presentes tambi\u00e9n el jefe de Gabinete, Carlos Bianco; la ministra de Trabajo, Mara Ruiz Malec; el preparador f\u00edsico Fernando Signorini; y el director del Estadio, Enzo Vigliano.<\/p>\n\n\n\n<figure class=\"wp-block-embed is-type-video is-provider-youtube wp-block-embed-youtube wp-embed-aspect-4-3 wp-has-aspect-ratio\"><div class=\"wp-block-embed__wrapper\">\n<iframe loading=\"lazy\" title=\"Maradona gol mano de Dios -hand of god- victor hugo (inedito)\" width=\"640\" height=\"480\" src=\"https:\/\/www.youtube.com\/embed\/gK2z5-cceP4?start=1&#038;feature=oembed\" frameborder=\"0\" allow=\"accelerometer; autoplay; clipboard-write; encrypted-media; gyroscope; picture-in-picture; web-share\" referrerpolicy=\"strict-origin-when-cross-origin\" allowfullscreen><\/iframe>\n<\/div><\/figure>\n","protected":false},"excerpt":{"rendered":"<p>El gobernador de la provincia de Buenos Aires, Axel Kicillof, present\u00f3 este martes una inversi\u00f3n&#8230;<\/p>\n","protected":false},"author":2,"featured_media":79998,"comment_status":"closed","ping_status":"open","sticky":false,"template":"","format":"standard","meta":{"footnotes":""},"categories":[1327,40,1328],"tags":[3989],"class_list":["post-79995","post","type-post","status-publish","format-standard","has-post-thumbnail","hentry","category-audio","category-inferior1","category-video","tag-en-la-plata-donde-tambien-se-homenajeo-a-maradona-esta-el-gol"],"yoast_head":"<!-- This site is optimized with the Yoast SEO plugin v23.4 - https:\/\/yoast.com\/wordpress\/plugins\/seo\/ -->\n<title>Kicillof anunci\u00f3 una inversi\u00f3n de 500 millones de pesos para apoyar el deporte y particip\u00f3 de un homenaje a Diego Maradona - Infoecos<\/title>\n<meta name=\"robots\" content=\"index, follow, max-snippet:-1, max-image-preview:large, max-video-preview:-1\" \/>\n<link rel=\"canonical\" href=\"https:\/\/infoecos.com.ar\/index.php\/kicillof-anuncio-una-inversion-de-500-millones-de-pesos-para-apoyar-el-deporte-y-participo-de-un-homenaje-a-diego-maradona\/\" \/>\n<meta property=\"og:locale\" content=\"es_ES\" \/>\n<meta property=\"og:type\" content=\"article\" \/>\n<meta property=\"og:title\" content=\"Kicillof anunci\u00f3 una inversi\u00f3n de 500 millones de pesos para apoyar el deporte y particip\u00f3 de un homenaje a Diego Maradona - Infoecos\" \/>\n<meta property=\"og:description\" content=\"El gobernador de la provincia de Buenos Aires, Axel Kicillof, present\u00f3 este martes una inversi\u00f3n...\" \/>\n<meta property=\"og:url\" content=\"https:\/\/infoecos.com.ar\/index.php\/kicillof-anuncio-una-inversion-de-500-millones-de-pesos-para-apoyar-el-deporte-y-participo-de-un-homenaje-a-diego-maradona\/\" \/>\n<meta property=\"og:site_name\" content=\"Infoecos\" \/>\n<meta property=\"article:publisher\" content=\"https:\/\/www.facebook.com\/profile.php?id=100063200290284\" \/>\n<meta property=\"article:published_time\" content=\"2021-06-23T05:38:43+00:00\" \/>\n<meta property=\"article:modified_time\" content=\"2021-06-24T05:38:02+00:00\" \/>\n<meta property=\"og:image\" content=\"https:\/\/infoecos.com.ar\/wp-content\/uploads\/2021\/06\/IMG_3421A-scaled.jpg\" \/>\n\t<meta property=\"og:image:width\" content=\"2560\" \/>\n\t<meta property=\"og:image:height\" content=\"1707\" \/>\n\t<meta property=\"og:image:type\" content=\"image\/jpeg\" \/>\n<meta name=\"author\" content=\"Jorge Matheus\" \/>\n<meta name=\"twitter:card\" content=\"summary_large_image\" \/>\n<meta name=\"twitter:creator\" content=\"@infoecos\" \/>\n<meta name=\"twitter:site\" content=\"@infoecos\" \/>\n<meta name=\"twitter:label1\" content=\"Escrito por\" \/>\n\t<meta name=\"twitter:data1\" content=\"Jorge Matheus\" \/>\n\t<meta name=\"twitter:label2\" content=\"Tiempo de lectura\" \/>\n\t<meta name=\"twitter:data2\" content=\"4 minutos\" \/>\n<script type=\"application\/ld+json\" class=\"yoast-schema-graph\">{\"@context\":\"https:\/\/schema.org\",\"@graph\":[{\"@type\":\"Article\",\"@id\":\"https:\/\/infoecos.com.ar\/index.php\/kicillof-anuncio-una-inversion-de-500-millones-de-pesos-para-apoyar-el-deporte-y-participo-de-un-homenaje-a-diego-maradona\/#article\",\"isPartOf\":{\"@id\":\"https:\/\/infoecos.com.ar\/index.php\/kicillof-anuncio-una-inversion-de-500-millones-de-pesos-para-apoyar-el-deporte-y-participo-de-un-homenaje-a-diego-maradona\/\"},\"author\":{\"name\":\"Jorge Matheus\",\"@id\":\"https:\/\/infoecos.com.ar\/#\/schema\/person\/8f5ace5ce73b4b4aac4b7245aee6f191\"},\"headline\":\"Kicillof anunci\u00f3 una inversi\u00f3n de 500 millones de pesos para apoyar el deporte y particip\u00f3 de un homenaje a Diego Maradona\",\"datePublished\":\"2021-06-23T05:38:43+00:00\",\"dateModified\":\"2021-06-24T05:38:02+00:00\",\"mainEntityOfPage\":{\"@id\":\"https:\/\/infoecos.com.ar\/index.php\/kicillof-anuncio-una-inversion-de-500-millones-de-pesos-para-apoyar-el-deporte-y-participo-de-un-homenaje-a-diego-maradona\/\"},\"wordCount\":743,\"publisher\":{\"@id\":\"https:\/\/infoecos.com.ar\/#organization\"},\"image\":{\"@id\":\"https:\/\/infoecos.com.ar\/index.php\/kicillof-anuncio-una-inversion-de-500-millones-de-pesos-para-apoyar-el-deporte-y-participo-de-un-homenaje-a-diego-maradona\/#primaryimage\"},\"thumbnailUrl\":\"https:\/\/infoecos.com.ar\/wp-content\/uploads\/2021\/06\/IMG_3421A-scaled.jpg\",\"keywords\":[\"en la plata donde tambi\u00e9n se homenaje\u00f3 a Maradona (est\u00e1 el gol)\"],\"articleSection\":[\"Audio\",\"Bloque inferior - 1\",\"Video\"],\"inLanguage\":\"es\"},{\"@type\":\"WebPage\",\"@id\":\"https:\/\/infoecos.com.ar\/index.php\/kicillof-anuncio-una-inversion-de-500-millones-de-pesos-para-apoyar-el-deporte-y-participo-de-un-homenaje-a-diego-maradona\/\",\"url\":\"https:\/\/infoecos.com.ar\/index.php\/kicillof-anuncio-una-inversion-de-500-millones-de-pesos-para-apoyar-el-deporte-y-participo-de-un-homenaje-a-diego-maradona\/\",\"name\":\"Kicillof anunci\u00f3 una inversi\u00f3n de 500 millones de pesos para apoyar el deporte y particip\u00f3 de un homenaje a Diego Maradona - Infoecos\",\"isPartOf\":{\"@id\":\"https:\/\/infoecos.com.ar\/#website\"},\"primaryImageOfPage\":{\"@id\":\"https:\/\/infoecos.com.ar\/index.php\/kicillof-anuncio-una-inversion-de-500-millones-de-pesos-para-apoyar-el-deporte-y-participo-de-un-homenaje-a-diego-maradona\/#primaryimage\"},\"image\":{\"@id\":\"https:\/\/infoecos.com.ar\/index.php\/kicillof-anuncio-una-inversion-de-500-millones-de-pesos-para-apoyar-el-deporte-y-participo-de-un-homenaje-a-diego-maradona\/#primaryimage\"},\"thumbnailUrl\":\"https:\/\/infoecos.com.ar\/wp-content\/uploads\/2021\/06\/IMG_3421A-scaled.jpg\",\"datePublished\":\"2021-06-23T05:38:43+00:00\",\"dateModified\":\"2021-06-24T05:38:02+00:00\",\"breadcrumb\":{\"@id\":\"https:\/\/infoecos.com.ar\/index.php\/kicillof-anuncio-una-inversion-de-500-millones-de-pesos-para-apoyar-el-deporte-y-participo-de-un-homenaje-a-diego-maradona\/#breadcrumb\"},\"inLanguage\":\"es\",\"potentialAction\":[{\"@type\":\"ReadAction\",\"target\":[\"https:\/\/infoecos.com.ar\/index.php\/kicillof-anuncio-una-inversion-de-500-millones-de-pesos-para-apoyar-el-deporte-y-participo-de-un-homenaje-a-diego-maradona\/\"]}]},{\"@type\":\"ImageObject\",\"inLanguage\":\"es\",\"@id\":\"https:\/\/infoecos.com.ar\/index.php\/kicillof-anuncio-una-inversion-de-500-millones-de-pesos-para-apoyar-el-deporte-y-participo-de-un-homenaje-a-diego-maradona\/#primaryimage\",\"url\":\"https:\/\/infoecos.com.ar\/wp-content\/uploads\/2021\/06\/IMG_3421A-scaled.jpg\",\"contentUrl\":\"https:\/\/infoecos.com.ar\/wp-content\/uploads\/2021\/06\/IMG_3421A-scaled.jpg\",\"width\":2560,\"height\":1707},{\"@type\":\"BreadcrumbList\",\"@id\":\"https:\/\/infoecos.com.ar\/index.php\/kicillof-anuncio-una-inversion-de-500-millones-de-pesos-para-apoyar-el-deporte-y-participo-de-un-homenaje-a-diego-maradona\/#breadcrumb\",\"itemListElement\":[{\"@type\":\"ListItem\",\"position\":1,\"name\":\"Portada\",\"item\":\"https:\/\/infoecos.com.ar\/\"},{\"@type\":\"ListItem\",\"position\":2,\"name\":\"Kicillof anunci\u00f3 una inversi\u00f3n de 500 millones de pesos para apoyar el deporte y particip\u00f3 de un homenaje a Diego Maradona\"}]},{\"@type\":\"WebSite\",\"@id\":\"https:\/\/infoecos.com.ar\/#website\",\"url\":\"https:\/\/infoecos.com.ar\/\",\"name\":\"Infoecos\",\"description\":\"Noticias de trenque lauquen y la zona\",\"publisher\":{\"@id\":\"https:\/\/infoecos.com.ar\/#organization\"},\"alternateName\":\"Noticias\",\"potentialAction\":[{\"@type\":\"SearchAction\",\"target\":{\"@type\":\"EntryPoint\",\"urlTemplate\":\"https:\/\/infoecos.com.ar\/?s={search_term_string}\"},\"query-input\":{\"@type\":\"PropertyValueSpecification\",\"valueRequired\":true,\"valueName\":\"search_term_string\"}}],\"inLanguage\":\"es\"},{\"@type\":\"Organization\",\"@id\":\"https:\/\/infoecos.com.ar\/#organization\",\"name\":\"Infoecos\",\"alternateName\":\"Noticias\",\"url\":\"https:\/\/infoecos.com.ar\/\",\"logo\":{\"@type\":\"ImageObject\",\"inLanguage\":\"es\",\"@id\":\"https:\/\/infoecos.com.ar\/#\/schema\/logo\/image\/\",\"url\":\"https:\/\/infoecos.com.ar\/wp-content\/uploads\/2024\/03\/cropped-logo.png\",\"contentUrl\":\"https:\/\/infoecos.com.ar\/wp-content\/uploads\/2024\/03\/cropped-logo.png\",\"width\":374,\"height\":90,\"caption\":\"Infoecos\"},\"image\":{\"@id\":\"https:\/\/infoecos.com.ar\/#\/schema\/logo\/image\/\"},\"sameAs\":[\"https:\/\/www.facebook.com\/profile.php?id=100063200290284\",\"https:\/\/x.com\/infoecos\"]},{\"@type\":\"Person\",\"@id\":\"https:\/\/infoecos.com.ar\/#\/schema\/person\/8f5ace5ce73b4b4aac4b7245aee6f191\",\"name\":\"Jorge Matheus\",\"url\":\"https:\/\/infoecos.com.ar\/index.php\/author\/jomatheus\/\"}]}<\/script>\n<!-- \/ Yoast SEO plugin. -->","yoast_head_json":{"title":"Kicillof anunci\u00f3 una inversi\u00f3n de 500 millones de pesos para apoyar el deporte y particip\u00f3 de un homenaje a Diego Maradona - Infoecos","robots":{"index":"index","follow":"follow","max-snippet":"max-snippet:-1","max-image-preview":"max-image-preview:large","max-video-preview":"max-video-preview:-1"},"canonical":"https:\/\/infoecos.com.ar\/index.php\/kicillof-anuncio-una-inversion-de-500-millones-de-pesos-para-apoyar-el-deporte-y-participo-de-un-homenaje-a-diego-maradona\/","og_locale":"es_ES","og_type":"article","og_title":"Kicillof anunci\u00f3 una inversi\u00f3n de 500 millones de pesos para apoyar el deporte y particip\u00f3 de un homenaje a Diego Maradona - Infoecos","og_description":"El gobernador de la provincia de Buenos Aires, Axel Kicillof, present\u00f3 este martes una inversi\u00f3n...","og_url":"https:\/\/infoecos.com.ar\/index.php\/kicillof-anuncio-una-inversion-de-500-millones-de-pesos-para-apoyar-el-deporte-y-participo-de-un-homenaje-a-diego-maradona\/","og_site_name":"Infoecos","article_publisher":"https:\/\/www.facebook.com\/profile.php?id=100063200290284","article_published_time":"2021-06-23T05:38:43+00:00","article_modified_time":"2021-06-24T05:38:02+00:00","og_image":[{"width":2560,"height":1707,"url":"https:\/\/infoecos.com.ar\/wp-content\/uploads\/2021\/06\/IMG_3421A-scaled.jpg","type":"image\/jpeg"}],"author":"Jorge Matheus","twitter_card":"summary_large_image","twitter_creator":"@infoecos","twitter_site":"@infoecos","twitter_misc":{"Escrito por":"Jorge Matheus","Tiempo de lectura":"4 minutos"},"schema":{"@context":"https:\/\/schema.org","@graph":[{"@type":"Article","@id":"https:\/\/infoecos.com.ar\/index.php\/kicillof-anuncio-una-inversion-de-500-millones-de-pesos-para-apoyar-el-deporte-y-participo-de-un-homenaje-a-diego-maradona\/#article","isPartOf":{"@id":"https:\/\/infoecos.com.ar\/index.php\/kicillof-anuncio-una-inversion-de-500-millones-de-pesos-para-apoyar-el-deporte-y-participo-de-un-homenaje-a-diego-maradona\/"},"author":{"name":"Jorge Matheus","@id":"https:\/\/infoecos.com.ar\/#\/schema\/person\/8f5ace5ce73b4b4aac4b7245aee6f191"},"headline":"Kicillof anunci\u00f3 una inversi\u00f3n de 500 millones de pesos para apoyar el deporte y particip\u00f3 de un homenaje a Diego Maradona","datePublished":"2021-06-23T05:38:43+00:00","dateModified":"2021-06-24T05:38:02+00:00","mainEntityOfPage":{"@id":"https:\/\/infoecos.com.ar\/index.php\/kicillof-anuncio-una-inversion-de-500-millones-de-pesos-para-apoyar-el-deporte-y-participo-de-un-homenaje-a-diego-maradona\/"},"wordCount":743,"publisher":{"@id":"https:\/\/infoecos.com.ar\/#organization"},"image":{"@id":"https:\/\/infoecos.com.ar\/index.php\/kicillof-anuncio-una-inversion-de-500-millones-de-pesos-para-apoyar-el-deporte-y-participo-de-un-homenaje-a-diego-maradona\/#primaryimage"},"thumbnailUrl":"https:\/\/infoecos.com.ar\/wp-content\/uploads\/2021\/06\/IMG_3421A-scaled.jpg","keywords":["en la plata donde tambi\u00e9n se homenaje\u00f3 a Maradona (est\u00e1 el gol)"],"articleSection":["Audio","Bloque inferior - 1","Video"],"inLanguage":"es"},{"@type":"WebPage","@id":"https:\/\/infoecos.com.ar\/index.php\/kicillof-anuncio-una-inversion-de-500-millones-de-pesos-para-apoyar-el-deporte-y-participo-de-un-homenaje-a-diego-maradona\/","url":"https:\/\/infoecos.com.ar\/index.php\/kicillof-anuncio-una-inversion-de-500-millones-de-pesos-para-apoyar-el-deporte-y-participo-de-un-homenaje-a-diego-maradona\/","name":"Kicillof anunci\u00f3 una inversi\u00f3n de 500 millones de pesos para apoyar el deporte y particip\u00f3 de un homenaje a Diego Maradona - Infoecos","isPartOf":{"@id":"https:\/\/infoecos.com.ar\/#website"},"primaryImageOfPage":{"@id":"https:\/\/infoecos.com.ar\/index.php\/kicillof-anuncio-una-inversion-de-500-millones-de-pesos-para-apoyar-el-deporte-y-participo-de-un-homenaje-a-diego-maradona\/#primaryimage"},"image":{"@id":"https:\/\/infoecos.com.ar\/index.php\/kicillof-anuncio-una-inversion-de-500-millones-de-pesos-para-apoyar-el-deporte-y-participo-de-un-homenaje-a-diego-maradona\/#primaryimage"},"thumbnailUrl":"https:\/\/infoecos.com.ar\/wp-content\/uploads\/2021\/06\/IMG_3421A-scaled.jpg","datePublished":"2021-06-23T05:38:43+00:00","dateModified":"2021-06-24T05:38:02+00:00","breadcrumb":{"@id":"https:\/\/infoecos.com.ar\/index.php\/kicillof-anuncio-una-inversion-de-500-millones-de-pesos-para-apoyar-el-deporte-y-participo-de-un-homenaje-a-diego-maradona\/#breadcrumb"},"inLanguage":"es","potentialAction":[{"@type":"ReadAction","target":["https:\/\/infoecos.com.ar\/index.php\/kicillof-anuncio-una-inversion-de-500-millones-de-pesos-para-apoyar-el-deporte-y-participo-de-un-homenaje-a-diego-maradona\/"]}]},{"@type":"ImageObject","inLanguage":"es","@id":"https:\/\/infoecos.com.ar\/index.php\/kicillof-anuncio-una-inversion-de-500-millones-de-pesos-para-apoyar-el-deporte-y-participo-de-un-homenaje-a-diego-maradona\/#primaryimage","url":"https:\/\/infoecos.com.ar\/wp-content\/uploads\/2021\/06\/IMG_3421A-scaled.jpg","contentUrl":"https:\/\/infoecos.com.ar\/wp-content\/uploads\/2021\/06\/IMG_3421A-scaled.jpg","width":2560,"height":1707},{"@type":"BreadcrumbList","@id":"https:\/\/infoecos.com.ar\/index.php\/kicillof-anuncio-una-inversion-de-500-millones-de-pesos-para-apoyar-el-deporte-y-participo-de-un-homenaje-a-diego-maradona\/#breadcrumb","itemListElement":[{"@type":"ListItem","position":1,"name":"Portada","item":"https:\/\/infoecos.com.ar\/"},{"@type":"ListItem","position":2,"name":"Kicillof anunci\u00f3 una inversi\u00f3n de 500 millones de pesos para apoyar el deporte y particip\u00f3 de un homenaje a Diego Maradona"}]},{"@type":"WebSite","@id":"https:\/\/infoecos.com.ar\/#website","url":"https:\/\/infoecos.com.ar\/","name":"Infoecos","description":"Noticias de trenque lauquen y la zona","publisher":{"@id":"https:\/\/infoecos.com.ar\/#organization"},"alternateName":"Noticias","potentialAction":[{"@type":"SearchAction","target":{"@type":"EntryPoint","urlTemplate":"https:\/\/infoecos.com.ar\/?s={search_term_string}"},"query-input":{"@type":"PropertyValueSpecification","valueRequired":true,"valueName":"search_term_string"}}],"inLanguage":"es"},{"@type":"Organization","@id":"https:\/\/infoecos.com.ar\/#organization","name":"Infoecos","alternateName":"Noticias","url":"https:\/\/infoecos.com.ar\/","logo":{"@type":"ImageObject","inLanguage":"es","@id":"https:\/\/infoecos.com.ar\/#\/schema\/logo\/image\/","url":"https:\/\/infoecos.com.ar\/wp-content\/uploads\/2024\/03\/cropped-logo.png","contentUrl":"https:\/\/infoecos.com.ar\/wp-content\/uploads\/2024\/03\/cropped-logo.png","width":374,"height":90,"caption":"Infoecos"},"image":{"@id":"https:\/\/infoecos.com.ar\/#\/schema\/logo\/image\/"},"sameAs":["https:\/\/www.facebook.com\/profile.php?id=100063200290284","https:\/\/x.com\/infoecos"]},{"@type":"Person","@id":"https:\/\/infoecos.com.ar\/#\/schema\/person\/8f5ace5ce73b4b4aac4b7245aee6f191","name":"Jorge Matheus","url":"https:\/\/infoecos.com.ar\/index.php\/author\/jomatheus\/"}]}},"featured_image_urls":{"full":["https:\/\/infoecos.com.ar\/wp-content\/uploads\/2021\/06\/IMG_3421A-scaled.jpg",2560,1707,false],"thumbnail":["https:\/\/infoecos.com.ar\/wp-content\/uploads\/2021\/06\/IMG_3421A-150x150.jpg",150,150,true],"medium":["https:\/\/infoecos.com.ar\/wp-content\/uploads\/2021\/06\/IMG_3421A-460x307.jpg",460,307,true],"medium_large":["https:\/\/infoecos.com.ar\/wp-content\/uploads\/2021\/06\/IMG_3421A-768x512.jpg",640,427,true],"large":["https:\/\/infoecos.com.ar\/wp-content\/uploads\/2021\/06\/IMG_3421A-920x613.jpg",640,426,true],"1536x1536":["https:\/\/infoecos.com.ar\/wp-content\/uploads\/2021\/06\/IMG_3421A-1536x1024.jpg",1536,1024,true],"2048x2048":["https:\/\/infoecos.com.ar\/wp-content\/uploads\/2021\/06\/IMG_3421A-2048x1365.jpg",2048,1365,true],"covernews-slider-full":["https:\/\/infoecos.com.ar\/wp-content\/uploads\/2021\/06\/IMG_3421A-1536x1020.jpg",1077,715,true],"covernews-slider-center":["https:\/\/infoecos.com.ar\/wp-content\/uploads\/2021\/06\/IMG_3421A-936x897.jpg",522,500,true],"covernews-featured":["https:\/\/infoecos.com.ar\/wp-content\/uploads\/2021\/06\/IMG_3421A-1024x683.jpg",1024,683,true],"covernews-medium":["https:\/\/infoecos.com.ar\/wp-content\/uploads\/2021\/06\/IMG_3421A-720x380.jpg",540,285,true],"covernews-medium-square":["https:\/\/infoecos.com.ar\/wp-content\/uploads\/2021\/06\/IMG_3421A-675x450.jpg",375,250,true]},"author_info":{"info":["Jorge Matheus"]},"category_info":"<a href=\"https:\/\/infoecos.com.ar\/index.php\/category\/audio\/\" rel=\"category tag\">Audio<\/a> <a href=\"https:\/\/infoecos.com.ar\/index.php\/category\/inferior1\/\" rel=\"category tag\">Bloque inferior - 1<\/a> <a href=\"https:\/\/infoecos.com.ar\/index.php\/category\/video\/\" rel=\"category tag\">Video<\/a>","tag_info":"Video","comment_count":"0","_links":{"self":[{"href":"https:\/\/infoecos.com.ar\/index.php\/wp-json\/wp\/v2\/posts\/79995"}],"collection":[{"href":"https:\/\/infoecos.com.ar\/index.php\/wp-json\/wp\/v2\/posts"}],"about":[{"href":"https:\/\/infoecos.com.ar\/index.php\/wp-json\/wp\/v2\/types\/post"}],"author":[{"embeddable":true,"href":"https:\/\/infoecos.com.ar\/index.php\/wp-json\/wp\/v2\/users\/2"}],"replies":[{"embeddable":true,"href":"https:\/\/infoecos.com.ar\/index.php\/wp-json\/wp\/v2\/comments?post=79995"}],"version-history":[{"count":2,"href":"https:\/\/infoecos.com.ar\/index.php\/wp-json\/wp\/v2\/posts\/79995\/revisions"}],"predecessor-version":[{"id":80003,"href":"https:\/\/infoecos.com.ar\/index.php\/wp-json\/wp\/v2\/posts\/79995\/revisions\/80003"}],"wp:featuredmedia":[{"embeddable":true,"href":"https:\/\/infoecos.com.ar\/index.php\/wp-json\/wp\/v2\/media\/79998"}],"wp:attachment":[{"href":"https:\/\/infoecos.com.ar\/index.php\/wp-json\/wp\/v2\/media?parent=79995"}],"wp:term":[{"taxonomy":"category","embeddable":true,"href":"https:\/\/infoecos.com.ar\/index.php\/wp-json\/wp\/v2\/categories?post=79995"},{"taxonomy":"post_tag","embeddable":true,"href":"https:\/\/infoecos.com.ar\/index.php\/wp-json\/wp\/v2\/tags?post=79995"}],"curies":[{"name":"wp","href":"https:\/\/api.w.org\/{rel}","templated":true}]}}