{"id":80001,"date":"2021-06-23T02:41:11","date_gmt":"2021-06-23T05:41:11","guid":{"rendered":"http:\/\/infoecos.com.ar\/?p=80001"},"modified":"2021-06-23T02:41:11","modified_gmt":"2021-06-23T05:41:11","slug":"juan-martin-del-potro-no-competira-en-los-juegos-olimpicos-de-tokio-2020","status":"publish","type":"post","link":"https:\/\/infoecos.com.ar\/index.php\/juan-martin-del-potro-no-competira-en-los-juegos-olimpicos-de-tokio-2020\/","title":{"rendered":"Juan Mart\u00edn Del Potro no competir\u00e1 en los Juegos Ol\u00edmpicos de Tokio 2020"},"content":{"rendered":"\n<p>El tenista Juan Mart\u00edn Del Potro no competir\u00e1 en los Juegos Ol\u00edmpicos de Tokio 2020, que comenzar\u00e1n el 23 de julio pr\u00f3ximo, ya que no estar\u00e1 completamente recuperado de su lesi\u00f3n en la rodilla derecha.<\/p>\n\n\n\n<div class=\"wp-block-image\"><figure class=\"aligncenter size-large\"><img decoding=\"async\" src=\"http:\/\/infoecos.com.ar\/wp-content\/uploads\/635278287057608282.jpg\" alt=\"\" class=\"wp-image-10282\"\/><figcaption>Del Potro<\/figcaption><\/figure><\/div>\n\n\n\n<p>\u00abQuer\u00edamos contarles que los tiempos no alcanzaron y Delpo no podr\u00e1 jugar los Juegos. Su m\u00e9dico est\u00e1 muy conforme con los avances de la rodilla pero recomend\u00f3 que Juan Mart\u00edn no participe en Tokio. \u00a1Gracias por sus mensajes, esto sigue!\u00bb, inform\u00f3 el equipo de prensa del tandilense.<\/p>\n\n\n\n<p>Del Potro, bronce en Londres 2012 y plata en R\u00edo 2016, tuvo su \u00faltima operaci\u00f3n de rodilla (la cuarta desde su lesi\u00f3n en 2018) en marzo de este a\u00f1o y trabaj\u00f3 para alcanzar su sue\u00f1o de llegar a Tokio, gracias a su ranking protegido. Sin embargo, no lleg\u00f3 con los tiempos de recuperaci\u00f3n.<\/p>\n","protected":false},"excerpt":{"rendered":"<p>\u00abSu m\u00e9dico est\u00e1 muy conforme con los avances de la rodilla pero recomend\u00f3 que Juan Mart\u00edn no participe en Tokio. \u00a1Gracias por sus mensajes, esto sigue!\u00bb, inform\u00f3 el equipo de prensa del tandilense.<\/p>\n","protected":false},"author":2,"featured_media":10282,"comment_status":"closed","ping_status":"open","sticky":false,"template":"","format":"standard","meta":{"footnotes":""},"categories":[1614],"tags":[3988],"class_list":["post-80001","post","type-post","status-publish","format-standard","has-post-thumbnail","hentry","category-c2nota7","tag-no-estara-recuperado-de-su-rodilla"],"yoast_head":"<!-- This site is optimized with the Yoast SEO plugin v23.4 - https:\/\/yoast.com\/wordpress\/plugins\/seo\/ -->\n<title>Juan Mart\u00edn Del Potro no competir\u00e1 en los Juegos Ol\u00edmpicos de Tokio 2020 - Infoecos<\/title>\n<meta name=\"robots\" content=\"index, follow, max-snippet:-1, max-image-preview:large, max-video-preview:-1\" \/>\n<link rel=\"canonical\" href=\"https:\/\/infoecos.com.ar\/index.php\/juan-martin-del-potro-no-competira-en-los-juegos-olimpicos-de-tokio-2020\/\" \/>\n<meta property=\"og:locale\" content=\"es_ES\" \/>\n<meta property=\"og:type\" content=\"article\" \/>\n<meta property=\"og:title\" content=\"Juan Mart\u00edn Del Potro no competir\u00e1 en los Juegos Ol\u00edmpicos de Tokio 2020 - Infoecos\" \/>\n<meta property=\"og:description\" content=\"&quot;Su m\u00e9dico est\u00e1 muy conforme con los avances de la rodilla pero recomend\u00f3 que Juan Mart\u00edn no participe en Tokio. \u00a1Gracias por sus mensajes, esto sigue!&quot;, inform\u00f3 el equipo de prensa del tandilense.\" \/>\n<meta property=\"og:url\" content=\"https:\/\/infoecos.com.ar\/index.php\/juan-martin-del-potro-no-competira-en-los-juegos-olimpicos-de-tokio-2020\/\" \/>\n<meta property=\"og:site_name\" content=\"Infoecos\" \/>\n<meta property=\"article:publisher\" content=\"https:\/\/www.facebook.com\/profile.php?id=100063200290284\" \/>\n<meta property=\"article:published_time\" content=\"2021-06-23T05:41:11+00:00\" \/>\n<meta property=\"og:image\" content=\"https:\/\/infoecos.com.ar\/wp-content\/uploads\/635278287057608282.jpg\" \/>\n\t<meta property=\"og:image:width\" content=\"600\" \/>\n\t<meta property=\"og:image:height\" content=\"338\" \/>\n\t<meta property=\"og:image:type\" content=\"image\/jpeg\" \/>\n<meta name=\"author\" content=\"Jorge Matheus\" \/>\n<meta name=\"twitter:card\" content=\"summary_large_image\" \/>\n<meta name=\"twitter:creator\" content=\"@infoecos\" \/>\n<meta name=\"twitter:site\" content=\"@infoecos\" \/>\n<meta name=\"twitter:label1\" content=\"Escrito por\" \/>\n\t<meta name=\"twitter:data1\" content=\"Jorge Matheus\" \/>\n\t<meta name=\"twitter:label2\" content=\"Tiempo de lectura\" \/>\n\t<meta name=\"twitter:data2\" content=\"1 minuto\" \/>\n<script type=\"application\/ld+json\" class=\"yoast-schema-graph\">{\"@context\":\"https:\/\/schema.org\",\"@graph\":[{\"@type\":\"Article\",\"@id\":\"https:\/\/infoecos.com.ar\/index.php\/juan-martin-del-potro-no-competira-en-los-juegos-olimpicos-de-tokio-2020\/#article\",\"isPartOf\":{\"@id\":\"https:\/\/infoecos.com.ar\/index.php\/juan-martin-del-potro-no-competira-en-los-juegos-olimpicos-de-tokio-2020\/\"},\"author\":{\"name\":\"Jorge Matheus\",\"@id\":\"https:\/\/infoecos.com.ar\/#\/schema\/person\/8f5ace5ce73b4b4aac4b7245aee6f191\"},\"headline\":\"Juan Mart\u00edn Del Potro no competir\u00e1 en los Juegos Ol\u00edmpicos de Tokio 2020\",\"datePublished\":\"2021-06-23T05:41:11+00:00\",\"dateModified\":\"2021-06-23T05:41:11+00:00\",\"mainEntityOfPage\":{\"@id\":\"https:\/\/infoecos.com.ar\/index.php\/juan-martin-del-potro-no-competira-en-los-juegos-olimpicos-de-tokio-2020\/\"},\"wordCount\":160,\"publisher\":{\"@id\":\"https:\/\/infoecos.com.ar\/#organization\"},\"image\":{\"@id\":\"https:\/\/infoecos.com.ar\/index.php\/juan-martin-del-potro-no-competira-en-los-juegos-olimpicos-de-tokio-2020\/#primaryimage\"},\"thumbnailUrl\":\"\",\"keywords\":[\"NO ESTAR\u00c1 RECUPERADO DE SU RODILLA\"],\"articleSection\":[\"C2 N7\"],\"inLanguage\":\"es\"},{\"@type\":\"WebPage\",\"@id\":\"https:\/\/infoecos.com.ar\/index.php\/juan-martin-del-potro-no-competira-en-los-juegos-olimpicos-de-tokio-2020\/\",\"url\":\"https:\/\/infoecos.com.ar\/index.php\/juan-martin-del-potro-no-competira-en-los-juegos-olimpicos-de-tokio-2020\/\",\"name\":\"Juan Mart\u00edn Del Potro no competir\u00e1 en los Juegos Ol\u00edmpicos de Tokio 2020 - Infoecos\",\"isPartOf\":{\"@id\":\"https:\/\/infoecos.com.ar\/#website\"},\"primaryImageOfPage\":{\"@id\":\"https:\/\/infoecos.com.ar\/index.php\/juan-martin-del-potro-no-competira-en-los-juegos-olimpicos-de-tokio-2020\/#primaryimage\"},\"image\":{\"@id\":\"https:\/\/infoecos.com.ar\/index.php\/juan-martin-del-potro-no-competira-en-los-juegos-olimpicos-de-tokio-2020\/#primaryimage\"},\"thumbnailUrl\":\"\",\"datePublished\":\"2021-06-23T05:41:11+00:00\",\"dateModified\":\"2021-06-23T05:41:11+00:00\",\"breadcrumb\":{\"@id\":\"https:\/\/infoecos.com.ar\/index.php\/juan-martin-del-potro-no-competira-en-los-juegos-olimpicos-de-tokio-2020\/#breadcrumb\"},\"inLanguage\":\"es\",\"potentialAction\":[{\"@type\":\"ReadAction\",\"target\":[\"https:\/\/infoecos.com.ar\/index.php\/juan-martin-del-potro-no-competira-en-los-juegos-olimpicos-de-tokio-2020\/\"]}]},{\"@type\":\"ImageObject\",\"inLanguage\":\"es\",\"@id\":\"https:\/\/infoecos.com.ar\/index.php\/juan-martin-del-potro-no-competira-en-los-juegos-olimpicos-de-tokio-2020\/#primaryimage\",\"url\":\"\",\"contentUrl\":\"\"},{\"@type\":\"BreadcrumbList\",\"@id\":\"https:\/\/infoecos.com.ar\/index.php\/juan-martin-del-potro-no-competira-en-los-juegos-olimpicos-de-tokio-2020\/#breadcrumb\",\"itemListElement\":[{\"@type\":\"ListItem\",\"position\":1,\"name\":\"Portada\",\"item\":\"https:\/\/infoecos.com.ar\/\"},{\"@type\":\"ListItem\",\"position\":2,\"name\":\"Juan Mart\u00edn Del Potro no competir\u00e1 en los Juegos Ol\u00edmpicos de Tokio 2020\"}]},{\"@type\":\"WebSite\",\"@id\":\"https:\/\/infoecos.com.ar\/#website\",\"url\":\"https:\/\/infoecos.com.ar\/\",\"name\":\"Infoecos\",\"description\":\"Noticias de trenque lauquen y la zona\",\"publisher\":{\"@id\":\"https:\/\/infoecos.com.ar\/#organization\"},\"alternateName\":\"Noticias\",\"potentialAction\":[{\"@type\":\"SearchAction\",\"target\":{\"@type\":\"EntryPoint\",\"urlTemplate\":\"https:\/\/infoecos.com.ar\/?s={search_term_string}\"},\"query-input\":{\"@type\":\"PropertyValueSpecification\",\"valueRequired\":true,\"valueName\":\"search_term_string\"}}],\"inLanguage\":\"es\"},{\"@type\":\"Organization\",\"@id\":\"https:\/\/infoecos.com.ar\/#organization\",\"name\":\"Infoecos\",\"alternateName\":\"Noticias\",\"url\":\"https:\/\/infoecos.com.ar\/\",\"logo\":{\"@type\":\"ImageObject\",\"inLanguage\":\"es\",\"@id\":\"https:\/\/infoecos.com.ar\/#\/schema\/logo\/image\/\",\"url\":\"https:\/\/infoecos.com.ar\/wp-content\/uploads\/2024\/03\/cropped-logo.png\",\"contentUrl\":\"https:\/\/infoecos.com.ar\/wp-content\/uploads\/2024\/03\/cropped-logo.png\",\"width\":374,\"height\":90,\"caption\":\"Infoecos\"},\"image\":{\"@id\":\"https:\/\/infoecos.com.ar\/#\/schema\/logo\/image\/\"},\"sameAs\":[\"https:\/\/www.facebook.com\/profile.php?id=100063200290284\",\"https:\/\/x.com\/infoecos\"]},{\"@type\":\"Person\",\"@id\":\"https:\/\/infoecos.com.ar\/#\/schema\/person\/8f5ace5ce73b4b4aac4b7245aee6f191\",\"name\":\"Jorge Matheus\",\"url\":\"https:\/\/infoecos.com.ar\/index.php\/author\/jomatheus\/\"}]}<\/script>\n<!-- \/ Yoast SEO plugin. -->","yoast_head_json":{"title":"Juan Mart\u00edn Del Potro no competir\u00e1 en los Juegos Ol\u00edmpicos de Tokio 2020 - Infoecos","robots":{"index":"index","follow":"follow","max-snippet":"max-snippet:-1","max-image-preview":"max-image-preview:large","max-video-preview":"max-video-preview:-1"},"canonical":"https:\/\/infoecos.com.ar\/index.php\/juan-martin-del-potro-no-competira-en-los-juegos-olimpicos-de-tokio-2020\/","og_locale":"es_ES","og_type":"article","og_title":"Juan Mart\u00edn Del Potro no competir\u00e1 en los Juegos Ol\u00edmpicos de Tokio 2020 - Infoecos","og_description":"\"Su m\u00e9dico est\u00e1 muy conforme con los avances de la rodilla pero recomend\u00f3 que Juan Mart\u00edn no participe en Tokio. \u00a1Gracias por sus mensajes, esto sigue!\", inform\u00f3 el equipo de prensa del tandilense.","og_url":"https:\/\/infoecos.com.ar\/index.php\/juan-martin-del-potro-no-competira-en-los-juegos-olimpicos-de-tokio-2020\/","og_site_name":"Infoecos","article_publisher":"https:\/\/www.facebook.com\/profile.php?id=100063200290284","article_published_time":"2021-06-23T05:41:11+00:00","og_image":[{"width":600,"height":338,"url":"https:\/\/infoecos.com.ar\/wp-content\/uploads\/635278287057608282.jpg","type":"image\/jpeg"}],"author":"Jorge Matheus","twitter_card":"summary_large_image","twitter_creator":"@infoecos","twitter_site":"@infoecos","twitter_misc":{"Escrito por":"Jorge Matheus","Tiempo de lectura":"1 minuto"},"schema":{"@context":"https:\/\/schema.org","@graph":[{"@type":"Article","@id":"https:\/\/infoecos.com.ar\/index.php\/juan-martin-del-potro-no-competira-en-los-juegos-olimpicos-de-tokio-2020\/#article","isPartOf":{"@id":"https:\/\/infoecos.com.ar\/index.php\/juan-martin-del-potro-no-competira-en-los-juegos-olimpicos-de-tokio-2020\/"},"author":{"name":"Jorge Matheus","@id":"https:\/\/infoecos.com.ar\/#\/schema\/person\/8f5ace5ce73b4b4aac4b7245aee6f191"},"headline":"Juan Mart\u00edn Del Potro no competir\u00e1 en los Juegos Ol\u00edmpicos de Tokio 2020","datePublished":"2021-06-23T05:41:11+00:00","dateModified":"2021-06-23T05:41:11+00:00","mainEntityOfPage":{"@id":"https:\/\/infoecos.com.ar\/index.php\/juan-martin-del-potro-no-competira-en-los-juegos-olimpicos-de-tokio-2020\/"},"wordCount":160,"publisher":{"@id":"https:\/\/infoecos.com.ar\/#organization"},"image":{"@id":"https:\/\/infoecos.com.ar\/index.php\/juan-martin-del-potro-no-competira-en-los-juegos-olimpicos-de-tokio-2020\/#primaryimage"},"thumbnailUrl":"","keywords":["NO ESTAR\u00c1 RECUPERADO DE SU RODILLA"],"articleSection":["C2 N7"],"inLanguage":"es"},{"@type":"WebPage","@id":"https:\/\/infoecos.com.ar\/index.php\/juan-martin-del-potro-no-competira-en-los-juegos-olimpicos-de-tokio-2020\/","url":"https:\/\/infoecos.com.ar\/index.php\/juan-martin-del-potro-no-competira-en-los-juegos-olimpicos-de-tokio-2020\/","name":"Juan Mart\u00edn Del Potro no competir\u00e1 en los Juegos Ol\u00edmpicos de Tokio 2020 - Infoecos","isPartOf":{"@id":"https:\/\/infoecos.com.ar\/#website"},"primaryImageOfPage":{"@id":"https:\/\/infoecos.com.ar\/index.php\/juan-martin-del-potro-no-competira-en-los-juegos-olimpicos-de-tokio-2020\/#primaryimage"},"image":{"@id":"https:\/\/infoecos.com.ar\/index.php\/juan-martin-del-potro-no-competira-en-los-juegos-olimpicos-de-tokio-2020\/#primaryimage"},"thumbnailUrl":"","datePublished":"2021-06-23T05:41:11+00:00","dateModified":"2021-06-23T05:41:11+00:00","breadcrumb":{"@id":"https:\/\/infoecos.com.ar\/index.php\/juan-martin-del-potro-no-competira-en-los-juegos-olimpicos-de-tokio-2020\/#breadcrumb"},"inLanguage":"es","potentialAction":[{"@type":"ReadAction","target":["https:\/\/infoecos.com.ar\/index.php\/juan-martin-del-potro-no-competira-en-los-juegos-olimpicos-de-tokio-2020\/"]}]},{"@type":"ImageObject","inLanguage":"es","@id":"https:\/\/infoecos.com.ar\/index.php\/juan-martin-del-potro-no-competira-en-los-juegos-olimpicos-de-tokio-2020\/#primaryimage","url":"","contentUrl":""},{"@type":"BreadcrumbList","@id":"https:\/\/infoecos.com.ar\/index.php\/juan-martin-del-potro-no-competira-en-los-juegos-olimpicos-de-tokio-2020\/#breadcrumb","itemListElement":[{"@type":"ListItem","position":1,"name":"Portada","item":"https:\/\/infoecos.com.ar\/"},{"@type":"ListItem","position":2,"name":"Juan Mart\u00edn Del Potro no competir\u00e1 en los Juegos Ol\u00edmpicos de Tokio 2020"}]},{"@type":"WebSite","@id":"https:\/\/infoecos.com.ar\/#website","url":"https:\/\/infoecos.com.ar\/","name":"Infoecos","description":"Noticias de trenque lauquen y la zona","publisher":{"@id":"https:\/\/infoecos.com.ar\/#organization"},"alternateName":"Noticias","potentialAction":[{"@type":"SearchAction","target":{"@type":"EntryPoint","urlTemplate":"https:\/\/infoecos.com.ar\/?s={search_term_string}"},"query-input":{"@type":"PropertyValueSpecification","valueRequired":true,"valueName":"search_term_string"}}],"inLanguage":"es"},{"@type":"Organization","@id":"https:\/\/infoecos.com.ar\/#organization","name":"Infoecos","alternateName":"Noticias","url":"https:\/\/infoecos.com.ar\/","logo":{"@type":"ImageObject","inLanguage":"es","@id":"https:\/\/infoecos.com.ar\/#\/schema\/logo\/image\/","url":"https:\/\/infoecos.com.ar\/wp-content\/uploads\/2024\/03\/cropped-logo.png","contentUrl":"https:\/\/infoecos.com.ar\/wp-content\/uploads\/2024\/03\/cropped-logo.png","width":374,"height":90,"caption":"Infoecos"},"image":{"@id":"https:\/\/infoecos.com.ar\/#\/schema\/logo\/image\/"},"sameAs":["https:\/\/www.facebook.com\/profile.php?id=100063200290284","https:\/\/x.com\/infoecos"]},{"@type":"Person","@id":"https:\/\/infoecos.com.ar\/#\/schema\/person\/8f5ace5ce73b4b4aac4b7245aee6f191","name":"Jorge Matheus","url":"https:\/\/infoecos.com.ar\/index.php\/author\/jomatheus\/"}]}},"featured_image_urls":{"full":"","thumbnail":"","medium":"","medium_large":"","large":"","1536x1536":"","2048x2048":"","covernews-slider-full":"","covernews-slider-center":"","covernews-featured":"","covernews-medium":"","covernews-medium-square":""},"author_info":{"info":["Jorge Matheus"]},"category_info":"<a href=\"https:\/\/infoecos.com.ar\/index.php\/category\/c2nota7\/\" rel=\"category tag\">C2 N7<\/a>","tag_info":"C2 N7","comment_count":"0","_links":{"self":[{"href":"https:\/\/infoecos.com.ar\/index.php\/wp-json\/wp\/v2\/posts\/80001"}],"collection":[{"href":"https:\/\/infoecos.com.ar\/index.php\/wp-json\/wp\/v2\/posts"}],"about":[{"href":"https:\/\/infoecos.com.ar\/index.php\/wp-json\/wp\/v2\/types\/post"}],"author":[{"embeddable":true,"href":"https:\/\/infoecos.com.ar\/index.php\/wp-json\/wp\/v2\/users\/2"}],"replies":[{"embeddable":true,"href":"https:\/\/infoecos.com.ar\/index.php\/wp-json\/wp\/v2\/comments?post=80001"}],"version-history":[{"count":1,"href":"https:\/\/infoecos.com.ar\/index.php\/wp-json\/wp\/v2\/posts\/80001\/revisions"}],"predecessor-version":[{"id":80002,"href":"https:\/\/infoecos.com.ar\/index.php\/wp-json\/wp\/v2\/posts\/80001\/revisions\/80002"}],"wp:featuredmedia":[{"embeddable":true,"href":"https:\/\/infoecos.com.ar\/index.php\/wp-json\/"}],"wp:attachment":[{"href":"https:\/\/infoecos.com.ar\/index.php\/wp-json\/wp\/v2\/media?parent=80001"}],"wp:term":[{"taxonomy":"category","embeddable":true,"href":"https:\/\/infoecos.com.ar\/index.php\/wp-json\/wp\/v2\/categories?post=80001"},{"taxonomy":"post_tag","embeddable":true,"href":"https:\/\/infoecos.com.ar\/index.php\/wp-json\/wp\/v2\/tags?post=80001"}],"curies":[{"name":"wp","href":"https:\/\/api.w.org\/{rel}","templated":true}]}}