{"id":80021,"date":"2021-06-23T17:38:58","date_gmt":"2021-06-23T20:38:58","guid":{"rendered":"http:\/\/infoecos.com.ar\/?p=80021"},"modified":"2021-06-25T02:07:36","modified_gmt":"2021-06-25T05:07:36","slug":"teresa-garcia-en-la-provincia-nos-encontramos-con-un-sistema-de-seguridad-y-de-salud-deplorables","status":"publish","type":"post","link":"https:\/\/infoecos.com.ar\/index.php\/teresa-garcia-en-la-provincia-nos-encontramos-con-un-sistema-de-seguridad-y-de-salud-deplorables\/","title":{"rendered":"Teresa Garc\u00eda: \u00aben la Provincia nos encontramos con un sistema de seguridad y de salud deplorables\u00bb"},"content":{"rendered":"\n<p>La ministra de Gobierno bonaerense, Mar\u00eda Teresa Garc\u00eda, en declaraciones period\u00edsticas dijo que en la Provincia nos encontramos con un sistema de seguridad y de salud deplorables, al hacer referencias a las cr\u00edticas del gobernador Kicillof a la gesti\u00f3n de Mar\u00eda Eugenia Vidal.&nbsp;<\/p>\n\n\n\n<p>Garc\u00eda sostuvo que \u201cel Gobernador expres\u00f3 que tenemos que gobernar con este legado y hay que decir en qu\u00e9 condiciones recibimos la Provincia\u201d.&nbsp;&nbsp;<\/p>\n\n\n\n<div class=\"wp-block-image\"><figure class=\"aligncenter size-large\"><img decoding=\"async\" src=\"http:\/\/infoecos.com.ar\/wp-content\/uploads\/20170126121922_teresa_garcia.jpg\" alt=\"\" class=\"wp-image-56032\"\/><figcaption>Garc\u00eda, Teresa<\/figcaption><\/figure><\/div>\n\n\n\n<p>Al ser consultada si la ex mandataria tuvo un blindaje medi\u00e1tico se\u00f1al\u00f3 que \u201cen 2018\/19 pedimos que nos presentaran c\u00f3mo hab\u00eda sido el uso de la pauta publicitaria, porque Vidal estuvo asociada a la compra de un canal de televisi\u00f3n. Nunca pudimos saber c\u00f3mo se distribuy\u00f3\u201d.<\/p>\n\n\n\n<p>\u201cVidal tiene un protagonismo pol\u00edtico intermitente. Hace declaraciones y se va. Y eso suena a esconderse de la realidad\u201d, destac\u00f3 Garc\u00eda.<\/p>\n\n\n\n<p>Por otro lado, hizo menci\u00f3n al a\u00f1o eleccionario y detall\u00f3 que \u201cen el Frente de Todos convergen varias expresiones, hemos aprendido porque los 4 a\u00f1os macristas han sido muy duros para la gente\u201d. Asimismo recalc\u00f3 que \u201choy el Gobernador tiene la cabeza en la gesti\u00f3n, por ahora no hay conversaciones, si hay una f\u00e9rrea voluntad de mantener la unidad\u201d.<\/p>\n\n\n\n<p>Garc\u00eda se refiri\u00f3 tambi\u00e9n a la campa\u00f1a de vacunaci\u00f3n y subray\u00f3 que \u201cla semana pasada vacunamos m\u00e1s de 800.000 personas. Tengo una mirada muy positiva, aunque es cierto que el n\u00famero de fallecidos es alto, pero no hubo nadie que no haya tenido lugar para ser atendido\u201d.<\/p>\n","protected":false},"excerpt":{"rendered":"<p>Al hacer referencia a las cr\u00edticas del gobernador Kicillof a la gesti\u00f3n de Mar\u00eda Eugenia Vidal. <\/p>\n","protected":false},"author":2,"featured_media":56032,"comment_status":"closed","ping_status":"open","sticky":false,"template":"","format":"standard","meta":{"footnotes":""},"categories":[1332],"tags":[3992],"class_list":["post-80021","post","type-post","status-publish","format-standard","has-post-thumbnail","hentry","category-inferior12","tag-ministra-de-gobierno-de-buenos-aires"],"yoast_head":"<!-- This site is optimized with the Yoast SEO plugin v23.4 - https:\/\/yoast.com\/wordpress\/plugins\/seo\/ -->\n<title>Teresa Garc\u00eda: &quot;en la Provincia nos encontramos con un sistema de seguridad y de salud deplorables&quot; - Infoecos<\/title>\n<meta name=\"robots\" content=\"index, follow, max-snippet:-1, max-image-preview:large, max-video-preview:-1\" \/>\n<link rel=\"canonical\" href=\"https:\/\/infoecos.com.ar\/index.php\/teresa-garcia-en-la-provincia-nos-encontramos-con-un-sistema-de-seguridad-y-de-salud-deplorables\/\" \/>\n<meta property=\"og:locale\" content=\"es_ES\" \/>\n<meta property=\"og:type\" content=\"article\" \/>\n<meta property=\"og:title\" content=\"Teresa Garc\u00eda: &quot;en la Provincia nos encontramos con un sistema de seguridad y de salud deplorables&quot; - Infoecos\" \/>\n<meta property=\"og:description\" content=\"Al hacer referencia a las cr\u00edticas del gobernador Kicillof a la gesti\u00f3n de Mar\u00eda Eugenia Vidal.\" \/>\n<meta property=\"og:url\" content=\"https:\/\/infoecos.com.ar\/index.php\/teresa-garcia-en-la-provincia-nos-encontramos-con-un-sistema-de-seguridad-y-de-salud-deplorables\/\" \/>\n<meta property=\"og:site_name\" content=\"Infoecos\" \/>\n<meta property=\"article:publisher\" content=\"https:\/\/www.facebook.com\/profile.php?id=100063200290284\" \/>\n<meta property=\"article:published_time\" content=\"2021-06-23T20:38:58+00:00\" \/>\n<meta property=\"article:modified_time\" content=\"2021-06-25T05:07:36+00:00\" \/>\n<meta property=\"og:image\" content=\"https:\/\/infoecos.com.ar\/wp-content\/uploads\/20170126121922_teresa_garcia.jpg\" \/>\n\t<meta property=\"og:image:width\" content=\"620\" \/>\n\t<meta property=\"og:image:height\" content=\"370\" \/>\n\t<meta property=\"og:image:type\" content=\"image\/jpeg\" \/>\n<meta name=\"author\" content=\"Jorge Matheus\" \/>\n<meta name=\"twitter:card\" content=\"summary_large_image\" \/>\n<meta name=\"twitter:creator\" content=\"@infoecos\" \/>\n<meta name=\"twitter:site\" content=\"@infoecos\" \/>\n<meta name=\"twitter:label1\" content=\"Escrito por\" \/>\n\t<meta name=\"twitter:data1\" content=\"Jorge Matheus\" \/>\n\t<meta name=\"twitter:label2\" content=\"Tiempo de lectura\" \/>\n\t<meta name=\"twitter:data2\" content=\"1 minuto\" \/>\n<script type=\"application\/ld+json\" class=\"yoast-schema-graph\">{\"@context\":\"https:\/\/schema.org\",\"@graph\":[{\"@type\":\"Article\",\"@id\":\"https:\/\/infoecos.com.ar\/index.php\/teresa-garcia-en-la-provincia-nos-encontramos-con-un-sistema-de-seguridad-y-de-salud-deplorables\/#article\",\"isPartOf\":{\"@id\":\"https:\/\/infoecos.com.ar\/index.php\/teresa-garcia-en-la-provincia-nos-encontramos-con-un-sistema-de-seguridad-y-de-salud-deplorables\/\"},\"author\":{\"name\":\"Jorge Matheus\",\"@id\":\"https:\/\/infoecos.com.ar\/#\/schema\/person\/8f5ace5ce73b4b4aac4b7245aee6f191\"},\"headline\":\"Teresa Garc\u00eda: \u00aben la Provincia nos encontramos con un sistema de seguridad y de salud deplorables\u00bb\",\"datePublished\":\"2021-06-23T20:38:58+00:00\",\"dateModified\":\"2021-06-25T05:07:36+00:00\",\"mainEntityOfPage\":{\"@id\":\"https:\/\/infoecos.com.ar\/index.php\/teresa-garcia-en-la-provincia-nos-encontramos-con-un-sistema-de-seguridad-y-de-salud-deplorables\/\"},\"wordCount\":285,\"publisher\":{\"@id\":\"https:\/\/infoecos.com.ar\/#organization\"},\"image\":{\"@id\":\"https:\/\/infoecos.com.ar\/index.php\/teresa-garcia-en-la-provincia-nos-encontramos-con-un-sistema-de-seguridad-y-de-salud-deplorables\/#primaryimage\"},\"thumbnailUrl\":\"\",\"keywords\":[\"MINISTRA DE GOBIERNO DE BUENOS AIRES\"],\"articleSection\":[\"Bloque inferior - 12\"],\"inLanguage\":\"es\"},{\"@type\":\"WebPage\",\"@id\":\"https:\/\/infoecos.com.ar\/index.php\/teresa-garcia-en-la-provincia-nos-encontramos-con-un-sistema-de-seguridad-y-de-salud-deplorables\/\",\"url\":\"https:\/\/infoecos.com.ar\/index.php\/teresa-garcia-en-la-provincia-nos-encontramos-con-un-sistema-de-seguridad-y-de-salud-deplorables\/\",\"name\":\"Teresa Garc\u00eda: \\\"en la Provincia nos encontramos con un sistema de seguridad y de salud deplorables\\\" - Infoecos\",\"isPartOf\":{\"@id\":\"https:\/\/infoecos.com.ar\/#website\"},\"primaryImageOfPage\":{\"@id\":\"https:\/\/infoecos.com.ar\/index.php\/teresa-garcia-en-la-provincia-nos-encontramos-con-un-sistema-de-seguridad-y-de-salud-deplorables\/#primaryimage\"},\"image\":{\"@id\":\"https:\/\/infoecos.com.ar\/index.php\/teresa-garcia-en-la-provincia-nos-encontramos-con-un-sistema-de-seguridad-y-de-salud-deplorables\/#primaryimage\"},\"thumbnailUrl\":\"\",\"datePublished\":\"2021-06-23T20:38:58+00:00\",\"dateModified\":\"2021-06-25T05:07:36+00:00\",\"breadcrumb\":{\"@id\":\"https:\/\/infoecos.com.ar\/index.php\/teresa-garcia-en-la-provincia-nos-encontramos-con-un-sistema-de-seguridad-y-de-salud-deplorables\/#breadcrumb\"},\"inLanguage\":\"es\",\"potentialAction\":[{\"@type\":\"ReadAction\",\"target\":[\"https:\/\/infoecos.com.ar\/index.php\/teresa-garcia-en-la-provincia-nos-encontramos-con-un-sistema-de-seguridad-y-de-salud-deplorables\/\"]}]},{\"@type\":\"ImageObject\",\"inLanguage\":\"es\",\"@id\":\"https:\/\/infoecos.com.ar\/index.php\/teresa-garcia-en-la-provincia-nos-encontramos-con-un-sistema-de-seguridad-y-de-salud-deplorables\/#primaryimage\",\"url\":\"\",\"contentUrl\":\"\"},{\"@type\":\"BreadcrumbList\",\"@id\":\"https:\/\/infoecos.com.ar\/index.php\/teresa-garcia-en-la-provincia-nos-encontramos-con-un-sistema-de-seguridad-y-de-salud-deplorables\/#breadcrumb\",\"itemListElement\":[{\"@type\":\"ListItem\",\"position\":1,\"name\":\"Portada\",\"item\":\"https:\/\/infoecos.com.ar\/\"},{\"@type\":\"ListItem\",\"position\":2,\"name\":\"Teresa Garc\u00eda: \u00aben la Provincia nos encontramos con un sistema de seguridad y de salud deplorables\u00bb\"}]},{\"@type\":\"WebSite\",\"@id\":\"https:\/\/infoecos.com.ar\/#website\",\"url\":\"https:\/\/infoecos.com.ar\/\",\"name\":\"Infoecos\",\"description\":\"Noticias de trenque lauquen y la zona\",\"publisher\":{\"@id\":\"https:\/\/infoecos.com.ar\/#organization\"},\"alternateName\":\"Noticias\",\"potentialAction\":[{\"@type\":\"SearchAction\",\"target\":{\"@type\":\"EntryPoint\",\"urlTemplate\":\"https:\/\/infoecos.com.ar\/?s={search_term_string}\"},\"query-input\":{\"@type\":\"PropertyValueSpecification\",\"valueRequired\":true,\"valueName\":\"search_term_string\"}}],\"inLanguage\":\"es\"},{\"@type\":\"Organization\",\"@id\":\"https:\/\/infoecos.com.ar\/#organization\",\"name\":\"Infoecos\",\"alternateName\":\"Noticias\",\"url\":\"https:\/\/infoecos.com.ar\/\",\"logo\":{\"@type\":\"ImageObject\",\"inLanguage\":\"es\",\"@id\":\"https:\/\/infoecos.com.ar\/#\/schema\/logo\/image\/\",\"url\":\"https:\/\/infoecos.com.ar\/wp-content\/uploads\/2024\/03\/cropped-logo.png\",\"contentUrl\":\"https:\/\/infoecos.com.ar\/wp-content\/uploads\/2024\/03\/cropped-logo.png\",\"width\":374,\"height\":90,\"caption\":\"Infoecos\"},\"image\":{\"@id\":\"https:\/\/infoecos.com.ar\/#\/schema\/logo\/image\/\"},\"sameAs\":[\"https:\/\/www.facebook.com\/profile.php?id=100063200290284\",\"https:\/\/x.com\/infoecos\"]},{\"@type\":\"Person\",\"@id\":\"https:\/\/infoecos.com.ar\/#\/schema\/person\/8f5ace5ce73b4b4aac4b7245aee6f191\",\"name\":\"Jorge Matheus\",\"url\":\"https:\/\/infoecos.com.ar\/index.php\/author\/jomatheus\/\"}]}<\/script>\n<!-- \/ Yoast SEO plugin. -->","yoast_head_json":{"title":"Teresa Garc\u00eda: \"en la Provincia nos encontramos con un sistema de seguridad y de salud deplorables\" - Infoecos","robots":{"index":"index","follow":"follow","max-snippet":"max-snippet:-1","max-image-preview":"max-image-preview:large","max-video-preview":"max-video-preview:-1"},"canonical":"https:\/\/infoecos.com.ar\/index.php\/teresa-garcia-en-la-provincia-nos-encontramos-con-un-sistema-de-seguridad-y-de-salud-deplorables\/","og_locale":"es_ES","og_type":"article","og_title":"Teresa Garc\u00eda: \"en la Provincia nos encontramos con un sistema de seguridad y de salud deplorables\" - Infoecos","og_description":"Al hacer referencia a las cr\u00edticas del gobernador Kicillof a la gesti\u00f3n de Mar\u00eda Eugenia Vidal.","og_url":"https:\/\/infoecos.com.ar\/index.php\/teresa-garcia-en-la-provincia-nos-encontramos-con-un-sistema-de-seguridad-y-de-salud-deplorables\/","og_site_name":"Infoecos","article_publisher":"https:\/\/www.facebook.com\/profile.php?id=100063200290284","article_published_time":"2021-06-23T20:38:58+00:00","article_modified_time":"2021-06-25T05:07:36+00:00","og_image":[{"width":620,"height":370,"url":"https:\/\/infoecos.com.ar\/wp-content\/uploads\/20170126121922_teresa_garcia.jpg","type":"image\/jpeg"}],"author":"Jorge Matheus","twitter_card":"summary_large_image","twitter_creator":"@infoecos","twitter_site":"@infoecos","twitter_misc":{"Escrito por":"Jorge Matheus","Tiempo de lectura":"1 minuto"},"schema":{"@context":"https:\/\/schema.org","@graph":[{"@type":"Article","@id":"https:\/\/infoecos.com.ar\/index.php\/teresa-garcia-en-la-provincia-nos-encontramos-con-un-sistema-de-seguridad-y-de-salud-deplorables\/#article","isPartOf":{"@id":"https:\/\/infoecos.com.ar\/index.php\/teresa-garcia-en-la-provincia-nos-encontramos-con-un-sistema-de-seguridad-y-de-salud-deplorables\/"},"author":{"name":"Jorge Matheus","@id":"https:\/\/infoecos.com.ar\/#\/schema\/person\/8f5ace5ce73b4b4aac4b7245aee6f191"},"headline":"Teresa Garc\u00eda: \u00aben la Provincia nos encontramos con un sistema de seguridad y de salud deplorables\u00bb","datePublished":"2021-06-23T20:38:58+00:00","dateModified":"2021-06-25T05:07:36+00:00","mainEntityOfPage":{"@id":"https:\/\/infoecos.com.ar\/index.php\/teresa-garcia-en-la-provincia-nos-encontramos-con-un-sistema-de-seguridad-y-de-salud-deplorables\/"},"wordCount":285,"publisher":{"@id":"https:\/\/infoecos.com.ar\/#organization"},"image":{"@id":"https:\/\/infoecos.com.ar\/index.php\/teresa-garcia-en-la-provincia-nos-encontramos-con-un-sistema-de-seguridad-y-de-salud-deplorables\/#primaryimage"},"thumbnailUrl":"","keywords":["MINISTRA DE GOBIERNO DE BUENOS AIRES"],"articleSection":["Bloque inferior - 12"],"inLanguage":"es"},{"@type":"WebPage","@id":"https:\/\/infoecos.com.ar\/index.php\/teresa-garcia-en-la-provincia-nos-encontramos-con-un-sistema-de-seguridad-y-de-salud-deplorables\/","url":"https:\/\/infoecos.com.ar\/index.php\/teresa-garcia-en-la-provincia-nos-encontramos-con-un-sistema-de-seguridad-y-de-salud-deplorables\/","name":"Teresa Garc\u00eda: \"en la Provincia nos encontramos con un sistema de seguridad y de salud deplorables\" - Infoecos","isPartOf":{"@id":"https:\/\/infoecos.com.ar\/#website"},"primaryImageOfPage":{"@id":"https:\/\/infoecos.com.ar\/index.php\/teresa-garcia-en-la-provincia-nos-encontramos-con-un-sistema-de-seguridad-y-de-salud-deplorables\/#primaryimage"},"image":{"@id":"https:\/\/infoecos.com.ar\/index.php\/teresa-garcia-en-la-provincia-nos-encontramos-con-un-sistema-de-seguridad-y-de-salud-deplorables\/#primaryimage"},"thumbnailUrl":"","datePublished":"2021-06-23T20:38:58+00:00","dateModified":"2021-06-25T05:07:36+00:00","breadcrumb":{"@id":"https:\/\/infoecos.com.ar\/index.php\/teresa-garcia-en-la-provincia-nos-encontramos-con-un-sistema-de-seguridad-y-de-salud-deplorables\/#breadcrumb"},"inLanguage":"es","potentialAction":[{"@type":"ReadAction","target":["https:\/\/infoecos.com.ar\/index.php\/teresa-garcia-en-la-provincia-nos-encontramos-con-un-sistema-de-seguridad-y-de-salud-deplorables\/"]}]},{"@type":"ImageObject","inLanguage":"es","@id":"https:\/\/infoecos.com.ar\/index.php\/teresa-garcia-en-la-provincia-nos-encontramos-con-un-sistema-de-seguridad-y-de-salud-deplorables\/#primaryimage","url":"","contentUrl":""},{"@type":"BreadcrumbList","@id":"https:\/\/infoecos.com.ar\/index.php\/teresa-garcia-en-la-provincia-nos-encontramos-con-un-sistema-de-seguridad-y-de-salud-deplorables\/#breadcrumb","itemListElement":[{"@type":"ListItem","position":1,"name":"Portada","item":"https:\/\/infoecos.com.ar\/"},{"@type":"ListItem","position":2,"name":"Teresa Garc\u00eda: \u00aben la Provincia nos encontramos con un sistema de seguridad y de salud deplorables\u00bb"}]},{"@type":"WebSite","@id":"https:\/\/infoecos.com.ar\/#website","url":"https:\/\/infoecos.com.ar\/","name":"Infoecos","description":"Noticias de trenque lauquen y la zona","publisher":{"@id":"https:\/\/infoecos.com.ar\/#organization"},"alternateName":"Noticias","potentialAction":[{"@type":"SearchAction","target":{"@type":"EntryPoint","urlTemplate":"https:\/\/infoecos.com.ar\/?s={search_term_string}"},"query-input":{"@type":"PropertyValueSpecification","valueRequired":true,"valueName":"search_term_string"}}],"inLanguage":"es"},{"@type":"Organization","@id":"https:\/\/infoecos.com.ar\/#organization","name":"Infoecos","alternateName":"Noticias","url":"https:\/\/infoecos.com.ar\/","logo":{"@type":"ImageObject","inLanguage":"es","@id":"https:\/\/infoecos.com.ar\/#\/schema\/logo\/image\/","url":"https:\/\/infoecos.com.ar\/wp-content\/uploads\/2024\/03\/cropped-logo.png","contentUrl":"https:\/\/infoecos.com.ar\/wp-content\/uploads\/2024\/03\/cropped-logo.png","width":374,"height":90,"caption":"Infoecos"},"image":{"@id":"https:\/\/infoecos.com.ar\/#\/schema\/logo\/image\/"},"sameAs":["https:\/\/www.facebook.com\/profile.php?id=100063200290284","https:\/\/x.com\/infoecos"]},{"@type":"Person","@id":"https:\/\/infoecos.com.ar\/#\/schema\/person\/8f5ace5ce73b4b4aac4b7245aee6f191","name":"Jorge Matheus","url":"https:\/\/infoecos.com.ar\/index.php\/author\/jomatheus\/"}]}},"featured_image_urls":{"full":"","thumbnail":"","medium":"","medium_large":"","large":"","1536x1536":"","2048x2048":"","covernews-slider-full":"","covernews-slider-center":"","covernews-featured":"","covernews-medium":"","covernews-medium-square":""},"author_info":{"info":["Jorge Matheus"]},"category_info":"<a href=\"https:\/\/infoecos.com.ar\/index.php\/category\/inferior12\/\" rel=\"category tag\">Bloque inferior - 12<\/a>","tag_info":"Bloque inferior - 12","comment_count":"0","_links":{"self":[{"href":"https:\/\/infoecos.com.ar\/index.php\/wp-json\/wp\/v2\/posts\/80021"}],"collection":[{"href":"https:\/\/infoecos.com.ar\/index.php\/wp-json\/wp\/v2\/posts"}],"about":[{"href":"https:\/\/infoecos.com.ar\/index.php\/wp-json\/wp\/v2\/types\/post"}],"author":[{"embeddable":true,"href":"https:\/\/infoecos.com.ar\/index.php\/wp-json\/wp\/v2\/users\/2"}],"replies":[{"embeddable":true,"href":"https:\/\/infoecos.com.ar\/index.php\/wp-json\/wp\/v2\/comments?post=80021"}],"version-history":[{"count":2,"href":"https:\/\/infoecos.com.ar\/index.php\/wp-json\/wp\/v2\/posts\/80021\/revisions"}],"predecessor-version":[{"id":80093,"href":"https:\/\/infoecos.com.ar\/index.php\/wp-json\/wp\/v2\/posts\/80021\/revisions\/80093"}],"wp:featuredmedia":[{"embeddable":true,"href":"https:\/\/infoecos.com.ar\/index.php\/wp-json\/"}],"wp:attachment":[{"href":"https:\/\/infoecos.com.ar\/index.php\/wp-json\/wp\/v2\/media?parent=80021"}],"wp:term":[{"taxonomy":"category","embeddable":true,"href":"https:\/\/infoecos.com.ar\/index.php\/wp-json\/wp\/v2\/categories?post=80021"},{"taxonomy":"post_tag","embeddable":true,"href":"https:\/\/infoecos.com.ar\/index.php\/wp-json\/wp\/v2\/tags?post=80021"}],"curies":[{"name":"wp","href":"https:\/\/api.w.org\/{rel}","templated":true}]}}