{"id":80023,"date":"2021-06-23T17:44:31","date_gmt":"2021-06-23T20:44:31","guid":{"rendered":"http:\/\/infoecos.com.ar\/?p=80023"},"modified":"2021-06-24T03:12:05","modified_gmt":"2021-06-24T06:12:05","slug":"plan-ganadero-el-gobierno-convocara-a-los-sectores-de-la-produccion-para-el-dia-viernes","status":"publish","type":"post","link":"https:\/\/infoecos.com.ar\/index.php\/plan-ganadero-el-gobierno-convocara-a-los-sectores-de-la-produccion-para-el-dia-viernes\/","title":{"rendered":"Plan Ganadero: el gobierno convocar\u00e1 a los sectores de la producci\u00f3n para el d\u00eda viernes"},"content":{"rendered":"\n<p>El ministro de Desarrollo Productivo, Mat\u00edas Kulfas, adelant\u00f3 que el Gobierno nacional convocar\u00e1 a los distintos sectores de la producci\u00f3n de carne para comenzar a tratar el plan ganadero, de manera de poder cumplir con el plazo fijado de un mes para terminar de consensuar la iniciativa.<\/p>\n\n\n\n<div class=\"wp-block-image\"><figure class=\"aligncenter size-medium\"><img decoding=\"async\" src=\"http:\/\/infoecos.com.ar\/wp-content\/uploads\/carne_argentina_agrofy_news_47-460x278.jpg\" alt=\"\" class=\"wp-image-52138\"\/><figcaption>Ganader\u00eda<\/figcaption><\/figure><\/div>\n\n\n\n<p>De esta forma dar\u00e1 comienzo la discusi\u00f3n de la iniciativa impulsada por el Poder Ejecutivo, que contempla la conformaci\u00f3n de una mesa de trabajo con los distintos actores del sector para trazar un plan que en el mediano y largo plazo permita incrementar la producci\u00f3n de carne vacuna de tres a cinco millones de toneladas. &nbsp;<\/p>\n\n\n\n<p>\u00abEstamos trabajando en la convocatoria para este viernes tener una primera reuni\u00f3n, que suponemos va a ser virtual, y luego la semana que viene presencial, para tratar el plan ganadero\u00bb, indic\u00f3 Kulfas en la tarde de este mi\u00e9rcoles a la prensa acreditada en Casa de Gobierno, al finalizar la reuni\u00f3n del gabinete econ\u00f3mico.<\/p>\n\n\n\n<p>Seg\u00fan indic\u00f3 el funcionario nacional, su cartera est\u00e1 \u00abbuscando r\u00e1pidamente poner en marcha un mecanismo de di\u00e1logo y concertaci\u00f3n que permita dar inicio al plan ganadero y trabajar en una salida virtuosa\u00bb para el tema.<\/p>\n\n\n\n<p>Para Kulfas, la necesidad de implementar un plan ganadero radica en que \u00abes un sector que viene estancado hace d\u00e9cadas\u00bb.<\/p>\n\n\n\n<p>\u00abHace un siglo produc\u00edamos dos millones de toneladas, hoy producimos tres. Queremos ir a cinco millones de toneladas\u00bb, subray\u00f3.<\/p>\n","protected":false},"excerpt":{"rendered":"<p>Seg\u00fan indic\u00f3 el funcionario nacional, su cartera est\u00e1 \u00abbuscando r\u00e1pidamente poner en marcha un mecanismo de di\u00e1logo y concertaci\u00f3n que permita dar inicio al plan ganadero y trabajar en una salida virtuosa\u00bb para el tema<\/p>\n","protected":false},"author":2,"featured_media":52138,"comment_status":"closed","ping_status":"open","sticky":false,"template":"","format":"standard","meta":{"footnotes":""},"categories":[1333],"tags":[3993],"class_list":["post-80023","post","type-post","status-publish","format-standard","has-post-thumbnail","hentry","category-inferior13","tag-lo-manifesto-matias-kulfas"],"yoast_head":"<!-- This site is optimized with the Yoast SEO plugin v23.4 - https:\/\/yoast.com\/wordpress\/plugins\/seo\/ -->\n<title>Plan Ganadero: el gobierno convocar\u00e1 a los sectores de la producci\u00f3n para el d\u00eda viernes - Infoecos<\/title>\n<meta name=\"robots\" content=\"index, follow, max-snippet:-1, max-image-preview:large, max-video-preview:-1\" \/>\n<link rel=\"canonical\" href=\"https:\/\/infoecos.com.ar\/index.php\/plan-ganadero-el-gobierno-convocara-a-los-sectores-de-la-produccion-para-el-dia-viernes\/\" \/>\n<meta property=\"og:locale\" content=\"es_ES\" \/>\n<meta property=\"og:type\" content=\"article\" \/>\n<meta property=\"og:title\" content=\"Plan Ganadero: el gobierno convocar\u00e1 a los sectores de la producci\u00f3n para el d\u00eda viernes - Infoecos\" \/>\n<meta property=\"og:description\" content=\"Seg\u00fan indic\u00f3 el funcionario nacional, su cartera est\u00e1 &quot;buscando r\u00e1pidamente poner en marcha un mecanismo de di\u00e1logo y concertaci\u00f3n que permita dar inicio al plan ganadero y trabajar en una salida virtuosa&quot; para el tema\" \/>\n<meta property=\"og:url\" content=\"https:\/\/infoecos.com.ar\/index.php\/plan-ganadero-el-gobierno-convocara-a-los-sectores-de-la-produccion-para-el-dia-viernes\/\" \/>\n<meta property=\"og:site_name\" content=\"Infoecos\" \/>\n<meta property=\"article:publisher\" content=\"https:\/\/www.facebook.com\/profile.php?id=100063200290284\" \/>\n<meta property=\"article:published_time\" content=\"2021-06-23T20:44:31+00:00\" \/>\n<meta property=\"article:modified_time\" content=\"2021-06-24T06:12:05+00:00\" \/>\n<meta property=\"og:image\" content=\"https:\/\/infoecos.com.ar\/wp-content\/uploads\/carne_argentina_agrofy_news_47.jpg\" \/>\n\t<meta property=\"og:image:width\" content=\"620\" \/>\n\t<meta property=\"og:image:height\" content=\"375\" \/>\n\t<meta property=\"og:image:type\" content=\"image\/jpeg\" \/>\n<meta name=\"author\" content=\"Jorge Matheus\" \/>\n<meta name=\"twitter:card\" content=\"summary_large_image\" \/>\n<meta name=\"twitter:creator\" content=\"@infoecos\" \/>\n<meta name=\"twitter:site\" content=\"@infoecos\" \/>\n<meta name=\"twitter:label1\" content=\"Escrito por\" \/>\n\t<meta name=\"twitter:data1\" content=\"Jorge Matheus\" \/>\n\t<meta name=\"twitter:label2\" content=\"Tiempo de lectura\" \/>\n\t<meta name=\"twitter:data2\" content=\"1 minuto\" \/>\n<script type=\"application\/ld+json\" class=\"yoast-schema-graph\">{\"@context\":\"https:\/\/schema.org\",\"@graph\":[{\"@type\":\"Article\",\"@id\":\"https:\/\/infoecos.com.ar\/index.php\/plan-ganadero-el-gobierno-convocara-a-los-sectores-de-la-produccion-para-el-dia-viernes\/#article\",\"isPartOf\":{\"@id\":\"https:\/\/infoecos.com.ar\/index.php\/plan-ganadero-el-gobierno-convocara-a-los-sectores-de-la-produccion-para-el-dia-viernes\/\"},\"author\":{\"name\":\"Jorge Matheus\",\"@id\":\"https:\/\/infoecos.com.ar\/#\/schema\/person\/8f5ace5ce73b4b4aac4b7245aee6f191\"},\"headline\":\"Plan Ganadero: el gobierno convocar\u00e1 a los sectores de la producci\u00f3n para el d\u00eda viernes\",\"datePublished\":\"2021-06-23T20:44:31+00:00\",\"dateModified\":\"2021-06-24T06:12:05+00:00\",\"mainEntityOfPage\":{\"@id\":\"https:\/\/infoecos.com.ar\/index.php\/plan-ganadero-el-gobierno-convocara-a-los-sectores-de-la-produccion-para-el-dia-viernes\/\"},\"wordCount\":264,\"publisher\":{\"@id\":\"https:\/\/infoecos.com.ar\/#organization\"},\"image\":{\"@id\":\"https:\/\/infoecos.com.ar\/index.php\/plan-ganadero-el-gobierno-convocara-a-los-sectores-de-la-produccion-para-el-dia-viernes\/#primaryimage\"},\"thumbnailUrl\":\"\",\"keywords\":[\"LO MANIFEST\u00d3 MAT\u00cdAS KULFAS\"],\"articleSection\":[\"Bloque inferior - 13\"],\"inLanguage\":\"es\"},{\"@type\":\"WebPage\",\"@id\":\"https:\/\/infoecos.com.ar\/index.php\/plan-ganadero-el-gobierno-convocara-a-los-sectores-de-la-produccion-para-el-dia-viernes\/\",\"url\":\"https:\/\/infoecos.com.ar\/index.php\/plan-ganadero-el-gobierno-convocara-a-los-sectores-de-la-produccion-para-el-dia-viernes\/\",\"name\":\"Plan Ganadero: el gobierno convocar\u00e1 a los sectores de la producci\u00f3n para el d\u00eda viernes - Infoecos\",\"isPartOf\":{\"@id\":\"https:\/\/infoecos.com.ar\/#website\"},\"primaryImageOfPage\":{\"@id\":\"https:\/\/infoecos.com.ar\/index.php\/plan-ganadero-el-gobierno-convocara-a-los-sectores-de-la-produccion-para-el-dia-viernes\/#primaryimage\"},\"image\":{\"@id\":\"https:\/\/infoecos.com.ar\/index.php\/plan-ganadero-el-gobierno-convocara-a-los-sectores-de-la-produccion-para-el-dia-viernes\/#primaryimage\"},\"thumbnailUrl\":\"\",\"datePublished\":\"2021-06-23T20:44:31+00:00\",\"dateModified\":\"2021-06-24T06:12:05+00:00\",\"breadcrumb\":{\"@id\":\"https:\/\/infoecos.com.ar\/index.php\/plan-ganadero-el-gobierno-convocara-a-los-sectores-de-la-produccion-para-el-dia-viernes\/#breadcrumb\"},\"inLanguage\":\"es\",\"potentialAction\":[{\"@type\":\"ReadAction\",\"target\":[\"https:\/\/infoecos.com.ar\/index.php\/plan-ganadero-el-gobierno-convocara-a-los-sectores-de-la-produccion-para-el-dia-viernes\/\"]}]},{\"@type\":\"ImageObject\",\"inLanguage\":\"es\",\"@id\":\"https:\/\/infoecos.com.ar\/index.php\/plan-ganadero-el-gobierno-convocara-a-los-sectores-de-la-produccion-para-el-dia-viernes\/#primaryimage\",\"url\":\"\",\"contentUrl\":\"\"},{\"@type\":\"BreadcrumbList\",\"@id\":\"https:\/\/infoecos.com.ar\/index.php\/plan-ganadero-el-gobierno-convocara-a-los-sectores-de-la-produccion-para-el-dia-viernes\/#breadcrumb\",\"itemListElement\":[{\"@type\":\"ListItem\",\"position\":1,\"name\":\"Portada\",\"item\":\"https:\/\/infoecos.com.ar\/\"},{\"@type\":\"ListItem\",\"position\":2,\"name\":\"Plan Ganadero: el gobierno convocar\u00e1 a los sectores de la producci\u00f3n para el d\u00eda viernes\"}]},{\"@type\":\"WebSite\",\"@id\":\"https:\/\/infoecos.com.ar\/#website\",\"url\":\"https:\/\/infoecos.com.ar\/\",\"name\":\"Infoecos\",\"description\":\"Noticias de trenque lauquen y la zona\",\"publisher\":{\"@id\":\"https:\/\/infoecos.com.ar\/#organization\"},\"alternateName\":\"Noticias\",\"potentialAction\":[{\"@type\":\"SearchAction\",\"target\":{\"@type\":\"EntryPoint\",\"urlTemplate\":\"https:\/\/infoecos.com.ar\/?s={search_term_string}\"},\"query-input\":{\"@type\":\"PropertyValueSpecification\",\"valueRequired\":true,\"valueName\":\"search_term_string\"}}],\"inLanguage\":\"es\"},{\"@type\":\"Organization\",\"@id\":\"https:\/\/infoecos.com.ar\/#organization\",\"name\":\"Infoecos\",\"alternateName\":\"Noticias\",\"url\":\"https:\/\/infoecos.com.ar\/\",\"logo\":{\"@type\":\"ImageObject\",\"inLanguage\":\"es\",\"@id\":\"https:\/\/infoecos.com.ar\/#\/schema\/logo\/image\/\",\"url\":\"https:\/\/infoecos.com.ar\/wp-content\/uploads\/2024\/03\/cropped-logo.png\",\"contentUrl\":\"https:\/\/infoecos.com.ar\/wp-content\/uploads\/2024\/03\/cropped-logo.png\",\"width\":374,\"height\":90,\"caption\":\"Infoecos\"},\"image\":{\"@id\":\"https:\/\/infoecos.com.ar\/#\/schema\/logo\/image\/\"},\"sameAs\":[\"https:\/\/www.facebook.com\/profile.php?id=100063200290284\",\"https:\/\/x.com\/infoecos\"]},{\"@type\":\"Person\",\"@id\":\"https:\/\/infoecos.com.ar\/#\/schema\/person\/8f5ace5ce73b4b4aac4b7245aee6f191\",\"name\":\"Jorge Matheus\",\"url\":\"https:\/\/infoecos.com.ar\/index.php\/author\/jomatheus\/\"}]}<\/script>\n<!-- \/ Yoast SEO plugin. -->","yoast_head_json":{"title":"Plan Ganadero: el gobierno convocar\u00e1 a los sectores de la producci\u00f3n para el d\u00eda viernes - Infoecos","robots":{"index":"index","follow":"follow","max-snippet":"max-snippet:-1","max-image-preview":"max-image-preview:large","max-video-preview":"max-video-preview:-1"},"canonical":"https:\/\/infoecos.com.ar\/index.php\/plan-ganadero-el-gobierno-convocara-a-los-sectores-de-la-produccion-para-el-dia-viernes\/","og_locale":"es_ES","og_type":"article","og_title":"Plan Ganadero: el gobierno convocar\u00e1 a los sectores de la producci\u00f3n para el d\u00eda viernes - Infoecos","og_description":"Seg\u00fan indic\u00f3 el funcionario nacional, su cartera est\u00e1 \"buscando r\u00e1pidamente poner en marcha un mecanismo de di\u00e1logo y concertaci\u00f3n que permita dar inicio al plan ganadero y trabajar en una salida virtuosa\" para el tema","og_url":"https:\/\/infoecos.com.ar\/index.php\/plan-ganadero-el-gobierno-convocara-a-los-sectores-de-la-produccion-para-el-dia-viernes\/","og_site_name":"Infoecos","article_publisher":"https:\/\/www.facebook.com\/profile.php?id=100063200290284","article_published_time":"2021-06-23T20:44:31+00:00","article_modified_time":"2021-06-24T06:12:05+00:00","og_image":[{"width":620,"height":375,"url":"https:\/\/infoecos.com.ar\/wp-content\/uploads\/carne_argentina_agrofy_news_47.jpg","type":"image\/jpeg"}],"author":"Jorge Matheus","twitter_card":"summary_large_image","twitter_creator":"@infoecos","twitter_site":"@infoecos","twitter_misc":{"Escrito por":"Jorge Matheus","Tiempo de lectura":"1 minuto"},"schema":{"@context":"https:\/\/schema.org","@graph":[{"@type":"Article","@id":"https:\/\/infoecos.com.ar\/index.php\/plan-ganadero-el-gobierno-convocara-a-los-sectores-de-la-produccion-para-el-dia-viernes\/#article","isPartOf":{"@id":"https:\/\/infoecos.com.ar\/index.php\/plan-ganadero-el-gobierno-convocara-a-los-sectores-de-la-produccion-para-el-dia-viernes\/"},"author":{"name":"Jorge Matheus","@id":"https:\/\/infoecos.com.ar\/#\/schema\/person\/8f5ace5ce73b4b4aac4b7245aee6f191"},"headline":"Plan Ganadero: el gobierno convocar\u00e1 a los sectores de la producci\u00f3n para el d\u00eda viernes","datePublished":"2021-06-23T20:44:31+00:00","dateModified":"2021-06-24T06:12:05+00:00","mainEntityOfPage":{"@id":"https:\/\/infoecos.com.ar\/index.php\/plan-ganadero-el-gobierno-convocara-a-los-sectores-de-la-produccion-para-el-dia-viernes\/"},"wordCount":264,"publisher":{"@id":"https:\/\/infoecos.com.ar\/#organization"},"image":{"@id":"https:\/\/infoecos.com.ar\/index.php\/plan-ganadero-el-gobierno-convocara-a-los-sectores-de-la-produccion-para-el-dia-viernes\/#primaryimage"},"thumbnailUrl":"","keywords":["LO MANIFEST\u00d3 MAT\u00cdAS KULFAS"],"articleSection":["Bloque inferior - 13"],"inLanguage":"es"},{"@type":"WebPage","@id":"https:\/\/infoecos.com.ar\/index.php\/plan-ganadero-el-gobierno-convocara-a-los-sectores-de-la-produccion-para-el-dia-viernes\/","url":"https:\/\/infoecos.com.ar\/index.php\/plan-ganadero-el-gobierno-convocara-a-los-sectores-de-la-produccion-para-el-dia-viernes\/","name":"Plan Ganadero: el gobierno convocar\u00e1 a los sectores de la producci\u00f3n para el d\u00eda viernes - Infoecos","isPartOf":{"@id":"https:\/\/infoecos.com.ar\/#website"},"primaryImageOfPage":{"@id":"https:\/\/infoecos.com.ar\/index.php\/plan-ganadero-el-gobierno-convocara-a-los-sectores-de-la-produccion-para-el-dia-viernes\/#primaryimage"},"image":{"@id":"https:\/\/infoecos.com.ar\/index.php\/plan-ganadero-el-gobierno-convocara-a-los-sectores-de-la-produccion-para-el-dia-viernes\/#primaryimage"},"thumbnailUrl":"","datePublished":"2021-06-23T20:44:31+00:00","dateModified":"2021-06-24T06:12:05+00:00","breadcrumb":{"@id":"https:\/\/infoecos.com.ar\/index.php\/plan-ganadero-el-gobierno-convocara-a-los-sectores-de-la-produccion-para-el-dia-viernes\/#breadcrumb"},"inLanguage":"es","potentialAction":[{"@type":"ReadAction","target":["https:\/\/infoecos.com.ar\/index.php\/plan-ganadero-el-gobierno-convocara-a-los-sectores-de-la-produccion-para-el-dia-viernes\/"]}]},{"@type":"ImageObject","inLanguage":"es","@id":"https:\/\/infoecos.com.ar\/index.php\/plan-ganadero-el-gobierno-convocara-a-los-sectores-de-la-produccion-para-el-dia-viernes\/#primaryimage","url":"","contentUrl":""},{"@type":"BreadcrumbList","@id":"https:\/\/infoecos.com.ar\/index.php\/plan-ganadero-el-gobierno-convocara-a-los-sectores-de-la-produccion-para-el-dia-viernes\/#breadcrumb","itemListElement":[{"@type":"ListItem","position":1,"name":"Portada","item":"https:\/\/infoecos.com.ar\/"},{"@type":"ListItem","position":2,"name":"Plan Ganadero: el gobierno convocar\u00e1 a los sectores de la producci\u00f3n para el d\u00eda viernes"}]},{"@type":"WebSite","@id":"https:\/\/infoecos.com.ar\/#website","url":"https:\/\/infoecos.com.ar\/","name":"Infoecos","description":"Noticias de trenque lauquen y la zona","publisher":{"@id":"https:\/\/infoecos.com.ar\/#organization"},"alternateName":"Noticias","potentialAction":[{"@type":"SearchAction","target":{"@type":"EntryPoint","urlTemplate":"https:\/\/infoecos.com.ar\/?s={search_term_string}"},"query-input":{"@type":"PropertyValueSpecification","valueRequired":true,"valueName":"search_term_string"}}],"inLanguage":"es"},{"@type":"Organization","@id":"https:\/\/infoecos.com.ar\/#organization","name":"Infoecos","alternateName":"Noticias","url":"https:\/\/infoecos.com.ar\/","logo":{"@type":"ImageObject","inLanguage":"es","@id":"https:\/\/infoecos.com.ar\/#\/schema\/logo\/image\/","url":"https:\/\/infoecos.com.ar\/wp-content\/uploads\/2024\/03\/cropped-logo.png","contentUrl":"https:\/\/infoecos.com.ar\/wp-content\/uploads\/2024\/03\/cropped-logo.png","width":374,"height":90,"caption":"Infoecos"},"image":{"@id":"https:\/\/infoecos.com.ar\/#\/schema\/logo\/image\/"},"sameAs":["https:\/\/www.facebook.com\/profile.php?id=100063200290284","https:\/\/x.com\/infoecos"]},{"@type":"Person","@id":"https:\/\/infoecos.com.ar\/#\/schema\/person\/8f5ace5ce73b4b4aac4b7245aee6f191","name":"Jorge Matheus","url":"https:\/\/infoecos.com.ar\/index.php\/author\/jomatheus\/"}]}},"featured_image_urls":{"full":"","thumbnail":"","medium":"","medium_large":"","large":"","1536x1536":"","2048x2048":"","covernews-slider-full":"","covernews-slider-center":"","covernews-featured":"","covernews-medium":"","covernews-medium-square":""},"author_info":{"info":["Jorge Matheus"]},"category_info":"<a href=\"https:\/\/infoecos.com.ar\/index.php\/category\/inferior13\/\" rel=\"category tag\">Bloque inferior - 13<\/a>","tag_info":"Bloque inferior - 13","comment_count":"0","_links":{"self":[{"href":"https:\/\/infoecos.com.ar\/index.php\/wp-json\/wp\/v2\/posts\/80023"}],"collection":[{"href":"https:\/\/infoecos.com.ar\/index.php\/wp-json\/wp\/v2\/posts"}],"about":[{"href":"https:\/\/infoecos.com.ar\/index.php\/wp-json\/wp\/v2\/types\/post"}],"author":[{"embeddable":true,"href":"https:\/\/infoecos.com.ar\/index.php\/wp-json\/wp\/v2\/users\/2"}],"replies":[{"embeddable":true,"href":"https:\/\/infoecos.com.ar\/index.php\/wp-json\/wp\/v2\/comments?post=80023"}],"version-history":[{"count":2,"href":"https:\/\/infoecos.com.ar\/index.php\/wp-json\/wp\/v2\/posts\/80023\/revisions"}],"predecessor-version":[{"id":80097,"href":"https:\/\/infoecos.com.ar\/index.php\/wp-json\/wp\/v2\/posts\/80023\/revisions\/80097"}],"wp:featuredmedia":[{"embeddable":true,"href":"https:\/\/infoecos.com.ar\/index.php\/wp-json\/"}],"wp:attachment":[{"href":"https:\/\/infoecos.com.ar\/index.php\/wp-json\/wp\/v2\/media?parent=80023"}],"wp:term":[{"taxonomy":"category","embeddable":true,"href":"https:\/\/infoecos.com.ar\/index.php\/wp-json\/wp\/v2\/categories?post=80023"},{"taxonomy":"post_tag","embeddable":true,"href":"https:\/\/infoecos.com.ar\/index.php\/wp-json\/wp\/v2\/tags?post=80023"}],"curies":[{"name":"wp","href":"https:\/\/api.w.org\/{rel}","templated":true}]}}