{"id":80032,"date":"2021-06-23T18:34:26","date_gmt":"2021-06-23T21:34:26","guid":{"rendered":"http:\/\/infoecos.com.ar\/?p=80032"},"modified":"2021-06-23T18:34:27","modified_gmt":"2021-06-23T21:34:27","slug":"choque-en-el-puente-de-las-rutas-nacionales-5-y-226-sin-victimas","status":"publish","type":"post","link":"https:\/\/infoecos.com.ar\/index.php\/choque-en-el-puente-de-las-rutas-nacionales-5-y-226-sin-victimas\/","title":{"rendered":"Choque en el puente de las Rutas Nacionales 5 y 226 sin v\u00edctimas"},"content":{"rendered":"\n<p class=\"wp-block-paragraph\">Un choque entre un autom\u00f3vil y un cami\u00f3n se produjo en la ma\u00f1ana de este mi\u00e9rcoles, aproximadamente a las 7.50 en el puente de la ruta nacional n\u00famero 226 y su intersecci\u00f3n con la nacional n\u00famero 5.<\/p>\n\n\n\n<div class=\"wp-block-image\"><figure class=\"aligncenter size-large\"><img loading=\"lazy\" decoding=\"async\" width=\"206\" height=\"206\" src=\"http:\/\/infoecos.com.ar\/wp-content\/uploads\/2021\/06\/Accidente-2.jpg\" alt=\"\" class=\"wp-image-80033\" srcset=\"https:\/\/infoecos.com.ar\/wp-content\/uploads\/2021\/06\/Accidente-2.jpg 206w, https:\/\/infoecos.com.ar\/wp-content\/uploads\/2021\/06\/Accidente-2-150x150.jpg 150w\" sizes=\"auto, (max-width: 206px) 100vw, 206px\" \/><\/figure><\/div>\n\n\n\n<p class=\"wp-block-paragraph\">La colisi\u00f3n fue protagonizada por los conductores de un remis Corsa Clasic de Pehuaj\u00f3 y un cami\u00f3n IVECO, del que no se inform\u00f3 procedencia. <\/p>\n\n\n\n<p class=\"wp-block-paragraph\">En el lugar trabaj\u00f3 personal de la Polic\u00eda Vial, realizando maniobras de tr\u00e1nsito asistido por aproximadamente 30 minutos, hasta que se lograron retirar los veh\u00edculos del lugar y certificar que ninguna de las personas involucradas hab\u00eda sufrido heridas.<\/p>\n\n\n\n<div class=\"wp-block-image\"><figure class=\"aligncenter size-large\"><img loading=\"lazy\" decoding=\"async\" width=\"150\" height=\"150\" src=\"http:\/\/infoecos.com.ar\/wp-content\/uploads\/2021\/06\/Accidente-1-150x150-1.jpg\" alt=\"\" class=\"wp-image-80034\"\/><\/figure><\/div>\n\n\n\n<p class=\"wp-block-paragraph\">Siendo las 8.20 horas, se liber\u00f3 el tr\u00e1nsito en el lugar.<\/p>\n\n\n\n<p class=\"wp-block-paragraph\"><strong>Fuente: Radio M\u00e1gica Pehuaj\u00f3<\/strong><\/p>\n","protected":false},"excerpt":{"rendered":"<p>La colisi\u00f3n fue protagonizada por los conductores de un remis Corsa Clasic de Pehuaj\u00f3 y un cami\u00f3n IVECO, del que no se inform\u00f3 procedencia<\/p>\n","protected":false},"author":2,"featured_media":80034,"comment_status":"closed","ping_status":"open","sticky":false,"template":"","format":"standard","meta":{"footnotes":""},"categories":[29],"tags":[3995],"class_list":["post-80032","post","type-post","status-publish","format-standard","has-post-thumbnail","hentry","category-c2nota1","tag-accidente-este-miercoles"],"featured_image_urls":{"full":["https:\/\/infoecos.com.ar\/wp-content\/uploads\/2021\/06\/Accidente-1-150x150-1.jpg",150,150,false],"thumbnail":["https:\/\/infoecos.com.ar\/wp-content\/uploads\/2021\/06\/Accidente-1-150x150-1-150x150.jpg",150,150,true],"medium":["https:\/\/infoecos.com.ar\/wp-content\/uploads\/2021\/06\/Accidente-1-150x150-1.jpg",150,150,false],"medium_large":["https:\/\/infoecos.com.ar\/wp-content\/uploads\/2021\/06\/Accidente-1-150x150-1.jpg",150,150,false],"large":["https:\/\/infoecos.com.ar\/wp-content\/uploads\/2021\/06\/Accidente-1-150x150-1.jpg",150,150,false],"1536x1536":["https:\/\/infoecos.com.ar\/wp-content\/uploads\/2021\/06\/Accidente-1-150x150-1.jpg",150,150,false],"2048x2048":["https:\/\/infoecos.com.ar\/wp-content\/uploads\/2021\/06\/Accidente-1-150x150-1.jpg",150,150,false],"covernews-slider-full":["https:\/\/infoecos.com.ar\/wp-content\/uploads\/2021\/06\/Accidente-1-150x150-1.jpg",150,150,false],"covernews-slider-center":["https:\/\/infoecos.com.ar\/wp-content\/uploads\/2021\/06\/Accidente-1-150x150-1.jpg",150,150,false],"covernews-featured":["https:\/\/infoecos.com.ar\/wp-content\/uploads\/2021\/06\/Accidente-1-150x150-1.jpg",150,150,false],"covernews-medium":["https:\/\/infoecos.com.ar\/wp-content\/uploads\/2021\/06\/Accidente-1-150x150-1.jpg",150,150,false],"covernews-medium-square":["https:\/\/infoecos.com.ar\/wp-content\/uploads\/2021\/06\/Accidente-1-150x150-1.jpg",150,150,false]},"author_info":{"info":["Jorge Matheus"]},"category_info":"<a href=\"https:\/\/infoecos.com.ar\/index.php\/category\/c2nota1\/\" rel=\"category tag\">C2 nota 1<\/a>","tag_info":"C2 nota 1","comment_count":"0","_links":{"self":[{"href":"https:\/\/infoecos.com.ar\/index.php\/wp-json\/wp\/v2\/posts\/80032","targetHints":{"allow":["GET"]}}],"collection":[{"href":"https:\/\/infoecos.com.ar\/index.php\/wp-json\/wp\/v2\/posts"}],"about":[{"href":"https:\/\/infoecos.com.ar\/index.php\/wp-json\/wp\/v2\/types\/post"}],"author":[{"embeddable":true,"href":"https:\/\/infoecos.com.ar\/index.php\/wp-json\/wp\/v2\/users\/2"}],"replies":[{"embeddable":true,"href":"https:\/\/infoecos.com.ar\/index.php\/wp-json\/wp\/v2\/comments?post=80032"}],"version-history":[{"count":1,"href":"https:\/\/infoecos.com.ar\/index.php\/wp-json\/wp\/v2\/posts\/80032\/revisions"}],"predecessor-version":[{"id":80035,"href":"https:\/\/infoecos.com.ar\/index.php\/wp-json\/wp\/v2\/posts\/80032\/revisions\/80035"}],"wp:featuredmedia":[{"embeddable":true,"href":"https:\/\/infoecos.com.ar\/index.php\/wp-json\/wp\/v2\/media\/80034"}],"wp:attachment":[{"href":"https:\/\/infoecos.com.ar\/index.php\/wp-json\/wp\/v2\/media?parent=80032"}],"wp:term":[{"taxonomy":"category","embeddable":true,"href":"https:\/\/infoecos.com.ar\/index.php\/wp-json\/wp\/v2\/categories?post=80032"},{"taxonomy":"post_tag","embeddable":true,"href":"https:\/\/infoecos.com.ar\/index.php\/wp-json\/wp\/v2\/tags?post=80032"}],"curies":[{"name":"wp","href":"https:\/\/api.w.org\/{rel}","templated":true}]}}