{"id":80051,"date":"2021-06-24T01:29:14","date_gmt":"2021-06-24T04:29:14","guid":{"rendered":"http:\/\/infoecos.com.ar\/?p=80051"},"modified":"2021-06-25T02:06:23","modified_gmt":"2021-06-25T05:06:23","slug":"estela-diaz-estuvo-en-los-distritos-de-guamini-y-adolfo-alsina-con-intensa-actividad","status":"publish","type":"post","link":"https:\/\/infoecos.com.ar\/index.php\/estela-diaz-estuvo-en-los-distritos-de-guamini-y-adolfo-alsina-con-intensa-actividad\/","title":{"rendered":"Estela D\u00edaz estuvo en los distritos de Guamin\u00ed y Adolfo Alsina con intensa actividad"},"content":{"rendered":"\n<p class=\"wp-block-paragraph\">La ministra de las Mujeres, Pol\u00edticas de G\u00e9nero y Diversidad Sexual Estela D\u00edaz visit\u00f3 Guamin\u00ed y Adolfo Alsina. All\u00ed se reuni\u00f3 con los intendentes Jos\u00e9 Augusto Nobre Ferreira y Javier Andr\u00e9s. En ambos municipios se firm\u00f3 el convenio del Programa Comunidades Sin Violencias. Adem\u00e1s, en Guamin\u00ed se firm\u00f3 el Fondo Especial de Emergencia para Violencia por Razones de G\u00e9nero.<\/p>\n\n\n\n<div class=\"wp-block-image\"><figure class=\"aligncenter size-medium\"><img loading=\"lazy\" decoding=\"async\" width=\"460\" height=\"307\" src=\"http:\/\/infoecos.com.ar\/wp-content\/uploads\/2021\/06\/Guamini-1-460x307.jpeg\" alt=\"\" class=\"wp-image-80052\" srcset=\"https:\/\/infoecos.com.ar\/wp-content\/uploads\/2021\/06\/Guamini-1-460x307.jpeg 460w, https:\/\/infoecos.com.ar\/wp-content\/uploads\/2021\/06\/Guamini-1-920x613.jpeg 920w, https:\/\/infoecos.com.ar\/wp-content\/uploads\/2021\/06\/Guamini-1-768x512.jpeg 768w, https:\/\/infoecos.com.ar\/wp-content\/uploads\/2021\/06\/Guamini-1-1024x682.jpeg 1024w, https:\/\/infoecos.com.ar\/wp-content\/uploads\/2021\/06\/Guamini-1-675x450.jpeg 675w, https:\/\/infoecos.com.ar\/wp-content\/uploads\/2021\/06\/Guamini-1.jpeg 1280w\" sizes=\"auto, (max-width: 460px) 100vw, 460px\" \/><figcaption>Estela D\u00edaz y Nobre Ferreira<\/figcaption><\/figure><\/div>\n\n\n\n<p class=\"wp-block-paragraph\">\u201cEste Ministerio, se concreta, se realiza y se desarrolla creciendo en cada municipio\u201d se\u00f1al\u00f3 la Ministra en el Sal\u00f3n de Acuerdos de la Municipalidad de Guamin\u00ed y destac\u00f3 la importancia de un Estado presente \u201cdando respuesta a la principales necesidades de las vecinas y vecinos. Estamos cumpliendo nuestro compromiso de estar\u201d.<\/p>\n\n\n\n<p class=\"wp-block-paragraph\">La Ministra firm\u00f3 junto al intendente el convenio del Programa Comunidades sin Violencias y la adhesi\u00f3n del municipio al Fondo Especial de Emergencia para Violencias por Razones de G\u00e9nero, programas que fortalecen la asistencia y acompa\u00f1amiento y proveen de recursos para las pol\u00edticas de g\u00e9nero en el territorio bonaerense.<\/p>\n\n\n\n<div class=\"wp-block-image\"><figure class=\"aligncenter size-medium\"><img loading=\"lazy\" decoding=\"async\" width=\"460\" height=\"292\" src=\"http:\/\/infoecos.com.ar\/wp-content\/uploads\/2021\/06\/Guamini-3-460x292.jpeg\" alt=\"\" class=\"wp-image-80053\" srcset=\"https:\/\/infoecos.com.ar\/wp-content\/uploads\/2021\/06\/Guamini-3-460x292.jpeg 460w, https:\/\/infoecos.com.ar\/wp-content\/uploads\/2021\/06\/Guamini-3-920x584.jpeg 920w, https:\/\/infoecos.com.ar\/wp-content\/uploads\/2021\/06\/Guamini-3-768x488.jpeg 768w, https:\/\/infoecos.com.ar\/wp-content\/uploads\/2021\/06\/Guamini-3-1024x650.jpeg 1024w, https:\/\/infoecos.com.ar\/wp-content\/uploads\/2021\/06\/Guamini-3.jpeg 1280w\" sizes=\"auto, (max-width: 460px) 100vw, 460px\" \/><figcaption>Estela Diaz en Guamin\u00ed<\/figcaption><\/figure><\/div>\n\n\n\n<p class=\"wp-block-paragraph\">Luego Estela Diaz particip\u00f3 en la presentaci\u00f3n de la reci\u00e9n creada direcci\u00f3n de las Mujeres, G\u00e9nero y Diversidad Sexual de Guamin\u00ed, a cargo de Eugenia Possenti. El \u00e1rea fue creada por ordenanza el 12 de mayo de 2021 y utiliza el modelo de creaci\u00f3n propuesto por el Ministerio de las Mujeres. \u201cEs necesario que estos \u00e1mbitos est\u00e9n en el primer rango de gesti\u00f3n porque tenemos tareas espec\u00edficas &nbsp;que llevar adelante\u201d se\u00f1al\u00f3 la Ministra.<\/p>\n\n\n\n<p class=\"wp-block-paragraph\">Por la tarde Estela D\u00edaz visit\u00f3 Epecu\u00e9n y Carhu\u00e9 junto a Flavia Delmas, Luc\u00eda Garc\u00eda Itzigsohn, directora de Comunicaci\u00f3n y Silvia Zaballa, coordinadora de la 6ta regi\u00f3n del Ministerio.<\/p>\n\n\n\n<div class=\"wp-block-image\"><figure class=\"aligncenter size-medium\"><img loading=\"lazy\" decoding=\"async\" width=\"460\" height=\"307\" src=\"http:\/\/infoecos.com.ar\/wp-content\/uploads\/2021\/06\/Adolfo-Alsina-2-460x307.jpeg\" alt=\"\" class=\"wp-image-80054\" srcset=\"https:\/\/infoecos.com.ar\/wp-content\/uploads\/2021\/06\/Adolfo-Alsina-2-460x307.jpeg 460w, https:\/\/infoecos.com.ar\/wp-content\/uploads\/2021\/06\/Adolfo-Alsina-2-920x613.jpeg 920w, https:\/\/infoecos.com.ar\/wp-content\/uploads\/2021\/06\/Adolfo-Alsina-2-768x512.jpeg 768w, https:\/\/infoecos.com.ar\/wp-content\/uploads\/2021\/06\/Adolfo-Alsina-2-1024x682.jpeg 1024w, https:\/\/infoecos.com.ar\/wp-content\/uploads\/2021\/06\/Adolfo-Alsina-2-675x450.jpeg 675w, https:\/\/infoecos.com.ar\/wp-content\/uploads\/2021\/06\/Adolfo-Alsina-2.jpeg 1280w\" sizes=\"auto, (max-width: 460px) 100vw, 460px\" \/><figcaption>Estela D\u00edaz con el intendente de Adolfo Alsina<\/figcaption><\/figure><\/div>\n\n\n\n<p class=\"wp-block-paragraph\">Recorrieron Epecuen junto al intendente Javier Andr\u00e9s donde conversaron con Jimena Urrustaraz\u00fa, quien se encuentra escribiendo el libro \u201cMujeres de Epecuen\u201d, que recupera las historias de las que viv\u00edan y trabajaban en la ciudad que se inund\u00f3 el 10 de noviembre de 1985.<\/p>\n\n\n\n<p class=\"wp-block-paragraph\">Luego, junto al Intendente, Estela D\u00edaz firm\u00f3 el convenio del Programa Comunidades sin Violencias, con la presencia de la directora de Inclusi\u00f3n, G\u00e9neros y Diversidades Nerina Carola.<\/p>\n\n\n\n<p class=\"wp-block-paragraph\">\u201cEs la primera vez que la Provincia tiene un proyecto de transferencia de recursos a municipios espec\u00edficamente para atender violencias por razones de g\u00e9nero. Hay una fuerte voluntad del Estado de construir cada vez m\u00e1s herramientas en conjunto con los municipios, en los territorios y con las organizaciones sociales\u201d se\u00f1al\u00f3 la Ministra.<\/p>\n\n\n\n<div class=\"wp-block-image\"><figure class=\"aligncenter size-medium\"><img loading=\"lazy\" decoding=\"async\" width=\"460\" height=\"307\" src=\"http:\/\/infoecos.com.ar\/wp-content\/uploads\/2021\/06\/Adolfo-Alsina-6-460x307.jpeg\" alt=\"\" class=\"wp-image-80055\" srcset=\"https:\/\/infoecos.com.ar\/wp-content\/uploads\/2021\/06\/Adolfo-Alsina-6-460x307.jpeg 460w, https:\/\/infoecos.com.ar\/wp-content\/uploads\/2021\/06\/Adolfo-Alsina-6-920x614.jpeg 920w, https:\/\/infoecos.com.ar\/wp-content\/uploads\/2021\/06\/Adolfo-Alsina-6-768x512.jpeg 768w, https:\/\/infoecos.com.ar\/wp-content\/uploads\/2021\/06\/Adolfo-Alsina-6-1536x1024.jpeg 1536w, https:\/\/infoecos.com.ar\/wp-content\/uploads\/2021\/06\/Adolfo-Alsina-6-1024x683.jpeg 1024w, https:\/\/infoecos.com.ar\/wp-content\/uploads\/2021\/06\/Adolfo-Alsina-6-675x450.jpeg 675w, https:\/\/infoecos.com.ar\/wp-content\/uploads\/2021\/06\/Adolfo-Alsina-6.jpeg 1600w\" sizes=\"auto, (max-width: 460px) 100vw, 460px\" \/><figcaption>Estela D\u00edaz en el Concejo Deliberante de Adolfo Alsina<\/figcaption><\/figure><\/div>\n\n\n\n<p class=\"wp-block-paragraph\">Durante la reuni\u00f3n de la que participaron la secretaria de Desarrollo Humano Paola Freites, la secretaria de Producci\u00f3n y Desarrollo Local Tamara Guere\u00f1o, la asesora letrada Paula Cuco, la psic\u00f3loga Carla Zurub y la directora de Comunicaci\u00f3n Julia Poir\u00e9 se evaluaron las pol\u00edticas del municipio destinadas al fortalecimiento de equipos de g\u00e9nero a partir de la implementaci\u00f3n del convenio y las l\u00edneas de trabajo que se est\u00e1n desarrollando.<\/p>\n\n\n\n<p class=\"wp-block-paragraph\">Tras el itinerario de reuniones, visit\u00f3 &nbsp;el emprendimiento productivo y comunitario de la cooperativa AgroEcoEvita, ubicado en el Barrio Arturo Illia, donde destac\u00f3: \u201cNosotras planteamos un enfoque que nos lleve a hablar cada vez m\u00e1s del trabajo y menos de la violencia. Estamos haciendo proyectos que ayuden a construir autonom\u00eda, en un contexto muy dif\u00edcil, pero con la convicci\u00f3n de un Estado de proyecto nacional y de articulaci\u00f3n con los municipios para que cada vez estemos m\u00e1s cerca\u201d.<\/p>\n","protected":false},"excerpt":{"rendered":"<p>En ambos municipios se firm\u00f3 el convenio del Programa Comunidades Sin Violencias<\/p>\n","protected":false},"author":2,"featured_media":80056,"comment_status":"closed","ping_status":"open","sticky":false,"template":"","format":"standard","meta":{"footnotes":""},"categories":[200],"tags":[3999,4000],"class_list":["post-80051","post","type-post","status-publish","format-standard","has-post-thumbnail","hentry","category-inferior8","tag-la-ministra-de-las-mujeres","tag-politicas-de-genero-y-diversidad-sexual"],"featured_image_urls":{"full":["https:\/\/infoecos.com.ar\/wp-content\/uploads\/2021\/06\/Guamini-1-1.jpeg",1280,853,false],"thumbnail":["https:\/\/infoecos.com.ar\/wp-content\/uploads\/2021\/06\/Guamini-1-1-150x150.jpeg",150,150,true],"medium":["https:\/\/infoecos.com.ar\/wp-content\/uploads\/2021\/06\/Guamini-1-1-460x307.jpeg",460,307,true],"medium_large":["https:\/\/infoecos.com.ar\/wp-content\/uploads\/2021\/06\/Guamini-1-1-768x512.jpeg",640,427,true],"large":["https:\/\/infoecos.com.ar\/wp-content\/uploads\/2021\/06\/Guamini-1-1-920x613.jpeg",640,426,true],"1536x1536":["https:\/\/infoecos.com.ar\/wp-content\/uploads\/2021\/06\/Guamini-1-1.jpeg",1280,853,false],"2048x2048":["https:\/\/infoecos.com.ar\/wp-content\/uploads\/2021\/06\/Guamini-1-1.jpeg",1280,853,false],"covernews-slider-full":["https:\/\/infoecos.com.ar\/wp-content\/uploads\/2021\/06\/Guamini-1-1.jpeg",1073,715,false],"covernews-slider-center":["https:\/\/infoecos.com.ar\/wp-content\/uploads\/2021\/06\/Guamini-1-1-936x853.jpeg",549,500,true],"covernews-featured":["https:\/\/infoecos.com.ar\/wp-content\/uploads\/2021\/06\/Guamini-1-1-1024x682.jpeg",1024,682,true],"covernews-medium":["https:\/\/infoecos.com.ar\/wp-content\/uploads\/2021\/06\/Guamini-1-1-720x380.jpeg",540,285,true],"covernews-medium-square":["https:\/\/infoecos.com.ar\/wp-content\/uploads\/2021\/06\/Guamini-1-1-675x450.jpeg",375,250,true]},"author_info":{"info":["Jorge Matheus"]},"category_info":"<a href=\"https:\/\/infoecos.com.ar\/index.php\/category\/inferior8\/\" rel=\"category tag\">Bloque inferior - 8<\/a>","tag_info":"Bloque inferior - 8","comment_count":"0","_links":{"self":[{"href":"https:\/\/infoecos.com.ar\/index.php\/wp-json\/wp\/v2\/posts\/80051","targetHints":{"allow":["GET"]}}],"collection":[{"href":"https:\/\/infoecos.com.ar\/index.php\/wp-json\/wp\/v2\/posts"}],"about":[{"href":"https:\/\/infoecos.com.ar\/index.php\/wp-json\/wp\/v2\/types\/post"}],"author":[{"embeddable":true,"href":"https:\/\/infoecos.com.ar\/index.php\/wp-json\/wp\/v2\/users\/2"}],"replies":[{"embeddable":true,"href":"https:\/\/infoecos.com.ar\/index.php\/wp-json\/wp\/v2\/comments?post=80051"}],"version-history":[{"count":2,"href":"https:\/\/infoecos.com.ar\/index.php\/wp-json\/wp\/v2\/posts\/80051\/revisions"}],"predecessor-version":[{"id":80176,"href":"https:\/\/infoecos.com.ar\/index.php\/wp-json\/wp\/v2\/posts\/80051\/revisions\/80176"}],"wp:featuredmedia":[{"embeddable":true,"href":"https:\/\/infoecos.com.ar\/index.php\/wp-json\/wp\/v2\/media\/80056"}],"wp:attachment":[{"href":"https:\/\/infoecos.com.ar\/index.php\/wp-json\/wp\/v2\/media?parent=80051"}],"wp:term":[{"taxonomy":"category","embeddable":true,"href":"https:\/\/infoecos.com.ar\/index.php\/wp-json\/wp\/v2\/categories?post=80051"},{"taxonomy":"post_tag","embeddable":true,"href":"https:\/\/infoecos.com.ar\/index.php\/wp-json\/wp\/v2\/tags?post=80051"}],"curies":[{"name":"wp","href":"https:\/\/api.w.org\/{rel}","templated":true}]}}