{"id":80077,"date":"2021-06-24T02:20:41","date_gmt":"2021-06-24T05:20:41","guid":{"rendered":"http:\/\/infoecos.com.ar\/?p=80077"},"modified":"2021-06-25T02:04:30","modified_gmt":"2021-06-25T05:04:30","slug":"vuelven-las-clases-a-los-lugares-que-estaban-exceptuados-en-la-provincia-de-la-pampa","status":"publish","type":"post","link":"https:\/\/infoecos.com.ar\/index.php\/vuelven-las-clases-a-los-lugares-que-estaban-exceptuados-en-la-provincia-de-la-pampa\/","title":{"rendered":"Vuelven las clases a los lugares que estaban exceptuados en la provincia de La Pampa"},"content":{"rendered":"\n<p class=\"wp-block-paragraph\">Vuelven las clases presenciales en los lugares que estaban exceptuados en la provincia de La Pampa, pero solamente en 1\u00ba y 2\u00ba grado de la Escuela Primaria. Tambi\u00e9n, en forma combinada, lo har\u00e1n las salas de 5 a\u00f1os y salas multiedad de 4 y 5 a\u00f1os de Educaci\u00f3n Inicial.<\/p>\n\n\n\n<div class=\"wp-block-image\"><figure class=\"aligncenter size-medium\"><img loading=\"lazy\" decoding=\"async\" width=\"460\" height=\"259\" src=\"http:\/\/infoecos.com.ar\/wp-content\/uploads\/2021\/06\/lapampaclases-460x259.jpg\" alt=\"\" class=\"wp-image-80078\" srcset=\"https:\/\/infoecos.com.ar\/wp-content\/uploads\/2021\/06\/lapampaclases-460x259.jpg 460w, https:\/\/infoecos.com.ar\/wp-content\/uploads\/2021\/06\/lapampaclases-768x433.jpg 768w, https:\/\/infoecos.com.ar\/wp-content\/uploads\/2021\/06\/lapampaclases.jpg 900w\" sizes=\"auto, (max-width: 460px) 100vw, 460px\" \/><\/figure><\/div>\n\n\n\n<p class=\"wp-block-paragraph\">Ser\u00e1 desde este lunes 28 de junio al 8 de julio, d\u00eda previo al inicio de las vacaciones de invierno.<\/p>\n\n\n\n<p class=\"wp-block-paragraph\">\u00abSe adoptar\u00e1 la forma de escolarizaci\u00f3n combinada de manera focalizada en instituciones educativas ubicadas en los Departamentos Capital, Toay y Marac\u00f3 y en las localidades de Tel\u00e9n, Victorica, Eduardo Castex, Trenel, Realic\u00f3, Intendente Alvear, 25 de Mayo y Catril\u00f3\u00bb, se indic\u00f3 en un comunicado de prensa oficial.<\/p>\n\n\n\n<p class=\"wp-block-paragraph\">Luego de 40 d\u00edas de virtualidad, como consecuencia de la segunda ola de la pandemia del coronavirus, el martes pasado retornaron a la presencialidad de las clases unos 25 mil alumnas y alumnos pampeanos en todos los niveles.<\/p>\n\n\n\n<p class=\"wp-block-paragraph\">La excepci\u00f3n fueron los departamentos Capital, Toay y Marac\u00f3, junto a las localidades de Tel\u00e9n, Victorica, Eduardo Castex, Trenel, Realic\u00f3, Intendente Alvear, 25 de Mayo y Catril\u00f3.<\/p>\n\n\n\n<p class=\"wp-block-paragraph\"><strong>Fuente: eldiariodelapampa.com.ar<\/strong><\/p>\n","protected":false},"excerpt":{"rendered":"<p>Solamente en 1\u00ba y 2\u00ba grado de la Escuela Primaria<\/p>\n","protected":false},"author":2,"featured_media":80078,"comment_status":"closed","ping_status":"open","sticky":false,"template":"","format":"standard","meta":{"footnotes":""},"categories":[42],"tags":[4006],"class_list":["post-80077","post","type-post","status-publish","format-standard","has-post-thumbnail","hentry","category-inferior3","tag-sera-desde-este-lunes-28-de-junio-al-8-de-julio"],"featured_image_urls":{"full":["https:\/\/infoecos.com.ar\/wp-content\/uploads\/2021\/06\/lapampaclases.jpg",900,507,false],"thumbnail":["https:\/\/infoecos.com.ar\/wp-content\/uploads\/2021\/06\/lapampaclases-150x150.jpg",150,150,true],"medium":["https:\/\/infoecos.com.ar\/wp-content\/uploads\/2021\/06\/lapampaclases-460x259.jpg",460,259,true],"medium_large":["https:\/\/infoecos.com.ar\/wp-content\/uploads\/2021\/06\/lapampaclases-768x433.jpg",640,361,true],"large":["https:\/\/infoecos.com.ar\/wp-content\/uploads\/2021\/06\/lapampaclases.jpg",640,361,false],"1536x1536":["https:\/\/infoecos.com.ar\/wp-content\/uploads\/2021\/06\/lapampaclases.jpg",900,507,false],"2048x2048":["https:\/\/infoecos.com.ar\/wp-content\/uploads\/2021\/06\/lapampaclases.jpg",900,507,false],"covernews-slider-full":["https:\/\/infoecos.com.ar\/wp-content\/uploads\/2021\/06\/lapampaclases.jpg",900,507,false],"covernews-slider-center":["https:\/\/infoecos.com.ar\/wp-content\/uploads\/2021\/06\/lapampaclases.jpg",800,451,false],"covernews-featured":["https:\/\/infoecos.com.ar\/wp-content\/uploads\/2021\/06\/lapampaclases.jpg",900,507,false],"covernews-medium":["https:\/\/infoecos.com.ar\/wp-content\/uploads\/2021\/06\/lapampaclases-720x380.jpg",540,285,true],"covernews-medium-square":["https:\/\/infoecos.com.ar\/wp-content\/uploads\/2021\/06\/lapampaclases-675x450.jpg",375,250,true]},"author_info":{"info":["Jorge Matheus"]},"category_info":"<a href=\"https:\/\/infoecos.com.ar\/index.php\/category\/inferior3\/\" rel=\"category tag\">Bloque inferior - 3<\/a>","tag_info":"Bloque inferior - 3","comment_count":"0","_links":{"self":[{"href":"https:\/\/infoecos.com.ar\/index.php\/wp-json\/wp\/v2\/posts\/80077","targetHints":{"allow":["GET"]}}],"collection":[{"href":"https:\/\/infoecos.com.ar\/index.php\/wp-json\/wp\/v2\/posts"}],"about":[{"href":"https:\/\/infoecos.com.ar\/index.php\/wp-json\/wp\/v2\/types\/post"}],"author":[{"embeddable":true,"href":"https:\/\/infoecos.com.ar\/index.php\/wp-json\/wp\/v2\/users\/2"}],"replies":[{"embeddable":true,"href":"https:\/\/infoecos.com.ar\/index.php\/wp-json\/wp\/v2\/comments?post=80077"}],"version-history":[{"count":1,"href":"https:\/\/infoecos.com.ar\/index.php\/wp-json\/wp\/v2\/posts\/80077\/revisions"}],"predecessor-version":[{"id":80079,"href":"https:\/\/infoecos.com.ar\/index.php\/wp-json\/wp\/v2\/posts\/80077\/revisions\/80079"}],"wp:featuredmedia":[{"embeddable":true,"href":"https:\/\/infoecos.com.ar\/index.php\/wp-json\/wp\/v2\/media\/80078"}],"wp:attachment":[{"href":"https:\/\/infoecos.com.ar\/index.php\/wp-json\/wp\/v2\/media?parent=80077"}],"wp:term":[{"taxonomy":"category","embeddable":true,"href":"https:\/\/infoecos.com.ar\/index.php\/wp-json\/wp\/v2\/categories?post=80077"},{"taxonomy":"post_tag","embeddable":true,"href":"https:\/\/infoecos.com.ar\/index.php\/wp-json\/wp\/v2\/tags?post=80077"}],"curies":[{"name":"wp","href":"https:\/\/api.w.org\/{rel}","templated":true}]}}