{"id":80080,"date":"2021-06-24T02:30:29","date_gmt":"2021-06-24T05:30:29","guid":{"rendered":"http:\/\/infoecos.com.ar\/?p=80080"},"modified":"2021-06-24T02:30:30","modified_gmt":"2021-06-24T05:30:30","slug":"brasil-le-gano-a-colombia-2-a-1-por-la-copa-america","status":"publish","type":"post","link":"https:\/\/infoecos.com.ar\/index.php\/brasil-le-gano-a-colombia-2-a-1-por-la-copa-america\/","title":{"rendered":"Brasil le gan\u00f3 a Colombia 2 a 1 por la Copa Am\u00e9rica"},"content":{"rendered":"\n<p>El seleccionado de Brasil derrot\u00f3 2 a 1\u00a0 al seleccionado de Colombia en el estadio Ol\u00edmpico Nilton Santos, por el Grupo B de la competencia continental de selecciones. Roberto Firmino y Casemiro los goleadores para el local.<\/p>\n\n\n\n<p>Brasil venci\u00f3 a Colombia, que igual se clasific\u00f3 a cuartos de final, por 2 a 1, en el noveno minuto de descuento de un partido que arranc\u00f3 perdiendo en el estadio Ol\u00edmpico Nilton Santos, de R\u00edo de Janeiro, por la cuarta fecha del Grupo B de la Copa Am\u00e9rica que tuvo una pol\u00e9mica participaci\u00f3n del \u00e1rbitro argentino N\u00e9stor Pitana en el gol del empate local.<\/p>\n\n\n\n<figure class=\"wp-block-embed is-type-rich is-provider-twitter wp-block-embed-twitter\"><div class=\"wp-block-embed__wrapper\">\n<blockquote class=\"twitter-tweet\" data-width=\"550\" data-dnt=\"true\"><p lang=\"es\" dir=\"ltr\">\u00a1AS\u00cd FUE EL GOL AG\u00d3NICO DE BRASIL! A los 99, Casemiro puso el 2-1 ante Colombia. <a href=\"https:\/\/twitter.com\/hashtag\/CopaAm%C3%A9ricaEnTyCSports?src=hash&amp;ref_src=twsrc%5Etfw\">#CopaAm\u00e9ricaEnTyCSports<\/a>. <a href=\"https:\/\/t.co\/NnM2iJ3Fyv\">pic.twitter.com\/NnM2iJ3Fyv<\/a><\/p>&mdash; TyC Sports (@TyCSports) <a href=\"https:\/\/twitter.com\/TyCSports\/status\/1407883219161206790?ref_src=twsrc%5Etfw\">June 24, 2021<\/a><\/blockquote><script async src=\"https:\/\/platform.twitter.com\/widgets.js\" charset=\"utf-8\"><\/script>\n<\/div><\/figure>\n\n\n\n<figure class=\"wp-block-embed is-type-rich is-provider-twitter wp-block-embed-twitter\"><div class=\"wp-block-embed__wrapper\">\n<blockquote class=\"twitter-tweet\" data-width=\"550\" data-dnt=\"true\"><p lang=\"es\" dir=\"ltr\">\u00a1AS\u00cd FUE EL GOL AG\u00d3NICO DE BRASIL! A los 99, Casemiro puso el 2-1 ante Colombia. <a href=\"https:\/\/twitter.com\/hashtag\/CopaAm%C3%A9ricaEnTyCSports?src=hash&amp;ref_src=twsrc%5Etfw\">#CopaAm\u00e9ricaEnTyCSports<\/a>. <a href=\"https:\/\/t.co\/NnM2iJ3Fyv\">pic.twitter.com\/NnM2iJ3Fyv<\/a><\/p>&mdash; TyC Sports (@TyCSports) <a href=\"https:\/\/twitter.com\/TyCSports\/status\/1407883219161206790?ref_src=twsrc%5Etfw\">June 24, 2021<\/a><\/blockquote><script async src=\"https:\/\/platform.twitter.com\/widgets.js\" charset=\"utf-8\"><\/script>\n<\/div><\/figure>\n","protected":false},"excerpt":{"rendered":"<p>Colombia, igual est\u00e1 clasificado clasific\u00f3 para los cuartos de final<\/p>\n","protected":false},"author":2,"featured_media":80081,"comment_status":"closed","ping_status":"open","sticky":false,"template":"","format":"standard","meta":{"footnotes":""},"categories":[1341],"tags":[4007],"class_list":["post-80080","post","type-post","status-publish","format-standard","has-post-thumbnail","hentry","category-c1nota7","tag-en-rio-de-janeiro"],"yoast_head":"<!-- This site is optimized with the Yoast SEO plugin v23.4 - https:\/\/yoast.com\/wordpress\/plugins\/seo\/ -->\n<title>Brasil le gan\u00f3 a Colombia 2 a 1 por la Copa Am\u00e9rica - Infoecos<\/title>\n<meta name=\"robots\" content=\"index, follow, max-snippet:-1, max-image-preview:large, max-video-preview:-1\" \/>\n<link rel=\"canonical\" href=\"https:\/\/infoecos.com.ar\/index.php\/brasil-le-gano-a-colombia-2-a-1-por-la-copa-america\/\" \/>\n<meta property=\"og:locale\" content=\"es_ES\" \/>\n<meta property=\"og:type\" content=\"article\" \/>\n<meta property=\"og:title\" content=\"Brasil le gan\u00f3 a Colombia 2 a 1 por la Copa Am\u00e9rica - Infoecos\" \/>\n<meta property=\"og:description\" content=\"Colombia, igual est\u00e1 clasificado clasific\u00f3 para los cuartos de final\" \/>\n<meta property=\"og:url\" content=\"https:\/\/infoecos.com.ar\/index.php\/brasil-le-gano-a-colombia-2-a-1-por-la-copa-america\/\" \/>\n<meta property=\"og:site_name\" content=\"Infoecos\" \/>\n<meta property=\"article:publisher\" content=\"https:\/\/www.facebook.com\/profile.php?id=100063200290284\" \/>\n<meta property=\"article:published_time\" content=\"2021-06-24T05:30:29+00:00\" \/>\n<meta property=\"article:modified_time\" content=\"2021-06-24T05:30:30+00:00\" \/>\n<meta property=\"og:image\" content=\"https:\/\/infoecos.com.ar\/wp-content\/uploads\/2021\/06\/60d3ea29626d2_1004x565.jpg\" \/>\n\t<meta property=\"og:image:width\" content=\"1004\" \/>\n\t<meta property=\"og:image:height\" content=\"565\" \/>\n\t<meta property=\"og:image:type\" content=\"image\/jpeg\" \/>\n<meta name=\"author\" content=\"Jorge Matheus\" \/>\n<meta name=\"twitter:card\" content=\"summary_large_image\" \/>\n<meta name=\"twitter:creator\" content=\"@infoecos\" \/>\n<meta name=\"twitter:site\" content=\"@infoecos\" \/>\n<meta name=\"twitter:label1\" content=\"Escrito por\" \/>\n\t<meta name=\"twitter:data1\" content=\"Jorge Matheus\" \/>\n\t<meta name=\"twitter:label2\" content=\"Tiempo de lectura\" \/>\n\t<meta name=\"twitter:data2\" content=\"1 minuto\" \/>\n<script type=\"application\/ld+json\" class=\"yoast-schema-graph\">{\"@context\":\"https:\/\/schema.org\",\"@graph\":[{\"@type\":\"Article\",\"@id\":\"https:\/\/infoecos.com.ar\/index.php\/brasil-le-gano-a-colombia-2-a-1-por-la-copa-america\/#article\",\"isPartOf\":{\"@id\":\"https:\/\/infoecos.com.ar\/index.php\/brasil-le-gano-a-colombia-2-a-1-por-la-copa-america\/\"},\"author\":{\"name\":\"Jorge Matheus\",\"@id\":\"https:\/\/infoecos.com.ar\/#\/schema\/person\/8f5ace5ce73b4b4aac4b7245aee6f191\"},\"headline\":\"Brasil le gan\u00f3 a Colombia 2 a 1 por la Copa Am\u00e9rica\",\"datePublished\":\"2021-06-24T05:30:29+00:00\",\"dateModified\":\"2021-06-24T05:30:30+00:00\",\"mainEntityOfPage\":{\"@id\":\"https:\/\/infoecos.com.ar\/index.php\/brasil-le-gano-a-colombia-2-a-1-por-la-copa-america\/\"},\"wordCount\":126,\"publisher\":{\"@id\":\"https:\/\/infoecos.com.ar\/#organization\"},\"image\":{\"@id\":\"https:\/\/infoecos.com.ar\/index.php\/brasil-le-gano-a-colombia-2-a-1-por-la-copa-america\/#primaryimage\"},\"thumbnailUrl\":\"https:\/\/infoecos.com.ar\/wp-content\/uploads\/2021\/06\/60d3ea29626d2_1004x565.jpg\",\"keywords\":[\"EN R\u00cdO DE JANEIRO\"],\"articleSection\":[\"C1 nota 7\"],\"inLanguage\":\"es\"},{\"@type\":\"WebPage\",\"@id\":\"https:\/\/infoecos.com.ar\/index.php\/brasil-le-gano-a-colombia-2-a-1-por-la-copa-america\/\",\"url\":\"https:\/\/infoecos.com.ar\/index.php\/brasil-le-gano-a-colombia-2-a-1-por-la-copa-america\/\",\"name\":\"Brasil le gan\u00f3 a Colombia 2 a 1 por la Copa Am\u00e9rica - Infoecos\",\"isPartOf\":{\"@id\":\"https:\/\/infoecos.com.ar\/#website\"},\"primaryImageOfPage\":{\"@id\":\"https:\/\/infoecos.com.ar\/index.php\/brasil-le-gano-a-colombia-2-a-1-por-la-copa-america\/#primaryimage\"},\"image\":{\"@id\":\"https:\/\/infoecos.com.ar\/index.php\/brasil-le-gano-a-colombia-2-a-1-por-la-copa-america\/#primaryimage\"},\"thumbnailUrl\":\"https:\/\/infoecos.com.ar\/wp-content\/uploads\/2021\/06\/60d3ea29626d2_1004x565.jpg\",\"datePublished\":\"2021-06-24T05:30:29+00:00\",\"dateModified\":\"2021-06-24T05:30:30+00:00\",\"breadcrumb\":{\"@id\":\"https:\/\/infoecos.com.ar\/index.php\/brasil-le-gano-a-colombia-2-a-1-por-la-copa-america\/#breadcrumb\"},\"inLanguage\":\"es\",\"potentialAction\":[{\"@type\":\"ReadAction\",\"target\":[\"https:\/\/infoecos.com.ar\/index.php\/brasil-le-gano-a-colombia-2-a-1-por-la-copa-america\/\"]}]},{\"@type\":\"ImageObject\",\"inLanguage\":\"es\",\"@id\":\"https:\/\/infoecos.com.ar\/index.php\/brasil-le-gano-a-colombia-2-a-1-por-la-copa-america\/#primaryimage\",\"url\":\"https:\/\/infoecos.com.ar\/wp-content\/uploads\/2021\/06\/60d3ea29626d2_1004x565.jpg\",\"contentUrl\":\"https:\/\/infoecos.com.ar\/wp-content\/uploads\/2021\/06\/60d3ea29626d2_1004x565.jpg\",\"width\":1004,\"height\":565},{\"@type\":\"BreadcrumbList\",\"@id\":\"https:\/\/infoecos.com.ar\/index.php\/brasil-le-gano-a-colombia-2-a-1-por-la-copa-america\/#breadcrumb\",\"itemListElement\":[{\"@type\":\"ListItem\",\"position\":1,\"name\":\"Portada\",\"item\":\"https:\/\/infoecos.com.ar\/\"},{\"@type\":\"ListItem\",\"position\":2,\"name\":\"Brasil le gan\u00f3 a Colombia 2 a 1 por la Copa Am\u00e9rica\"}]},{\"@type\":\"WebSite\",\"@id\":\"https:\/\/infoecos.com.ar\/#website\",\"url\":\"https:\/\/infoecos.com.ar\/\",\"name\":\"Infoecos\",\"description\":\"Noticias de trenque lauquen y la zona\",\"publisher\":{\"@id\":\"https:\/\/infoecos.com.ar\/#organization\"},\"alternateName\":\"Noticias\",\"potentialAction\":[{\"@type\":\"SearchAction\",\"target\":{\"@type\":\"EntryPoint\",\"urlTemplate\":\"https:\/\/infoecos.com.ar\/?s={search_term_string}\"},\"query-input\":{\"@type\":\"PropertyValueSpecification\",\"valueRequired\":true,\"valueName\":\"search_term_string\"}}],\"inLanguage\":\"es\"},{\"@type\":\"Organization\",\"@id\":\"https:\/\/infoecos.com.ar\/#organization\",\"name\":\"Infoecos\",\"alternateName\":\"Noticias\",\"url\":\"https:\/\/infoecos.com.ar\/\",\"logo\":{\"@type\":\"ImageObject\",\"inLanguage\":\"es\",\"@id\":\"https:\/\/infoecos.com.ar\/#\/schema\/logo\/image\/\",\"url\":\"https:\/\/infoecos.com.ar\/wp-content\/uploads\/2024\/03\/cropped-logo.png\",\"contentUrl\":\"https:\/\/infoecos.com.ar\/wp-content\/uploads\/2024\/03\/cropped-logo.png\",\"width\":374,\"height\":90,\"caption\":\"Infoecos\"},\"image\":{\"@id\":\"https:\/\/infoecos.com.ar\/#\/schema\/logo\/image\/\"},\"sameAs\":[\"https:\/\/www.facebook.com\/profile.php?id=100063200290284\",\"https:\/\/x.com\/infoecos\"]},{\"@type\":\"Person\",\"@id\":\"https:\/\/infoecos.com.ar\/#\/schema\/person\/8f5ace5ce73b4b4aac4b7245aee6f191\",\"name\":\"Jorge Matheus\",\"url\":\"https:\/\/infoecos.com.ar\/index.php\/author\/jomatheus\/\"}]}<\/script>\n<!-- \/ Yoast SEO plugin. -->","yoast_head_json":{"title":"Brasil le gan\u00f3 a Colombia 2 a 1 por la Copa Am\u00e9rica - Infoecos","robots":{"index":"index","follow":"follow","max-snippet":"max-snippet:-1","max-image-preview":"max-image-preview:large","max-video-preview":"max-video-preview:-1"},"canonical":"https:\/\/infoecos.com.ar\/index.php\/brasil-le-gano-a-colombia-2-a-1-por-la-copa-america\/","og_locale":"es_ES","og_type":"article","og_title":"Brasil le gan\u00f3 a Colombia 2 a 1 por la Copa Am\u00e9rica - Infoecos","og_description":"Colombia, igual est\u00e1 clasificado clasific\u00f3 para los cuartos de final","og_url":"https:\/\/infoecos.com.ar\/index.php\/brasil-le-gano-a-colombia-2-a-1-por-la-copa-america\/","og_site_name":"Infoecos","article_publisher":"https:\/\/www.facebook.com\/profile.php?id=100063200290284","article_published_time":"2021-06-24T05:30:29+00:00","article_modified_time":"2021-06-24T05:30:30+00:00","og_image":[{"width":1004,"height":565,"url":"https:\/\/infoecos.com.ar\/wp-content\/uploads\/2021\/06\/60d3ea29626d2_1004x565.jpg","type":"image\/jpeg"}],"author":"Jorge Matheus","twitter_card":"summary_large_image","twitter_creator":"@infoecos","twitter_site":"@infoecos","twitter_misc":{"Escrito por":"Jorge Matheus","Tiempo de lectura":"1 minuto"},"schema":{"@context":"https:\/\/schema.org","@graph":[{"@type":"Article","@id":"https:\/\/infoecos.com.ar\/index.php\/brasil-le-gano-a-colombia-2-a-1-por-la-copa-america\/#article","isPartOf":{"@id":"https:\/\/infoecos.com.ar\/index.php\/brasil-le-gano-a-colombia-2-a-1-por-la-copa-america\/"},"author":{"name":"Jorge Matheus","@id":"https:\/\/infoecos.com.ar\/#\/schema\/person\/8f5ace5ce73b4b4aac4b7245aee6f191"},"headline":"Brasil le gan\u00f3 a Colombia 2 a 1 por la Copa Am\u00e9rica","datePublished":"2021-06-24T05:30:29+00:00","dateModified":"2021-06-24T05:30:30+00:00","mainEntityOfPage":{"@id":"https:\/\/infoecos.com.ar\/index.php\/brasil-le-gano-a-colombia-2-a-1-por-la-copa-america\/"},"wordCount":126,"publisher":{"@id":"https:\/\/infoecos.com.ar\/#organization"},"image":{"@id":"https:\/\/infoecos.com.ar\/index.php\/brasil-le-gano-a-colombia-2-a-1-por-la-copa-america\/#primaryimage"},"thumbnailUrl":"https:\/\/infoecos.com.ar\/wp-content\/uploads\/2021\/06\/60d3ea29626d2_1004x565.jpg","keywords":["EN R\u00cdO DE JANEIRO"],"articleSection":["C1 nota 7"],"inLanguage":"es"},{"@type":"WebPage","@id":"https:\/\/infoecos.com.ar\/index.php\/brasil-le-gano-a-colombia-2-a-1-por-la-copa-america\/","url":"https:\/\/infoecos.com.ar\/index.php\/brasil-le-gano-a-colombia-2-a-1-por-la-copa-america\/","name":"Brasil le gan\u00f3 a Colombia 2 a 1 por la Copa Am\u00e9rica - Infoecos","isPartOf":{"@id":"https:\/\/infoecos.com.ar\/#website"},"primaryImageOfPage":{"@id":"https:\/\/infoecos.com.ar\/index.php\/brasil-le-gano-a-colombia-2-a-1-por-la-copa-america\/#primaryimage"},"image":{"@id":"https:\/\/infoecos.com.ar\/index.php\/brasil-le-gano-a-colombia-2-a-1-por-la-copa-america\/#primaryimage"},"thumbnailUrl":"https:\/\/infoecos.com.ar\/wp-content\/uploads\/2021\/06\/60d3ea29626d2_1004x565.jpg","datePublished":"2021-06-24T05:30:29+00:00","dateModified":"2021-06-24T05:30:30+00:00","breadcrumb":{"@id":"https:\/\/infoecos.com.ar\/index.php\/brasil-le-gano-a-colombia-2-a-1-por-la-copa-america\/#breadcrumb"},"inLanguage":"es","potentialAction":[{"@type":"ReadAction","target":["https:\/\/infoecos.com.ar\/index.php\/brasil-le-gano-a-colombia-2-a-1-por-la-copa-america\/"]}]},{"@type":"ImageObject","inLanguage":"es","@id":"https:\/\/infoecos.com.ar\/index.php\/brasil-le-gano-a-colombia-2-a-1-por-la-copa-america\/#primaryimage","url":"https:\/\/infoecos.com.ar\/wp-content\/uploads\/2021\/06\/60d3ea29626d2_1004x565.jpg","contentUrl":"https:\/\/infoecos.com.ar\/wp-content\/uploads\/2021\/06\/60d3ea29626d2_1004x565.jpg","width":1004,"height":565},{"@type":"BreadcrumbList","@id":"https:\/\/infoecos.com.ar\/index.php\/brasil-le-gano-a-colombia-2-a-1-por-la-copa-america\/#breadcrumb","itemListElement":[{"@type":"ListItem","position":1,"name":"Portada","item":"https:\/\/infoecos.com.ar\/"},{"@type":"ListItem","position":2,"name":"Brasil le gan\u00f3 a Colombia 2 a 1 por la Copa Am\u00e9rica"}]},{"@type":"WebSite","@id":"https:\/\/infoecos.com.ar\/#website","url":"https:\/\/infoecos.com.ar\/","name":"Infoecos","description":"Noticias de trenque lauquen y la zona","publisher":{"@id":"https:\/\/infoecos.com.ar\/#organization"},"alternateName":"Noticias","potentialAction":[{"@type":"SearchAction","target":{"@type":"EntryPoint","urlTemplate":"https:\/\/infoecos.com.ar\/?s={search_term_string}"},"query-input":{"@type":"PropertyValueSpecification","valueRequired":true,"valueName":"search_term_string"}}],"inLanguage":"es"},{"@type":"Organization","@id":"https:\/\/infoecos.com.ar\/#organization","name":"Infoecos","alternateName":"Noticias","url":"https:\/\/infoecos.com.ar\/","logo":{"@type":"ImageObject","inLanguage":"es","@id":"https:\/\/infoecos.com.ar\/#\/schema\/logo\/image\/","url":"https:\/\/infoecos.com.ar\/wp-content\/uploads\/2024\/03\/cropped-logo.png","contentUrl":"https:\/\/infoecos.com.ar\/wp-content\/uploads\/2024\/03\/cropped-logo.png","width":374,"height":90,"caption":"Infoecos"},"image":{"@id":"https:\/\/infoecos.com.ar\/#\/schema\/logo\/image\/"},"sameAs":["https:\/\/www.facebook.com\/profile.php?id=100063200290284","https:\/\/x.com\/infoecos"]},{"@type":"Person","@id":"https:\/\/infoecos.com.ar\/#\/schema\/person\/8f5ace5ce73b4b4aac4b7245aee6f191","name":"Jorge Matheus","url":"https:\/\/infoecos.com.ar\/index.php\/author\/jomatheus\/"}]}},"featured_image_urls":{"full":["https:\/\/infoecos.com.ar\/wp-content\/uploads\/2021\/06\/60d3ea29626d2_1004x565.jpg",1004,565,false],"thumbnail":["https:\/\/infoecos.com.ar\/wp-content\/uploads\/2021\/06\/60d3ea29626d2_1004x565-150x150.jpg",150,150,true],"medium":["https:\/\/infoecos.com.ar\/wp-content\/uploads\/2021\/06\/60d3ea29626d2_1004x565-460x259.jpg",460,259,true],"medium_large":["https:\/\/infoecos.com.ar\/wp-content\/uploads\/2021\/06\/60d3ea29626d2_1004x565-768x432.jpg",640,360,true],"large":["https:\/\/infoecos.com.ar\/wp-content\/uploads\/2021\/06\/60d3ea29626d2_1004x565-920x518.jpg",640,360,true],"1536x1536":["https:\/\/infoecos.com.ar\/wp-content\/uploads\/2021\/06\/60d3ea29626d2_1004x565.jpg",1004,565,false],"2048x2048":["https:\/\/infoecos.com.ar\/wp-content\/uploads\/2021\/06\/60d3ea29626d2_1004x565.jpg",1004,565,false],"covernews-slider-full":["https:\/\/infoecos.com.ar\/wp-content\/uploads\/2021\/06\/60d3ea29626d2_1004x565.jpg",1004,565,false],"covernews-slider-center":["https:\/\/infoecos.com.ar\/wp-content\/uploads\/2021\/06\/60d3ea29626d2_1004x565-936x565.jpg",800,483,true],"covernews-featured":["https:\/\/infoecos.com.ar\/wp-content\/uploads\/2021\/06\/60d3ea29626d2_1004x565.jpg",1004,565,false],"covernews-medium":["https:\/\/infoecos.com.ar\/wp-content\/uploads\/2021\/06\/60d3ea29626d2_1004x565-720x380.jpg",540,285,true],"covernews-medium-square":["https:\/\/infoecos.com.ar\/wp-content\/uploads\/2021\/06\/60d3ea29626d2_1004x565-675x450.jpg",375,250,true]},"author_info":{"info":["Jorge Matheus"]},"category_info":"<a href=\"https:\/\/infoecos.com.ar\/index.php\/category\/c1nota7\/\" rel=\"category tag\">C1 nota 7<\/a>","tag_info":"C1 nota 7","comment_count":"0","_links":{"self":[{"href":"https:\/\/infoecos.com.ar\/index.php\/wp-json\/wp\/v2\/posts\/80080"}],"collection":[{"href":"https:\/\/infoecos.com.ar\/index.php\/wp-json\/wp\/v2\/posts"}],"about":[{"href":"https:\/\/infoecos.com.ar\/index.php\/wp-json\/wp\/v2\/types\/post"}],"author":[{"embeddable":true,"href":"https:\/\/infoecos.com.ar\/index.php\/wp-json\/wp\/v2\/users\/2"}],"replies":[{"embeddable":true,"href":"https:\/\/infoecos.com.ar\/index.php\/wp-json\/wp\/v2\/comments?post=80080"}],"version-history":[{"count":1,"href":"https:\/\/infoecos.com.ar\/index.php\/wp-json\/wp\/v2\/posts\/80080\/revisions"}],"predecessor-version":[{"id":80082,"href":"https:\/\/infoecos.com.ar\/index.php\/wp-json\/wp\/v2\/posts\/80080\/revisions\/80082"}],"wp:featuredmedia":[{"embeddable":true,"href":"https:\/\/infoecos.com.ar\/index.php\/wp-json\/wp\/v2\/media\/80081"}],"wp:attachment":[{"href":"https:\/\/infoecos.com.ar\/index.php\/wp-json\/wp\/v2\/media?parent=80080"}],"wp:term":[{"taxonomy":"category","embeddable":true,"href":"https:\/\/infoecos.com.ar\/index.php\/wp-json\/wp\/v2\/categories?post=80080"},{"taxonomy":"post_tag","embeddable":true,"href":"https:\/\/infoecos.com.ar\/index.php\/wp-json\/wp\/v2\/tags?post=80080"}],"curies":[{"name":"wp","href":"https:\/\/api.w.org\/{rel}","templated":true}]}}