{"id":80089,"date":"2021-06-24T02:55:26","date_gmt":"2021-06-24T05:55:26","guid":{"rendered":"http:\/\/infoecos.com.ar\/?p=80089"},"modified":"2021-06-25T02:04:10","modified_gmt":"2021-06-25T05:04:10","slug":"carbap-rechazo-las-medidas-del-gobierno-nacional-en-materia-de-carnes-y-las-califico-de-nefastas","status":"publish","type":"post","link":"https:\/\/infoecos.com.ar\/index.php\/carbap-rechazo-las-medidas-del-gobierno-nacional-en-materia-de-carnes-y-las-califico-de-nefastas\/","title":{"rendered":"CARBAP rechaz\u00f3 las medidas del gobierno nacional en materia de carnes y las calific\u00f3 de nefastas"},"content":{"rendered":"\n<p class=\"wp-block-paragraph\">Desde la Confederaci\u00f3n de Asociaciones Rurales de Buenos Aires y La Pampa (CARBAP) rechazaron las medidas anunciadas por el Gobierno nacional para la exportaci\u00f3n de carnes.<\/p>\n\n\n\n<p class=\"wp-block-paragraph\">Mediante un comunicado de prensa, CARBAP manifest\u00f3 que \u201cla medida es nefasta y ya se aplic\u00f3 en el pasado y fracas\u00f3\u201d.<\/p>\n\n\n\n<figure class=\"wp-block-embed is-type-rich is-provider-twitter wp-block-embed-twitter\"><div class=\"wp-block-embed__wrapper\">\nhttps:\/\/twitter.com\/CARBAP_ARG\/status\/1407778782178648066\n<\/div><\/figure>\n\n\n\n<p class=\"wp-block-paragraph\">En ese sentido aseguraron&nbsp;que \u201clas medidas anunciadas solo benefician a los pa\u00edses que exportaran lo que nuestro pa\u00eds no puede exportar y perjudican a los productores por la baja en los precios de los animales, a los consumidores por el aumento de la carne, al pa\u00eds que resignara ingresos por retenciones, a los frigor\u00edficos exportadores que deber\u00e1n suspender operarios, a los trabajadores de frigor\u00edficos que ver\u00e1n peligrar sus fuentes laborales\u201d.<\/p>\n\n\n\n<p class=\"wp-block-paragraph\">Asimismo, reclamaron por \u201cmedidas expansivas y no restrictivas\u201d para el sector ganadero.<\/p>\n\n\n\n<p class=\"wp-block-paragraph\">\u201cDesde CARBAP nos oponemos a las medidas que son claramente electorales\u201d, consideraron y agregaron que \u201cel Consejo Directivo de CARBAP se reunir\u00e1 hoy y decidir\u00e1 los pasos a seguir\u201d.<\/p>\n","protected":false},"excerpt":{"rendered":"<p>\u201cDesde CARBAP nos oponemos a las medidas que son claramente electorales\u201d, consideraron y agregaron que \u201cel Consejo Directivo de CARBAP se reunir\u00e1 hoy y decidir\u00e1 los pasos a seguir\u201d<\/p>\n","protected":false},"author":2,"featured_media":56631,"comment_status":"closed","ping_status":"open","sticky":false,"template":"","format":"standard","meta":{"footnotes":""},"categories":[41],"tags":[4009],"class_list":["post-80089","post","type-post","status-publish","format-standard","has-post-thumbnail","hentry","category-inferior2","tag-el-consejo-directivo-se-reune-hoy"],"featured_image_urls":{"full":"","thumbnail":"","medium":"","medium_large":"","large":"","1536x1536":"","2048x2048":"","covernews-slider-full":"","covernews-slider-center":"","covernews-featured":"","covernews-medium":"","covernews-medium-square":""},"author_info":{"info":["Jorge Matheus"]},"category_info":"<a href=\"https:\/\/infoecos.com.ar\/index.php\/category\/inferior2\/\" rel=\"category tag\">Bloque inferior - 2<\/a>","tag_info":"Bloque inferior - 2","comment_count":"0","_links":{"self":[{"href":"https:\/\/infoecos.com.ar\/index.php\/wp-json\/wp\/v2\/posts\/80089","targetHints":{"allow":["GET"]}}],"collection":[{"href":"https:\/\/infoecos.com.ar\/index.php\/wp-json\/wp\/v2\/posts"}],"about":[{"href":"https:\/\/infoecos.com.ar\/index.php\/wp-json\/wp\/v2\/types\/post"}],"author":[{"embeddable":true,"href":"https:\/\/infoecos.com.ar\/index.php\/wp-json\/wp\/v2\/users\/2"}],"replies":[{"embeddable":true,"href":"https:\/\/infoecos.com.ar\/index.php\/wp-json\/wp\/v2\/comments?post=80089"}],"version-history":[{"count":2,"href":"https:\/\/infoecos.com.ar\/index.php\/wp-json\/wp\/v2\/posts\/80089\/revisions"}],"predecessor-version":[{"id":80091,"href":"https:\/\/infoecos.com.ar\/index.php\/wp-json\/wp\/v2\/posts\/80089\/revisions\/80091"}],"wp:attachment":[{"href":"https:\/\/infoecos.com.ar\/index.php\/wp-json\/wp\/v2\/media?parent=80089"}],"wp:term":[{"taxonomy":"category","embeddable":true,"href":"https:\/\/infoecos.com.ar\/index.php\/wp-json\/wp\/v2\/categories?post=80089"},{"taxonomy":"post_tag","embeddable":true,"href":"https:\/\/infoecos.com.ar\/index.php\/wp-json\/wp\/v2\/tags?post=80089"}],"curies":[{"name":"wp","href":"https:\/\/api.w.org\/{rel}","templated":true}]}}