{"id":80120,"date":"2021-06-24T16:43:41","date_gmt":"2021-06-24T19:43:41","guid":{"rendered":"http:\/\/infoecos.com.ar\/?p=80120"},"modified":"2021-06-24T16:43:42","modified_gmt":"2021-06-24T19:43:42","slug":"feria-ecofines-trenque-lauquen-los-interesados-en-participar-pueden-inscribirse","status":"publish","type":"post","link":"https:\/\/infoecos.com.ar\/index.php\/feria-ecofines-trenque-lauquen-los-interesados-en-participar-pueden-inscribirse\/","title":{"rendered":"Feria Ecofines Trenque Lauquen: los interesados en participar pueden inscribirse"},"content":{"rendered":"\n<p class=\"wp-block-paragraph\">Los productores de alimentos y peque\u00f1os emprendedores del distrito que trabajen en forma artesanal y sin uso de agroqu\u00edmicos y que est\u00e9n interesados en participar de la Feria Ecofines \u2013Feria de la Econom\u00eda Sustentable del Municipio de Trenque Lauquen- pueden inscribirse en la oficina de Promoci\u00f3n Tur\u00edstica y Productiva, que funciona en la Terminal de \u00d3mnibus (Garc\u00eda Salinas y Pereyra Rosas) de lunes a viernes de 10 a 15.30 horas.<\/p>\n\n\n\n<div class=\"wp-block-image\"><figure class=\"aligncenter size-large\"><img decoding=\"async\" src=\"http:\/\/infoecos.com.ar\/wp-content\/uploads\/14731234_1242473022490378_2126416395229319198_n.jpg\" alt=\"\" class=\"wp-image-28743\"\/><figcaption>Trenque Lauquen Ecofines<\/figcaption><\/figure><\/div>\n\n\n\n<p class=\"wp-block-paragraph\">La convocatoria est\u00e1 abierta a personas e instituciones del partido de Trenque Lauquen que desarrollen productos de los siguientes rubros: hort\u00edcola y ornamentales sin uso de agroqu\u00edmicos, huevos de campo e insumos agroecol\u00f3gicos (abonos-enmiendas), alimentos elaborados en forma artesanal y artesan\u00edas hechas con materiales naturales y\/o reciclados.<\/p>\n","protected":false},"excerpt":{"rendered":"<p>En la oficina de Promoci\u00f3n Tur\u00edstica y Productiva, que funciona en la Terminal de \u00d3mnibus (Garc\u00eda Salinas y Pereyra Rosas) de lunes a viernes de 10 a 15.30 horas<\/p>\n","protected":false},"author":2,"featured_media":28743,"comment_status":"closed","ping_status":"open","sticky":false,"template":"","format":"standard","meta":{"footnotes":""},"categories":[47],"tags":[4016],"class_list":["post-80120","post","type-post","status-publish","format-standard","has-post-thumbnail","hentry","category-c3nota2","tag-de-lunes-a-viernes-de-10-a-15-30"],"featured_image_urls":{"full":"","thumbnail":"","medium":"","medium_large":"","large":"","1536x1536":"","2048x2048":"","covernews-slider-full":"","covernews-slider-center":"","covernews-featured":"","covernews-medium":"","covernews-medium-square":""},"author_info":{"info":["Jorge Matheus"]},"category_info":"<a href=\"https:\/\/infoecos.com.ar\/index.php\/category\/c3nota2\/\" rel=\"category tag\">C3 N2<\/a>","tag_info":"C3 N2","comment_count":"0","_links":{"self":[{"href":"https:\/\/infoecos.com.ar\/index.php\/wp-json\/wp\/v2\/posts\/80120","targetHints":{"allow":["GET"]}}],"collection":[{"href":"https:\/\/infoecos.com.ar\/index.php\/wp-json\/wp\/v2\/posts"}],"about":[{"href":"https:\/\/infoecos.com.ar\/index.php\/wp-json\/wp\/v2\/types\/post"}],"author":[{"embeddable":true,"href":"https:\/\/infoecos.com.ar\/index.php\/wp-json\/wp\/v2\/users\/2"}],"replies":[{"embeddable":true,"href":"https:\/\/infoecos.com.ar\/index.php\/wp-json\/wp\/v2\/comments?post=80120"}],"version-history":[{"count":1,"href":"https:\/\/infoecos.com.ar\/index.php\/wp-json\/wp\/v2\/posts\/80120\/revisions"}],"predecessor-version":[{"id":80121,"href":"https:\/\/infoecos.com.ar\/index.php\/wp-json\/wp\/v2\/posts\/80120\/revisions\/80121"}],"wp:attachment":[{"href":"https:\/\/infoecos.com.ar\/index.php\/wp-json\/wp\/v2\/media?parent=80120"}],"wp:term":[{"taxonomy":"category","embeddable":true,"href":"https:\/\/infoecos.com.ar\/index.php\/wp-json\/wp\/v2\/categories?post=80120"},{"taxonomy":"post_tag","embeddable":true,"href":"https:\/\/infoecos.com.ar\/index.php\/wp-json\/wp\/v2\/tags?post=80120"}],"curies":[{"name":"wp","href":"https:\/\/api.w.org\/{rel}","templated":true}]}}