{"id":80133,"date":"2021-06-25T00:22:53","date_gmt":"2021-06-25T03:22:53","guid":{"rendered":"http:\/\/infoecos.com.ar\/?p=80133"},"modified":"2021-06-25T00:22:53","modified_gmt":"2021-06-25T03:22:53","slug":"le-dieron-el-alta-al-intendente-de-lincoln-y-mediante-videoconferencia-reunio-a-su-equipo-de-gobierno","status":"publish","type":"post","link":"https:\/\/infoecos.com.ar\/index.php\/le-dieron-el-alta-al-intendente-de-lincoln-y-mediante-videoconferencia-reunio-a-su-equipo-de-gobierno\/","title":{"rendered":"Le dieron el alta al intendente de Lincoln y mediante videoconferencia reuni\u00f3 a su equipo de gobierno"},"content":{"rendered":"\n<p class=\"wp-block-paragraph\">En el mediod\u00eda de ayer el intendente de Lincoln, Salvador\u00a0Serenal,\u00a0mantuvo una reuni\u00f3n con integrantes de su gabinete y colaboradores, en la que\u00a0comunic\u00f3 la favorable evoluci\u00f3n de su estado de salud\u00a0y el inicio de su\u00a0etapa de\u00a0recuperaci\u00f3n, tras su internaci\u00f3n.\u00a0\u00a0<\/p>\n\n\n\n<div class=\"wp-block-image\"><figure class=\"aligncenter size-medium\"><img loading=\"lazy\" decoding=\"async\" width=\"460\" height=\"259\" src=\"http:\/\/infoecos.com.ar\/wp-content\/uploads\/2021\/06\/reunion-gabinete-zoom-460x259.jpg\" alt=\"\" class=\"wp-image-80134\" srcset=\"https:\/\/infoecos.com.ar\/wp-content\/uploads\/2021\/06\/reunion-gabinete-zoom-460x259.jpg 460w, https:\/\/infoecos.com.ar\/wp-content\/uploads\/2021\/06\/reunion-gabinete-zoom-920x517.jpg 920w, https:\/\/infoecos.com.ar\/wp-content\/uploads\/2021\/06\/reunion-gabinete-zoom-768x432.jpg 768w, https:\/\/infoecos.com.ar\/wp-content\/uploads\/2021\/06\/reunion-gabinete-zoom-1536x864.jpg 1536w, https:\/\/infoecos.com.ar\/wp-content\/uploads\/2021\/06\/reunion-gabinete-zoom-2048x1152.jpg 2048w, https:\/\/infoecos.com.ar\/wp-content\/uploads\/2021\/06\/reunion-gabinete-zoom-1024x576.jpg 1024w\" sizes=\"auto, (max-width: 460px) 100vw, 460px\" \/><figcaption>Reuni\u00f3n mediante videoconferencia de Serenal con su equipo<\/figcaption><\/figure><\/div>\n\n\n\n<p class=\"wp-block-paragraph\">Mediante una comunicaci\u00f3n&nbsp;v\u00eda&nbsp;Zoom, el intendente&nbsp;Serenal&nbsp;reuni\u00f3 a su equipo de trabajo para poner en su conocimiento de qu\u00e9 manera continuar\u00e1&nbsp;su etapa de recuperaci\u00f3n, tras haber recibido el alta de la cl\u00ednica, y&nbsp;establecer&nbsp;la modalidad con la que seguir\u00e1 trabajando con cada una de las&nbsp;\u00e1reas, en coordinaci\u00f3n con la Jefatura de Gabinete.&nbsp;&nbsp;<\/p>\n\n\n\n<p class=\"wp-block-paragraph\">Durante el encuentro, el mandatario se mostr\u00f3 \u201cfortalecido por el respaldo de todo el equipo de trabajo\u201d y agradeci\u00f3 la colaboraci\u00f3n que,&nbsp;durante estos d\u00edas de internaci\u00f3n,&nbsp;los&nbsp;funcionarios&nbsp;mantuvieron&nbsp;para&nbsp;\u201cseguir avanzando en cada uno de los proyectos y acciones que estamos llevando adelante desde el Municipio\u201d.&nbsp;<\/p>\n\n\n\n<div class=\"wp-block-image\"><figure class=\"aligncenter size-medium\"><img loading=\"lazy\" decoding=\"async\" width=\"460\" height=\"307\" src=\"http:\/\/infoecos.com.ar\/wp-content\/uploads\/2021\/06\/CLERICI-CONFERENCIA-DE-PRENSA-SALUD-SERENAL-20-460x307.jpg\" alt=\"\" class=\"wp-image-79861\" srcset=\"https:\/\/infoecos.com.ar\/wp-content\/uploads\/2021\/06\/CLERICI-CONFERENCIA-DE-PRENSA-SALUD-SERENAL-20-460x307.jpg 460w, https:\/\/infoecos.com.ar\/wp-content\/uploads\/2021\/06\/CLERICI-CONFERENCIA-DE-PRENSA-SALUD-SERENAL-20-920x613.jpg 920w, https:\/\/infoecos.com.ar\/wp-content\/uploads\/2021\/06\/CLERICI-CONFERENCIA-DE-PRENSA-SALUD-SERENAL-20-768x512.jpg 768w, https:\/\/infoecos.com.ar\/wp-content\/uploads\/2021\/06\/CLERICI-CONFERENCIA-DE-PRENSA-SALUD-SERENAL-20-1536x1024.jpg 1536w, https:\/\/infoecos.com.ar\/wp-content\/uploads\/2021\/06\/CLERICI-CONFERENCIA-DE-PRENSA-SALUD-SERENAL-20-1024x683.jpg 1024w, https:\/\/infoecos.com.ar\/wp-content\/uploads\/2021\/06\/CLERICI-CONFERENCIA-DE-PRENSA-SALUD-SERENAL-20-675x450.jpg 675w, https:\/\/infoecos.com.ar\/wp-content\/uploads\/2021\/06\/CLERICI-CONFERENCIA-DE-PRENSA-SALUD-SERENAL-20.jpg 2048w\" sizes=\"auto, (max-width: 460px) 100vw, 460px\" \/><figcaption>Parera, Ram\u00f3n<\/figcaption><\/figure><\/div>\n\n\n\n<p class=\"wp-block-paragraph\">El jefe de Gabinete, Ram\u00f3n Parera afirm\u00f3 que \u201cSalvador se encuentra reincorporado en su casa, cumpliendo las indicaciones m\u00e9dicas que son indispensables seguir para favorecer su recuperaci\u00f3n\u201d. Adem\u00e1s, se\u00f1al\u00f3: \u201cHoy lo importante es que el intendente&nbsp;Serenal&nbsp;siga recuper\u00e1ndose y que podamos darle m\u00e1s fluidez al contacto permanente que&nbsp;llev\u00e1bamos durante las&nbsp;semanas anteriores, ahora, con otra intensidad y aboc\u00e1ndonos de forma conjunta a la agenda de gobierno de la gesti\u00f3n\u201d.<\/p>\n","protected":false},"excerpt":{"rendered":"<p>Mediante una comunicaci\u00f3n v\u00eda Zoom, el intendente Serenal reuni\u00f3 a su equipo de trabajo para poner en su conocimiento de qu\u00e9 manera continuar\u00e1 su etapa de recuperaci\u00f3n<\/p>\n","protected":false},"author":2,"featured_media":80134,"comment_status":"closed","ping_status":"open","sticky":false,"template":"","format":"standard","meta":{"footnotes":""},"categories":[46],"tags":[4020],"class_list":["post-80133","post","type-post","status-publish","format-standard","has-post-thumbnail","hentry","category-c2nota2","tag-nada-se-dijo-del-polemico-respirador"],"featured_image_urls":{"full":["https:\/\/infoecos.com.ar\/wp-content\/uploads\/2021\/06\/reunion-gabinete-zoom-scaled.jpg",2560,1440,false],"thumbnail":["https:\/\/infoecos.com.ar\/wp-content\/uploads\/2021\/06\/reunion-gabinete-zoom-150x150.jpg",150,150,true],"medium":["https:\/\/infoecos.com.ar\/wp-content\/uploads\/2021\/06\/reunion-gabinete-zoom-460x259.jpg",460,259,true],"medium_large":["https:\/\/infoecos.com.ar\/wp-content\/uploads\/2021\/06\/reunion-gabinete-zoom-768x432.jpg",640,360,true],"large":["https:\/\/infoecos.com.ar\/wp-content\/uploads\/2021\/06\/reunion-gabinete-zoom-920x517.jpg",640,360,true],"1536x1536":["https:\/\/infoecos.com.ar\/wp-content\/uploads\/2021\/06\/reunion-gabinete-zoom-1536x864.jpg",1536,864,true],"2048x2048":["https:\/\/infoecos.com.ar\/wp-content\/uploads\/2021\/06\/reunion-gabinete-zoom-2048x1152.jpg",2048,1152,true],"covernews-slider-full":["https:\/\/infoecos.com.ar\/wp-content\/uploads\/2021\/06\/reunion-gabinete-zoom-1536x1020.jpg",1077,715,true],"covernews-slider-center":["https:\/\/infoecos.com.ar\/wp-content\/uploads\/2021\/06\/reunion-gabinete-zoom-936x897.jpg",522,500,true],"covernews-featured":["https:\/\/infoecos.com.ar\/wp-content\/uploads\/2021\/06\/reunion-gabinete-zoom-1024x576.jpg",1024,576,true],"covernews-medium":["https:\/\/infoecos.com.ar\/wp-content\/uploads\/2021\/06\/reunion-gabinete-zoom-720x380.jpg",540,285,true],"covernews-medium-square":["https:\/\/infoecos.com.ar\/wp-content\/uploads\/2021\/06\/reunion-gabinete-zoom-675x450.jpg",375,250,true]},"author_info":{"info":["Jorge Matheus"]},"category_info":"<a href=\"https:\/\/infoecos.com.ar\/index.php\/category\/c2nota2\/\" rel=\"category tag\">C2 N2<\/a>","tag_info":"C2 N2","comment_count":"0","_links":{"self":[{"href":"https:\/\/infoecos.com.ar\/index.php\/wp-json\/wp\/v2\/posts\/80133","targetHints":{"allow":["GET"]}}],"collection":[{"href":"https:\/\/infoecos.com.ar\/index.php\/wp-json\/wp\/v2\/posts"}],"about":[{"href":"https:\/\/infoecos.com.ar\/index.php\/wp-json\/wp\/v2\/types\/post"}],"author":[{"embeddable":true,"href":"https:\/\/infoecos.com.ar\/index.php\/wp-json\/wp\/v2\/users\/2"}],"replies":[{"embeddable":true,"href":"https:\/\/infoecos.com.ar\/index.php\/wp-json\/wp\/v2\/comments?post=80133"}],"version-history":[{"count":1,"href":"https:\/\/infoecos.com.ar\/index.php\/wp-json\/wp\/v2\/posts\/80133\/revisions"}],"predecessor-version":[{"id":80135,"href":"https:\/\/infoecos.com.ar\/index.php\/wp-json\/wp\/v2\/posts\/80133\/revisions\/80135"}],"wp:featuredmedia":[{"embeddable":true,"href":"https:\/\/infoecos.com.ar\/index.php\/wp-json\/wp\/v2\/media\/80134"}],"wp:attachment":[{"href":"https:\/\/infoecos.com.ar\/index.php\/wp-json\/wp\/v2\/media?parent=80133"}],"wp:term":[{"taxonomy":"category","embeddable":true,"href":"https:\/\/infoecos.com.ar\/index.php\/wp-json\/wp\/v2\/categories?post=80133"},{"taxonomy":"post_tag","embeddable":true,"href":"https:\/\/infoecos.com.ar\/index.php\/wp-json\/wp\/v2\/tags?post=80133"}],"curies":[{"name":"wp","href":"https:\/\/api.w.org\/{rel}","templated":true}]}}