{"id":80149,"date":"2021-06-25T01:06:48","date_gmt":"2021-06-25T04:06:48","guid":{"rendered":"http:\/\/infoecos.com.ar\/?p=80149"},"modified":"2021-06-25T01:06:49","modified_gmt":"2021-06-25T04:06:49","slug":"zurro-manteniendo-su-postura-critica-califico-de-llorones-a-los-intendentes-de-nueve-de-julio-y-trenque-lauquen","status":"publish","type":"post","link":"https:\/\/infoecos.com.ar\/index.php\/zurro-manteniendo-su-postura-critica-califico-de-llorones-a-los-intendentes-de-nueve-de-julio-y-trenque-lauquen\/","title":{"rendered":"Zurro manteniendo su postura cr\u00edtica: calific\u00f3 de \u00abllorones\u00bb a los intendentes de Nueve de Julio y Trenque Lauquen"},"content":{"rendered":"\n<p class=\"wp-block-paragraph\">El intendente municipal de Pehuaj\u00f3 habl\u00f3 de obras, pol\u00edtica y critic\u00f3 a Juntos por el Cambio calificando de &#8216;llor\u00f3n&#8217; a sus pares de Nueve de Julio y Trenque Lauquen, en declaraciones que formul\u00f3 al sitio cadenanueve.com.<\/p>\n\n\n\n<p class=\"wp-block-paragraph\">Fiel a su estilo, el mandatario comunal formul\u00f3 cuestionamientos a sus pares de los distritos mencionados, como as\u00ed tambi\u00e9n a Vidal y Macri.<\/p>\n\n\n\n<figure class=\"wp-block-embed is-type-video is-provider-youtube wp-block-embed-youtube wp-embed-aspect-16-9 wp-has-aspect-ratio\"><div class=\"wp-block-embed__wrapper\">\n<iframe loading=\"lazy\" title=\"Intendente de Pahuaj\u00f3, Pablo Zurro: &#039;Nueve de Julio se merece un gobierno nacional y popular&#039;\" width=\"640\" height=\"360\" src=\"https:\/\/www.youtube.com\/embed\/G7dbV6BpQL8?start=379&#038;feature=oembed\" frameborder=\"0\" allow=\"accelerometer; autoplay; clipboard-write; encrypted-media; gyroscope; picture-in-picture; web-share\" referrerpolicy=\"strict-origin-when-cross-origin\" allowfullscreen><\/iframe>\n<\/div><\/figure>\n","protected":false},"excerpt":{"rendered":"<p>Fiel a su estilo, el mandatario comunal formul\u00f3 cuestionamientos a sus pares de los distritos mencionados, como as\u00ed tambi\u00e9n a Vidal y Macri<\/p>\n","protected":false},"author":2,"featured_media":80150,"comment_status":"closed","ping_status":"open","sticky":false,"template":"","format":"standard","meta":{"footnotes":""},"categories":[50],"tags":[4023],"class_list":["post-80149","post","type-post","status-publish","format-standard","has-post-thumbnail","hentry","category-c1nota4","tag-declaraciones-a-cadena-nueve"],"featured_image_urls":{"full":["https:\/\/infoecos.com.ar\/wp-content\/uploads\/2021\/06\/zurropabloencadenanueve.jpg",1026,562,false],"thumbnail":["https:\/\/infoecos.com.ar\/wp-content\/uploads\/2021\/06\/zurropabloencadenanueve-150x150.jpg",150,150,true],"medium":["https:\/\/infoecos.com.ar\/wp-content\/uploads\/2021\/06\/zurropabloencadenanueve-460x252.jpg",460,252,true],"medium_large":["https:\/\/infoecos.com.ar\/wp-content\/uploads\/2021\/06\/zurropabloencadenanueve-768x421.jpg",640,351,true],"large":["https:\/\/infoecos.com.ar\/wp-content\/uploads\/2021\/06\/zurropabloencadenanueve-920x504.jpg",640,351,true],"1536x1536":["https:\/\/infoecos.com.ar\/wp-content\/uploads\/2021\/06\/zurropabloencadenanueve.jpg",1026,562,false],"2048x2048":["https:\/\/infoecos.com.ar\/wp-content\/uploads\/2021\/06\/zurropabloencadenanueve.jpg",1026,562,false],"covernews-slider-full":["https:\/\/infoecos.com.ar\/wp-content\/uploads\/2021\/06\/zurropabloencadenanueve.jpg",1026,562,false],"covernews-slider-center":["https:\/\/infoecos.com.ar\/wp-content\/uploads\/2021\/06\/zurropabloencadenanueve-936x562.jpg",800,480,true],"covernews-featured":["https:\/\/infoecos.com.ar\/wp-content\/uploads\/2021\/06\/zurropabloencadenanueve-1024x561.jpg",1024,561,true],"covernews-medium":["https:\/\/infoecos.com.ar\/wp-content\/uploads\/2021\/06\/zurropabloencadenanueve-720x380.jpg",540,285,true],"covernews-medium-square":["https:\/\/infoecos.com.ar\/wp-content\/uploads\/2021\/06\/zurropabloencadenanueve-675x450.jpg",375,250,true]},"author_info":{"info":["Jorge Matheus"]},"category_info":"<a href=\"https:\/\/infoecos.com.ar\/index.php\/category\/c1nota4\/\" rel=\"category tag\">C1 N4<\/a>","tag_info":"C1 N4","comment_count":"0","_links":{"self":[{"href":"https:\/\/infoecos.com.ar\/index.php\/wp-json\/wp\/v2\/posts\/80149","targetHints":{"allow":["GET"]}}],"collection":[{"href":"https:\/\/infoecos.com.ar\/index.php\/wp-json\/wp\/v2\/posts"}],"about":[{"href":"https:\/\/infoecos.com.ar\/index.php\/wp-json\/wp\/v2\/types\/post"}],"author":[{"embeddable":true,"href":"https:\/\/infoecos.com.ar\/index.php\/wp-json\/wp\/v2\/users\/2"}],"replies":[{"embeddable":true,"href":"https:\/\/infoecos.com.ar\/index.php\/wp-json\/wp\/v2\/comments?post=80149"}],"version-history":[{"count":1,"href":"https:\/\/infoecos.com.ar\/index.php\/wp-json\/wp\/v2\/posts\/80149\/revisions"}],"predecessor-version":[{"id":80151,"href":"https:\/\/infoecos.com.ar\/index.php\/wp-json\/wp\/v2\/posts\/80149\/revisions\/80151"}],"wp:featuredmedia":[{"embeddable":true,"href":"https:\/\/infoecos.com.ar\/index.php\/wp-json\/wp\/v2\/media\/80150"}],"wp:attachment":[{"href":"https:\/\/infoecos.com.ar\/index.php\/wp-json\/wp\/v2\/media?parent=80149"}],"wp:term":[{"taxonomy":"category","embeddable":true,"href":"https:\/\/infoecos.com.ar\/index.php\/wp-json\/wp\/v2\/categories?post=80149"},{"taxonomy":"post_tag","embeddable":true,"href":"https:\/\/infoecos.com.ar\/index.php\/wp-json\/wp\/v2\/tags?post=80149"}],"curies":[{"name":"wp","href":"https:\/\/api.w.org\/{rel}","templated":true}]}}