{"id":80154,"date":"2021-06-25T01:20:21","date_gmt":"2021-06-25T04:20:21","guid":{"rendered":"http:\/\/infoecos.com.ar\/?p=80154"},"modified":"2021-06-25T02:03:09","modified_gmt":"2021-06-25T05:03:09","slug":"el-doctor-bali-bucca-diputado-nacional-oriundo-de-bolivar-propuso-modificar-el-plan-estrategico-de-vacunacion-para-incluir-a-ninas-y-ninos-del-pais","status":"publish","type":"post","link":"https:\/\/infoecos.com.ar\/index.php\/el-doctor-bali-bucca-diputado-nacional-oriundo-de-bolivar-propuso-modificar-el-plan-estrategico-de-vacunacion-para-incluir-a-ninas-y-ninos-del-pais\/","title":{"rendered":"El doctor \u00abBali\u00bb Bucca, diputado nacional oriundo de Bol\u00edvar, propuso modificar el plan estrat\u00e9gico de vacunaci\u00f3n para incluir a ni\u00f1as y ni\u00f1os del pa\u00eds"},"content":{"rendered":"\n<p class=\"wp-block-paragraph\">El proyecto solicita al Poder Ejecutivo Nacional que se asegure la disponibilidad de vacunas destinadas a generar inmunidad contra el Covid-19 en la poblaci\u00f3n pedi\u00e1trica. En este sentido el legislador oriundo de Bol\u00edvar remarc\u00f3 que \u201ces necesario que realicemos HOY las acciones que permitan que pronto vacunemos masivamente a los menores en nuestro pa\u00eds. Solicitamos al gobierno modificar el Plan Estrat\u00e9gico de Vacunaci\u00f3n, con el fin de incluir las pautas de organizaci\u00f3n para vacunar ni\u00f1os, ni\u00f1as y adolescentes como poblaci\u00f3n objetivo\u201d.<\/p>\n\n\n\n<div class=\"wp-block-image\"><figure class=\"aligncenter size-medium\"><img loading=\"lazy\" decoding=\"async\" width=\"460\" height=\"307\" src=\"http:\/\/infoecos.com.ar\/wp-content\/uploads\/2020\/09\/buccabali-460x307.jpg\" alt=\"\" class=\"wp-image-67298\" srcset=\"https:\/\/infoecos.com.ar\/wp-content\/uploads\/2020\/09\/buccabali-460x307.jpg 460w, https:\/\/infoecos.com.ar\/wp-content\/uploads\/2020\/09\/buccabali-920x614.jpg 920w, https:\/\/infoecos.com.ar\/wp-content\/uploads\/2020\/09\/buccabali-768x512.jpg 768w, https:\/\/infoecos.com.ar\/wp-content\/uploads\/2020\/09\/buccabali-675x450.jpg 675w, https:\/\/infoecos.com.ar\/wp-content\/uploads\/2020\/09\/buccabali.jpg 1024w\" sizes=\"auto, (max-width: 460px) 100vw, 460px\" \/><\/figure><\/div>\n\n\n\n<p class=\"wp-block-paragraph\">\u201cAntes de la pandemia, en Argentina la mitad de los ni\u00f1os eran pobres. Hoy la situaci\u00f3n se agrav\u00f3 y se estima que en barrios vulnerables de la provincia de Buenos Aires, 9 de cada 10 ni\u00f1os y ni\u00f1as viven en la pobreza.&nbsp;Seg\u00fan UNICEF el escenario actual de pandemia ha provocado retrocesos importantes en las condiciones de vida de las familias y en particular de los ni\u00f1os, ni\u00f1as y adolescentes profundizando las diferencias y la falta de oportunidades en el acceso a una alimentaci\u00f3n saludable, a la educaci\u00f3n y a la salud, entre muchas otras cosas\u201d, resalt\u00f3 Bali Bucca.<\/p>\n\n\n\n<p class=\"wp-block-paragraph\">Algunas de las acciones que propuso el legislador en el proyecto apunta a promover las investigaciones y pruebas cl\u00ednicas de fase III, para demostrar eficacia y seguridad de vacunas contra la COVID-19 en la poblaci\u00f3n pedi\u00e1trica. \u201cEn Argentina tenemos los talentos cient\u00edficos y m\u00e9dicos necesarios para ser uno de los primeros pa\u00edses en desarrollar pruebas de fase III que garanticen la seguridad de las vacunas en los menores de 18 a\u00f1os.<em> <\/em>Por eso propongo que como pa\u00eds nos ofrezcamos, como ya lo hicimos el a\u00f1o pasado, para participar y as\u00ed agilizar estas pruebas para poder vacunarlos cuanto antes\u201d<em>,&nbsp;<\/em>destac\u00f3 el diputado.<\/p>\n\n\n\n<p class=\"wp-block-paragraph\">Adem\u00e1s plantea la inclusi\u00f3n de cl\u00e1usulas en los contratos de adquisici\u00f3n de vacunas, que garanticen planes de investigaci\u00f3n sobre seguridad y eficacia en menores de 18 a\u00f1os. Tambi\u00e9n realizar acuerdos para adquirir vacunas que generen inmunidad contra el Covid, que ya hayan demostrado seguridad y eficiencia en el sector antes mencionado.<\/p>\n\n\n\n<p class=\"wp-block-paragraph\">Por \u00faltimo Bucca hizo principal hincapi\u00e9 en modificar y ampliar el plan estrat\u00e9gico de vacunaci\u00f3n, para incluir dentro de la organizaci\u00f3n objetivo a ni\u00f1os, ni\u00f1as y adolescentes, que hoy no se los contempla. \u201cPresento este proyecto con el \u00e1nimo de poner adelante lo importante y anticiparse a la vacunaci\u00f3n masiva en ni\u00f1os y ni\u00f1as de nuestro pa\u00eds\u201d, concluy\u00f3 el diputado nacional.<\/p>\n","protected":false},"excerpt":{"rendered":"<p>Plantea la inclusi\u00f3n de cl\u00e1usulas en los contratos de adquisici\u00f3n de vacunas<\/p>\n","protected":false},"author":2,"featured_media":67298,"comment_status":"closed","ping_status":"open","sticky":false,"template":"","format":"standard","meta":{"footnotes":""},"categories":[198],"tags":[4025],"class_list":["post-80154","post","type-post","status-publish","format-standard","has-post-thumbnail","hentry","category-c1nota5","tag-proyecto-con-solicitud-al-ejecutivo"],"featured_image_urls":{"full":["https:\/\/infoecos.com.ar\/wp-content\/uploads\/2020\/09\/buccabali.jpg",1024,683,false],"thumbnail":["https:\/\/infoecos.com.ar\/wp-content\/uploads\/2020\/09\/buccabali-150x150.jpg",150,150,true],"medium":["https:\/\/infoecos.com.ar\/wp-content\/uploads\/2020\/09\/buccabali-460x307.jpg",460,307,true],"medium_large":["https:\/\/infoecos.com.ar\/wp-content\/uploads\/2020\/09\/buccabali-768x512.jpg",640,427,true],"large":["https:\/\/infoecos.com.ar\/wp-content\/uploads\/2020\/09\/buccabali-920x614.jpg",640,427,true],"1536x1536":["https:\/\/infoecos.com.ar\/wp-content\/uploads\/2020\/09\/buccabali.jpg",1024,683,false],"2048x2048":["https:\/\/infoecos.com.ar\/wp-content\/uploads\/2020\/09\/buccabali.jpg",1024,683,false],"covernews-slider-full":["https:\/\/infoecos.com.ar\/wp-content\/uploads\/2020\/09\/buccabali.jpg",1024,683,false],"covernews-slider-center":["https:\/\/infoecos.com.ar\/wp-content\/uploads\/2020\/09\/buccabali-936x683.jpg",685,500,true],"covernews-featured":["https:\/\/infoecos.com.ar\/wp-content\/uploads\/2020\/09\/buccabali.jpg",1024,683,false],"covernews-medium":["https:\/\/infoecos.com.ar\/wp-content\/uploads\/2020\/09\/buccabali-720x380.jpg",540,285,true],"covernews-medium-square":["https:\/\/infoecos.com.ar\/wp-content\/uploads\/2020\/09\/buccabali-675x450.jpg",375,250,true]},"author_info":{"info":["Jorge Matheus"]},"category_info":"<a href=\"https:\/\/infoecos.com.ar\/index.php\/category\/c1nota5\/\" rel=\"category tag\">C1 nota 5<\/a>","tag_info":"C1 nota 5","comment_count":"0","_links":{"self":[{"href":"https:\/\/infoecos.com.ar\/index.php\/wp-json\/wp\/v2\/posts\/80154","targetHints":{"allow":["GET"]}}],"collection":[{"href":"https:\/\/infoecos.com.ar\/index.php\/wp-json\/wp\/v2\/posts"}],"about":[{"href":"https:\/\/infoecos.com.ar\/index.php\/wp-json\/wp\/v2\/types\/post"}],"author":[{"embeddable":true,"href":"https:\/\/infoecos.com.ar\/index.php\/wp-json\/wp\/v2\/users\/2"}],"replies":[{"embeddable":true,"href":"https:\/\/infoecos.com.ar\/index.php\/wp-json\/wp\/v2\/comments?post=80154"}],"version-history":[{"count":2,"href":"https:\/\/infoecos.com.ar\/index.php\/wp-json\/wp\/v2\/posts\/80154\/revisions"}],"predecessor-version":[{"id":80174,"href":"https:\/\/infoecos.com.ar\/index.php\/wp-json\/wp\/v2\/posts\/80154\/revisions\/80174"}],"wp:featuredmedia":[{"embeddable":true,"href":"https:\/\/infoecos.com.ar\/index.php\/wp-json\/wp\/v2\/media\/67298"}],"wp:attachment":[{"href":"https:\/\/infoecos.com.ar\/index.php\/wp-json\/wp\/v2\/media?parent=80154"}],"wp:term":[{"taxonomy":"category","embeddable":true,"href":"https:\/\/infoecos.com.ar\/index.php\/wp-json\/wp\/v2\/categories?post=80154"},{"taxonomy":"post_tag","embeddable":true,"href":"https:\/\/infoecos.com.ar\/index.php\/wp-json\/wp\/v2\/tags?post=80154"}],"curies":[{"name":"wp","href":"https:\/\/api.w.org\/{rel}","templated":true}]}}