{"id":80199,"date":"2021-06-26T03:04:41","date_gmt":"2021-06-26T06:04:41","guid":{"rendered":"http:\/\/infoecos.com.ar\/?p=80199"},"modified":"2021-06-26T03:04:42","modified_gmt":"2021-06-26T06:04:42","slug":"leve-baja-en-la-cantidad-de-casos-activos-y-otro-fallecimiento-reporto-trenque-lauquen","status":"publish","type":"post","link":"https:\/\/infoecos.com.ar\/index.php\/leve-baja-en-la-cantidad-de-casos-activos-y-otro-fallecimiento-reporto-trenque-lauquen\/","title":{"rendered":"Leve baja en la cantidad de casos activos y otro fallecimiento report\u00f3 Trenque Lauquen"},"content":{"rendered":"\n<p class=\"wp-block-paragraph\">La subsecretar\u00eda de Salud municipal de Trenque Lauquen report\u00f3 este viernes 487 casos activos de Covid-19 en el distrito tras haberse confirmado 35 nuevos casos, un (1) deceso, 49 personas m\u00e1s recuperadas, 53 casos descartados, la derivaci\u00f3n de una paciente y la baja de un (1) caso del sistema estad\u00edstico del jueves por la tarde despu\u00e9s del cierre del reporte diario, adem\u00e1s de la existencia a la fecha de 117 casos sospechosos y 373 personas en aislamiento.<\/p>\n\n\n\n<div class=\"wp-block-image\"><figure class=\"aligncenter size-medium\"><img loading=\"lazy\" decoding=\"async\" width=\"460\" height=\"423\" src=\"http:\/\/infoecos.com.ar\/wp-content\/uploads\/2021\/06\/reporteviernes-2-460x423.jpg\" alt=\"\" class=\"wp-image-80200\" srcset=\"https:\/\/infoecos.com.ar\/wp-content\/uploads\/2021\/06\/reporteviernes-2-460x423.jpg 460w, https:\/\/infoecos.com.ar\/wp-content\/uploads\/2021\/06\/reporteviernes-2-768x706.jpg 768w, https:\/\/infoecos.com.ar\/wp-content\/uploads\/2021\/06\/reporteviernes-2.jpg 800w\" sizes=\"auto, (max-width: 460px) 100vw, 460px\" \/><\/figure><\/div>\n\n\n\n<p class=\"wp-block-paragraph\">De los 35 nuevos casos positivos, 13 fueron diagnosticados por testeo y 22 por nexo o criterio epidemiol\u00f3gico seg\u00fan protocolo actualizado, y 31 pertenecen a Trenque Lauquen y cuatro (4) a Treinta de Agosto, mientras que entre los 487 casos activos, 411 corresponden a Trenque Lauquen, 54 a Treinta de Agosto, 20 a Beruti y dos (2) a Garr\u00e9: 48 se encuentran internados en el Hospital Municipal, ocho (8) est\u00e1n en el Centro Extrahospitalario que funciona en el ex Hotel Pailla Hu\u00e9 y 431 en sus domicilios particulares.<\/p>\n\n\n\n<p class=\"wp-block-paragraph\">La persona fallecida es un hombre de 42 a\u00f1os, de Trenque Lauquen, que no presentaba comorbilidades declaradas y que hab\u00eda sido derivado. Desde el inicio de la pandemia, en marzo del a\u00f1o pasado, hasta ahora se registran 139 defunciones.<\/p>\n\n\n\n<p class=\"wp-block-paragraph\">Con las 49 personas recuperadas en las \u00faltimas 24 horas, 39 de Trenque Lauquen y diez (10) de Treinta de Agosto, son 7.161 las que recibieron el alta entre marzo del a\u00f1o pasado y hoy. Tambi\u00e9n en ese per\u00edodo se descartaron 12.948 casos, incluidos los 53 de la fecha, 45 de Trenque Lauquen, siete (7) de Treinta de Agosto y un (1) caso de Beruti.<\/p>\n\n\n\n<p class=\"wp-block-paragraph\">Hasta este viernes quedaban 117 casos sospechosos, 97 de la ciudad cabecera, 11 de Treinta de Agosto y nueve (9) de Beruti, y 373 personas en aislamiento, 319 de Trenque Lauquen, 39 de Treinta de Agosto y 15 de Beruti.<\/p>\n","protected":false},"excerpt":{"rendered":"<p>Entre los 487 casos activos, 411 corresponden a Trenque Lauquen, 54 a Treinta de Agosto, 20 a Beruti y dos (2) a Garr\u00e9<\/p>\n","protected":false},"author":2,"featured_media":61882,"comment_status":"closed","ping_status":"open","sticky":false,"template":"","format":"standard","meta":{"footnotes":""},"categories":[28],"tags":[1785],"class_list":["post-80199","post","type-post","status-publish","format-standard","has-post-thumbnail","hentry","category-c1nota1","tag-coronavirus"],"featured_image_urls":{"full":["https:\/\/infoecos.com.ar\/wp-content\/uploads\/Hospital-1080x675-1.jpg",1080,675,false],"thumbnail":["https:\/\/infoecos.com.ar\/wp-content\/uploads\/Hospital-1080x675-1-150x150.jpg",150,150,true],"medium":["https:\/\/infoecos.com.ar\/wp-content\/uploads\/Hospital-1080x675-1-460x288.jpg",460,288,true],"medium_large":["https:\/\/infoecos.com.ar\/wp-content\/uploads\/Hospital-1080x675-1-768x480.jpg",640,400,true],"large":["https:\/\/infoecos.com.ar\/wp-content\/uploads\/Hospital-1080x675-1-920x575.jpg",640,400,true],"1536x1536":["https:\/\/infoecos.com.ar\/wp-content\/uploads\/Hospital-1080x675-1.jpg",1080,675,false],"2048x2048":["https:\/\/infoecos.com.ar\/wp-content\/uploads\/Hospital-1080x675-1.jpg",1080,675,false],"covernews-slider-full":["https:\/\/infoecos.com.ar\/wp-content\/uploads\/Hospital-1080x675-1.jpg",1080,675,false],"covernews-slider-center":["https:\/\/infoecos.com.ar\/wp-content\/uploads\/Hospital-1080x675-1-936x675.jpg",693,500,true],"covernews-featured":["https:\/\/infoecos.com.ar\/wp-content\/uploads\/Hospital-1080x675-1-1024x640.jpg",1024,640,true],"covernews-medium":["https:\/\/infoecos.com.ar\/wp-content\/uploads\/Hospital-1080x675-1-720x380.jpg",540,285,true],"covernews-medium-square":["https:\/\/infoecos.com.ar\/wp-content\/uploads\/Hospital-1080x675-1-675x450.jpg",375,250,true]},"author_info":{"info":["Jorge Matheus"]},"category_info":"<a href=\"https:\/\/infoecos.com.ar\/index.php\/category\/c1nota1\/\" rel=\"category tag\">C1 N1<\/a>","tag_info":"C1 N1","comment_count":"0","_links":{"self":[{"href":"https:\/\/infoecos.com.ar\/index.php\/wp-json\/wp\/v2\/posts\/80199","targetHints":{"allow":["GET"]}}],"collection":[{"href":"https:\/\/infoecos.com.ar\/index.php\/wp-json\/wp\/v2\/posts"}],"about":[{"href":"https:\/\/infoecos.com.ar\/index.php\/wp-json\/wp\/v2\/types\/post"}],"author":[{"embeddable":true,"href":"https:\/\/infoecos.com.ar\/index.php\/wp-json\/wp\/v2\/users\/2"}],"replies":[{"embeddable":true,"href":"https:\/\/infoecos.com.ar\/index.php\/wp-json\/wp\/v2\/comments?post=80199"}],"version-history":[{"count":1,"href":"https:\/\/infoecos.com.ar\/index.php\/wp-json\/wp\/v2\/posts\/80199\/revisions"}],"predecessor-version":[{"id":80201,"href":"https:\/\/infoecos.com.ar\/index.php\/wp-json\/wp\/v2\/posts\/80199\/revisions\/80201"}],"wp:featuredmedia":[{"embeddable":true,"href":"https:\/\/infoecos.com.ar\/index.php\/wp-json\/wp\/v2\/media\/61882"}],"wp:attachment":[{"href":"https:\/\/infoecos.com.ar\/index.php\/wp-json\/wp\/v2\/media?parent=80199"}],"wp:term":[{"taxonomy":"category","embeddable":true,"href":"https:\/\/infoecos.com.ar\/index.php\/wp-json\/wp\/v2\/categories?post=80199"},{"taxonomy":"post_tag","embeddable":true,"href":"https:\/\/infoecos.com.ar\/index.php\/wp-json\/wp\/v2\/tags?post=80199"}],"curies":[{"name":"wp","href":"https:\/\/api.w.org\/{rel}","templated":true}]}}