{"id":80229,"date":"2021-06-26T03:58:29","date_gmt":"2021-06-26T06:58:29","guid":{"rendered":"http:\/\/infoecos.com.ar\/?p=80229"},"modified":"2021-06-28T03:47:04","modified_gmt":"2021-06-28T06:47:04","slug":"ya-no-da-para-mas-que-las-listas-de-jintos-por-el-cambio-las-integren-candidatos-de-la-capital-federal-dijo-gustavo-posse","status":"publish","type":"post","link":"https:\/\/infoecos.com.ar\/index.php\/ya-no-da-para-mas-que-las-listas-de-jintos-por-el-cambio-las-integren-candidatos-de-la-capital-federal-dijo-gustavo-posse\/","title":{"rendered":"\u00abYa no da para m\u00e1s que las listas de Juntos por el Cambio las integren candidatos de la Capital Federal\u00bb, dijo Gustavo Posse"},"content":{"rendered":"\n<p>El intendente de San Isidro, Gustavo Posse, afirm\u00f3 que \u201cya no da para m\u00e1s\u201d que las listas de Juntos por el Cambio en la provincia de Buenos Aires \u201clas integren candidatos de la Capital Federal\u201d.<\/p>\n\n\n\n<p>En declaraciones a <strong>Radio Provincia<\/strong> indic\u00f3 que encabezar\u00e1 una lista por el radicalismo y agreg\u00f3 que la posible incorporaci\u00f3n de Facundo Manes al partido \u201ces un buen aporte aunque a\u00fan no tom\u00f3 una decisi\u00f3n si ser\u00e1 candidato\u201d.<\/p>\n\n\n\n<div class=\"wp-block-image\"><figure class=\"aligncenter size-large\"><img decoding=\"async\" src=\"http:\/\/infoecos.com.ar\/wp-content\/uploads\/lTs2qsjA_400x400.jpg\" alt=\"\" class=\"wp-image-57184\"\/><figcaption>Posse, Gustavo<\/figcaption><\/figure><\/div>\n\n\n\n<p>Posse expres\u00f3 que su sector \u201cya formaliz\u00f3 la lista con gente de Buenos Aires y formada en la pol\u00edtica con conocimiento de la Provincia. Ser\u00e9 el primer candidato a diputado nacional\u201d.<\/p>\n\n\n\n<p>En relaci\u00f3n a la ex gobernadora Mar\u00eda Eugenia Vidal explic\u00f3 que \u201chubi\u00e9semos querido que fuera candidata en la provincia de Buenos Aires, pero son decisiones personales\u201d.<\/p>\n\n\n\n<p>Posse destac\u00f3 que presentaron \u201cuna lista en la Provincia para cambiar la historia de Buenos Aires y modificar la historia del pa\u00eds\u00bb.<\/p>\n","protected":false},"excerpt":{"rendered":"<p>Posse expres\u00f3 que su sector \u201cya formaliz\u00f3 la lista con gente de Buenos Aires y formada en la pol\u00edtica con conocimiento de la Provincia. Ser\u00e9 el primer candidato a diputado nacional\u201d<\/p>\n","protected":false},"author":2,"featured_media":57184,"comment_status":"closed","ping_status":"open","sticky":false,"template":"","format":"standard","meta":{"footnotes":""},"categories":[201],"tags":[4037],"class_list":["post-80229","post","type-post","status-publish","format-standard","has-post-thumbnail","hentry","category-inferior9","tag-se-postulara-como-diputado-nacional"],"yoast_head":"<!-- This site is optimized with the Yoast SEO plugin v23.4 - https:\/\/yoast.com\/wordpress\/plugins\/seo\/ -->\n<title>&quot;Ya no da para m\u00e1s que las listas de Juntos por el Cambio las integren candidatos de la Capital Federal&quot;, dijo Gustavo Posse - Infoecos<\/title>\n<meta name=\"robots\" content=\"index, follow, max-snippet:-1, max-image-preview:large, max-video-preview:-1\" \/>\n<link rel=\"canonical\" href=\"https:\/\/infoecos.com.ar\/index.php\/ya-no-da-para-mas-que-las-listas-de-jintos-por-el-cambio-las-integren-candidatos-de-la-capital-federal-dijo-gustavo-posse\/\" \/>\n<meta property=\"og:locale\" content=\"es_ES\" \/>\n<meta property=\"og:type\" content=\"article\" \/>\n<meta property=\"og:title\" content=\"&quot;Ya no da para m\u00e1s que las listas de Juntos por el Cambio las integren candidatos de la Capital Federal&quot;, dijo Gustavo Posse - Infoecos\" \/>\n<meta property=\"og:description\" content=\"Posse expres\u00f3 que su sector \u201cya formaliz\u00f3 la lista con gente de Buenos Aires y formada en la pol\u00edtica con conocimiento de la Provincia. Ser\u00e9 el primer candidato a diputado nacional\u201d\" \/>\n<meta property=\"og:url\" content=\"https:\/\/infoecos.com.ar\/index.php\/ya-no-da-para-mas-que-las-listas-de-jintos-por-el-cambio-las-integren-candidatos-de-la-capital-federal-dijo-gustavo-posse\/\" \/>\n<meta property=\"og:site_name\" content=\"Infoecos\" \/>\n<meta property=\"article:publisher\" content=\"https:\/\/www.facebook.com\/profile.php?id=100063200290284\" \/>\n<meta property=\"article:published_time\" content=\"2021-06-26T06:58:29+00:00\" \/>\n<meta property=\"article:modified_time\" content=\"2021-06-28T06:47:04+00:00\" \/>\n<meta property=\"og:image\" content=\"https:\/\/infoecos.com.ar\/wp-content\/uploads\/lTs2qsjA_400x400.jpg\" \/>\n\t<meta property=\"og:image:width\" content=\"400\" \/>\n\t<meta property=\"og:image:height\" content=\"400\" \/>\n\t<meta property=\"og:image:type\" content=\"image\/jpeg\" \/>\n<meta name=\"author\" content=\"Jorge Matheus\" \/>\n<meta name=\"twitter:card\" content=\"summary_large_image\" \/>\n<meta name=\"twitter:creator\" content=\"@infoecos\" \/>\n<meta name=\"twitter:site\" content=\"@infoecos\" \/>\n<meta name=\"twitter:label1\" content=\"Escrito por\" \/>\n\t<meta name=\"twitter:data1\" content=\"Jorge Matheus\" \/>\n\t<meta name=\"twitter:label2\" content=\"Tiempo de lectura\" \/>\n\t<meta name=\"twitter:data2\" content=\"1 minuto\" \/>\n<script type=\"application\/ld+json\" class=\"yoast-schema-graph\">{\"@context\":\"https:\/\/schema.org\",\"@graph\":[{\"@type\":\"Article\",\"@id\":\"https:\/\/infoecos.com.ar\/index.php\/ya-no-da-para-mas-que-las-listas-de-jintos-por-el-cambio-las-integren-candidatos-de-la-capital-federal-dijo-gustavo-posse\/#article\",\"isPartOf\":{\"@id\":\"https:\/\/infoecos.com.ar\/index.php\/ya-no-da-para-mas-que-las-listas-de-jintos-por-el-cambio-las-integren-candidatos-de-la-capital-federal-dijo-gustavo-posse\/\"},\"author\":{\"name\":\"Jorge Matheus\",\"@id\":\"https:\/\/infoecos.com.ar\/#\/schema\/person\/8f5ace5ce73b4b4aac4b7245aee6f191\"},\"headline\":\"\u00abYa no da para m\u00e1s que las listas de Juntos por el Cambio las integren candidatos de la Capital Federal\u00bb, dijo Gustavo Posse\",\"datePublished\":\"2021-06-26T06:58:29+00:00\",\"dateModified\":\"2021-06-28T06:47:04+00:00\",\"mainEntityOfPage\":{\"@id\":\"https:\/\/infoecos.com.ar\/index.php\/ya-no-da-para-mas-que-las-listas-de-jintos-por-el-cambio-las-integren-candidatos-de-la-capital-federal-dijo-gustavo-posse\/\"},\"wordCount\":186,\"publisher\":{\"@id\":\"https:\/\/infoecos.com.ar\/#organization\"},\"image\":{\"@id\":\"https:\/\/infoecos.com.ar\/index.php\/ya-no-da-para-mas-que-las-listas-de-jintos-por-el-cambio-las-integren-candidatos-de-la-capital-federal-dijo-gustavo-posse\/#primaryimage\"},\"thumbnailUrl\":\"\",\"keywords\":[\"se postular\u00e1 como diputado nacional\"],\"articleSection\":[\"Bloque inferior - 9\"],\"inLanguage\":\"es\"},{\"@type\":\"WebPage\",\"@id\":\"https:\/\/infoecos.com.ar\/index.php\/ya-no-da-para-mas-que-las-listas-de-jintos-por-el-cambio-las-integren-candidatos-de-la-capital-federal-dijo-gustavo-posse\/\",\"url\":\"https:\/\/infoecos.com.ar\/index.php\/ya-no-da-para-mas-que-las-listas-de-jintos-por-el-cambio-las-integren-candidatos-de-la-capital-federal-dijo-gustavo-posse\/\",\"name\":\"\\\"Ya no da para m\u00e1s que las listas de Juntos por el Cambio las integren candidatos de la Capital Federal\\\", dijo Gustavo Posse - Infoecos\",\"isPartOf\":{\"@id\":\"https:\/\/infoecos.com.ar\/#website\"},\"primaryImageOfPage\":{\"@id\":\"https:\/\/infoecos.com.ar\/index.php\/ya-no-da-para-mas-que-las-listas-de-jintos-por-el-cambio-las-integren-candidatos-de-la-capital-federal-dijo-gustavo-posse\/#primaryimage\"},\"image\":{\"@id\":\"https:\/\/infoecos.com.ar\/index.php\/ya-no-da-para-mas-que-las-listas-de-jintos-por-el-cambio-las-integren-candidatos-de-la-capital-federal-dijo-gustavo-posse\/#primaryimage\"},\"thumbnailUrl\":\"\",\"datePublished\":\"2021-06-26T06:58:29+00:00\",\"dateModified\":\"2021-06-28T06:47:04+00:00\",\"breadcrumb\":{\"@id\":\"https:\/\/infoecos.com.ar\/index.php\/ya-no-da-para-mas-que-las-listas-de-jintos-por-el-cambio-las-integren-candidatos-de-la-capital-federal-dijo-gustavo-posse\/#breadcrumb\"},\"inLanguage\":\"es\",\"potentialAction\":[{\"@type\":\"ReadAction\",\"target\":[\"https:\/\/infoecos.com.ar\/index.php\/ya-no-da-para-mas-que-las-listas-de-jintos-por-el-cambio-las-integren-candidatos-de-la-capital-federal-dijo-gustavo-posse\/\"]}]},{\"@type\":\"ImageObject\",\"inLanguage\":\"es\",\"@id\":\"https:\/\/infoecos.com.ar\/index.php\/ya-no-da-para-mas-que-las-listas-de-jintos-por-el-cambio-las-integren-candidatos-de-la-capital-federal-dijo-gustavo-posse\/#primaryimage\",\"url\":\"\",\"contentUrl\":\"\"},{\"@type\":\"BreadcrumbList\",\"@id\":\"https:\/\/infoecos.com.ar\/index.php\/ya-no-da-para-mas-que-las-listas-de-jintos-por-el-cambio-las-integren-candidatos-de-la-capital-federal-dijo-gustavo-posse\/#breadcrumb\",\"itemListElement\":[{\"@type\":\"ListItem\",\"position\":1,\"name\":\"Portada\",\"item\":\"https:\/\/infoecos.com.ar\/\"},{\"@type\":\"ListItem\",\"position\":2,\"name\":\"\u00abYa no da para m\u00e1s que las listas de Juntos por el Cambio las integren candidatos de la Capital Federal\u00bb, dijo Gustavo Posse\"}]},{\"@type\":\"WebSite\",\"@id\":\"https:\/\/infoecos.com.ar\/#website\",\"url\":\"https:\/\/infoecos.com.ar\/\",\"name\":\"Infoecos\",\"description\":\"Noticias de trenque lauquen y la zona\",\"publisher\":{\"@id\":\"https:\/\/infoecos.com.ar\/#organization\"},\"alternateName\":\"Noticias\",\"potentialAction\":[{\"@type\":\"SearchAction\",\"target\":{\"@type\":\"EntryPoint\",\"urlTemplate\":\"https:\/\/infoecos.com.ar\/?s={search_term_string}\"},\"query-input\":{\"@type\":\"PropertyValueSpecification\",\"valueRequired\":true,\"valueName\":\"search_term_string\"}}],\"inLanguage\":\"es\"},{\"@type\":\"Organization\",\"@id\":\"https:\/\/infoecos.com.ar\/#organization\",\"name\":\"Infoecos\",\"alternateName\":\"Noticias\",\"url\":\"https:\/\/infoecos.com.ar\/\",\"logo\":{\"@type\":\"ImageObject\",\"inLanguage\":\"es\",\"@id\":\"https:\/\/infoecos.com.ar\/#\/schema\/logo\/image\/\",\"url\":\"https:\/\/infoecos.com.ar\/wp-content\/uploads\/2024\/03\/cropped-logo.png\",\"contentUrl\":\"https:\/\/infoecos.com.ar\/wp-content\/uploads\/2024\/03\/cropped-logo.png\",\"width\":374,\"height\":90,\"caption\":\"Infoecos\"},\"image\":{\"@id\":\"https:\/\/infoecos.com.ar\/#\/schema\/logo\/image\/\"},\"sameAs\":[\"https:\/\/www.facebook.com\/profile.php?id=100063200290284\",\"https:\/\/x.com\/infoecos\"]},{\"@type\":\"Person\",\"@id\":\"https:\/\/infoecos.com.ar\/#\/schema\/person\/8f5ace5ce73b4b4aac4b7245aee6f191\",\"name\":\"Jorge Matheus\",\"url\":\"https:\/\/infoecos.com.ar\/index.php\/author\/jomatheus\/\"}]}<\/script>\n<!-- \/ Yoast SEO plugin. -->","yoast_head_json":{"title":"\"Ya no da para m\u00e1s que las listas de Juntos por el Cambio las integren candidatos de la Capital Federal\", dijo Gustavo Posse - Infoecos","robots":{"index":"index","follow":"follow","max-snippet":"max-snippet:-1","max-image-preview":"max-image-preview:large","max-video-preview":"max-video-preview:-1"},"canonical":"https:\/\/infoecos.com.ar\/index.php\/ya-no-da-para-mas-que-las-listas-de-jintos-por-el-cambio-las-integren-candidatos-de-la-capital-federal-dijo-gustavo-posse\/","og_locale":"es_ES","og_type":"article","og_title":"\"Ya no da para m\u00e1s que las listas de Juntos por el Cambio las integren candidatos de la Capital Federal\", dijo Gustavo Posse - Infoecos","og_description":"Posse expres\u00f3 que su sector \u201cya formaliz\u00f3 la lista con gente de Buenos Aires y formada en la pol\u00edtica con conocimiento de la Provincia. Ser\u00e9 el primer candidato a diputado nacional\u201d","og_url":"https:\/\/infoecos.com.ar\/index.php\/ya-no-da-para-mas-que-las-listas-de-jintos-por-el-cambio-las-integren-candidatos-de-la-capital-federal-dijo-gustavo-posse\/","og_site_name":"Infoecos","article_publisher":"https:\/\/www.facebook.com\/profile.php?id=100063200290284","article_published_time":"2021-06-26T06:58:29+00:00","article_modified_time":"2021-06-28T06:47:04+00:00","og_image":[{"width":400,"height":400,"url":"https:\/\/infoecos.com.ar\/wp-content\/uploads\/lTs2qsjA_400x400.jpg","type":"image\/jpeg"}],"author":"Jorge Matheus","twitter_card":"summary_large_image","twitter_creator":"@infoecos","twitter_site":"@infoecos","twitter_misc":{"Escrito por":"Jorge Matheus","Tiempo de lectura":"1 minuto"},"schema":{"@context":"https:\/\/schema.org","@graph":[{"@type":"Article","@id":"https:\/\/infoecos.com.ar\/index.php\/ya-no-da-para-mas-que-las-listas-de-jintos-por-el-cambio-las-integren-candidatos-de-la-capital-federal-dijo-gustavo-posse\/#article","isPartOf":{"@id":"https:\/\/infoecos.com.ar\/index.php\/ya-no-da-para-mas-que-las-listas-de-jintos-por-el-cambio-las-integren-candidatos-de-la-capital-federal-dijo-gustavo-posse\/"},"author":{"name":"Jorge Matheus","@id":"https:\/\/infoecos.com.ar\/#\/schema\/person\/8f5ace5ce73b4b4aac4b7245aee6f191"},"headline":"\u00abYa no da para m\u00e1s que las listas de Juntos por el Cambio las integren candidatos de la Capital Federal\u00bb, dijo Gustavo Posse","datePublished":"2021-06-26T06:58:29+00:00","dateModified":"2021-06-28T06:47:04+00:00","mainEntityOfPage":{"@id":"https:\/\/infoecos.com.ar\/index.php\/ya-no-da-para-mas-que-las-listas-de-jintos-por-el-cambio-las-integren-candidatos-de-la-capital-federal-dijo-gustavo-posse\/"},"wordCount":186,"publisher":{"@id":"https:\/\/infoecos.com.ar\/#organization"},"image":{"@id":"https:\/\/infoecos.com.ar\/index.php\/ya-no-da-para-mas-que-las-listas-de-jintos-por-el-cambio-las-integren-candidatos-de-la-capital-federal-dijo-gustavo-posse\/#primaryimage"},"thumbnailUrl":"","keywords":["se postular\u00e1 como diputado nacional"],"articleSection":["Bloque inferior - 9"],"inLanguage":"es"},{"@type":"WebPage","@id":"https:\/\/infoecos.com.ar\/index.php\/ya-no-da-para-mas-que-las-listas-de-jintos-por-el-cambio-las-integren-candidatos-de-la-capital-federal-dijo-gustavo-posse\/","url":"https:\/\/infoecos.com.ar\/index.php\/ya-no-da-para-mas-que-las-listas-de-jintos-por-el-cambio-las-integren-candidatos-de-la-capital-federal-dijo-gustavo-posse\/","name":"\"Ya no da para m\u00e1s que las listas de Juntos por el Cambio las integren candidatos de la Capital Federal\", dijo Gustavo Posse - Infoecos","isPartOf":{"@id":"https:\/\/infoecos.com.ar\/#website"},"primaryImageOfPage":{"@id":"https:\/\/infoecos.com.ar\/index.php\/ya-no-da-para-mas-que-las-listas-de-jintos-por-el-cambio-las-integren-candidatos-de-la-capital-federal-dijo-gustavo-posse\/#primaryimage"},"image":{"@id":"https:\/\/infoecos.com.ar\/index.php\/ya-no-da-para-mas-que-las-listas-de-jintos-por-el-cambio-las-integren-candidatos-de-la-capital-federal-dijo-gustavo-posse\/#primaryimage"},"thumbnailUrl":"","datePublished":"2021-06-26T06:58:29+00:00","dateModified":"2021-06-28T06:47:04+00:00","breadcrumb":{"@id":"https:\/\/infoecos.com.ar\/index.php\/ya-no-da-para-mas-que-las-listas-de-jintos-por-el-cambio-las-integren-candidatos-de-la-capital-federal-dijo-gustavo-posse\/#breadcrumb"},"inLanguage":"es","potentialAction":[{"@type":"ReadAction","target":["https:\/\/infoecos.com.ar\/index.php\/ya-no-da-para-mas-que-las-listas-de-jintos-por-el-cambio-las-integren-candidatos-de-la-capital-federal-dijo-gustavo-posse\/"]}]},{"@type":"ImageObject","inLanguage":"es","@id":"https:\/\/infoecos.com.ar\/index.php\/ya-no-da-para-mas-que-las-listas-de-jintos-por-el-cambio-las-integren-candidatos-de-la-capital-federal-dijo-gustavo-posse\/#primaryimage","url":"","contentUrl":""},{"@type":"BreadcrumbList","@id":"https:\/\/infoecos.com.ar\/index.php\/ya-no-da-para-mas-que-las-listas-de-jintos-por-el-cambio-las-integren-candidatos-de-la-capital-federal-dijo-gustavo-posse\/#breadcrumb","itemListElement":[{"@type":"ListItem","position":1,"name":"Portada","item":"https:\/\/infoecos.com.ar\/"},{"@type":"ListItem","position":2,"name":"\u00abYa no da para m\u00e1s que las listas de Juntos por el Cambio las integren candidatos de la Capital Federal\u00bb, dijo Gustavo Posse"}]},{"@type":"WebSite","@id":"https:\/\/infoecos.com.ar\/#website","url":"https:\/\/infoecos.com.ar\/","name":"Infoecos","description":"Noticias de trenque lauquen y la zona","publisher":{"@id":"https:\/\/infoecos.com.ar\/#organization"},"alternateName":"Noticias","potentialAction":[{"@type":"SearchAction","target":{"@type":"EntryPoint","urlTemplate":"https:\/\/infoecos.com.ar\/?s={search_term_string}"},"query-input":{"@type":"PropertyValueSpecification","valueRequired":true,"valueName":"search_term_string"}}],"inLanguage":"es"},{"@type":"Organization","@id":"https:\/\/infoecos.com.ar\/#organization","name":"Infoecos","alternateName":"Noticias","url":"https:\/\/infoecos.com.ar\/","logo":{"@type":"ImageObject","inLanguage":"es","@id":"https:\/\/infoecos.com.ar\/#\/schema\/logo\/image\/","url":"https:\/\/infoecos.com.ar\/wp-content\/uploads\/2024\/03\/cropped-logo.png","contentUrl":"https:\/\/infoecos.com.ar\/wp-content\/uploads\/2024\/03\/cropped-logo.png","width":374,"height":90,"caption":"Infoecos"},"image":{"@id":"https:\/\/infoecos.com.ar\/#\/schema\/logo\/image\/"},"sameAs":["https:\/\/www.facebook.com\/profile.php?id=100063200290284","https:\/\/x.com\/infoecos"]},{"@type":"Person","@id":"https:\/\/infoecos.com.ar\/#\/schema\/person\/8f5ace5ce73b4b4aac4b7245aee6f191","name":"Jorge Matheus","url":"https:\/\/infoecos.com.ar\/index.php\/author\/jomatheus\/"}]}},"featured_image_urls":{"full":"","thumbnail":"","medium":"","medium_large":"","large":"","1536x1536":"","2048x2048":"","covernews-slider-full":"","covernews-slider-center":"","covernews-featured":"","covernews-medium":"","covernews-medium-square":""},"author_info":{"info":["Jorge Matheus"]},"category_info":"<a href=\"https:\/\/infoecos.com.ar\/index.php\/category\/inferior9\/\" rel=\"category tag\">Bloque inferior - 9<\/a>","tag_info":"Bloque inferior - 9","comment_count":"0","_links":{"self":[{"href":"https:\/\/infoecos.com.ar\/index.php\/wp-json\/wp\/v2\/posts\/80229"}],"collection":[{"href":"https:\/\/infoecos.com.ar\/index.php\/wp-json\/wp\/v2\/posts"}],"about":[{"href":"https:\/\/infoecos.com.ar\/index.php\/wp-json\/wp\/v2\/types\/post"}],"author":[{"embeddable":true,"href":"https:\/\/infoecos.com.ar\/index.php\/wp-json\/wp\/v2\/users\/2"}],"replies":[{"embeddable":true,"href":"https:\/\/infoecos.com.ar\/index.php\/wp-json\/wp\/v2\/comments?post=80229"}],"version-history":[{"count":2,"href":"https:\/\/infoecos.com.ar\/index.php\/wp-json\/wp\/v2\/posts\/80229\/revisions"}],"predecessor-version":[{"id":80252,"href":"https:\/\/infoecos.com.ar\/index.php\/wp-json\/wp\/v2\/posts\/80229\/revisions\/80252"}],"wp:featuredmedia":[{"embeddable":true,"href":"https:\/\/infoecos.com.ar\/index.php\/wp-json\/"}],"wp:attachment":[{"href":"https:\/\/infoecos.com.ar\/index.php\/wp-json\/wp\/v2\/media?parent=80229"}],"wp:term":[{"taxonomy":"category","embeddable":true,"href":"https:\/\/infoecos.com.ar\/index.php\/wp-json\/wp\/v2\/categories?post=80229"},{"taxonomy":"post_tag","embeddable":true,"href":"https:\/\/infoecos.com.ar\/index.php\/wp-json\/wp\/v2\/tags?post=80229"}],"curies":[{"name":"wp","href":"https:\/\/api.w.org\/{rel}","templated":true}]}}