{"id":80231,"date":"2021-06-26T04:02:50","date_gmt":"2021-06-26T07:02:50","guid":{"rendered":"http:\/\/infoecos.com.ar\/?p=80231"},"modified":"2021-06-28T03:46:45","modified_gmt":"2021-06-28T06:46:45","slug":"se-abrieron-los-sobres-para-la-el-estabilizado-del-camino-entre-las-toscas-y-martinez-de-hoz","status":"publish","type":"post","link":"https:\/\/infoecos.com.ar\/index.php\/se-abrieron-los-sobres-para-la-el-estabilizado-del-camino-entre-las-toscas-y-martinez-de-hoz\/","title":{"rendered":"Se abrieron los sobres para el estabilizado del camino entre Las Toscas y Mart\u00ednez de Hoz"},"content":{"rendered":"\n<p>Se realiz\u00f3 el proceso licitatorio y la apertura de sobres para el estabilizado del camino que une las localidades de Mart\u00ednez de Hoz y Las Toscas. La obra abarcar\u00e1 una traza de 17 kil\u00f3metros correspondientes a la Ruta Provincial 70 y demandar\u00e1 una inversi\u00f3n de casi $80.000.000.&nbsp;<\/p>\n\n\n\n<div class=\"wp-block-image\"><figure class=\"aligncenter size-medium\"><img decoding=\"async\" src=\"http:\/\/infoecos.com.ar\/wp-content\/uploads\/Las-toscas-460x295.jpg\" alt=\"\" class=\"wp-image-44147\"\/><figcaption>Las Toscas<\/figcaption><\/figure><\/div>\n\n\n\n<p>De manera virtual, la Direcci\u00f3n de Vialidad, dependiente de la Subsecretar\u00eda de Obras P\u00fablicas de la provincia de Buenos Aires, llev\u00f3 a cabo la apertura de sobres de diferentes licitaciones de obras viales, entre las que se encuentra la correspondiente al camino que une las mencionadas localidades del distrito de Lincoln.&nbsp;<\/p>\n\n\n\n<p>La ejecuci\u00f3n de los trabajos estar\u00e1 a cargo de entidad provincial y atender\u00e1 un hist\u00f3rico reclamo de los vecinos de la zona.<\/p>\n","protected":false},"excerpt":{"rendered":"<p>La obra abarcar\u00e1 una traza de 17 kil\u00f3metros correspondientes a la Ruta Provincial 70 y demandar\u00e1 una inversi\u00f3n de casi $80.000.000. <\/p>\n","protected":false},"author":2,"featured_media":26005,"comment_status":"closed","ping_status":"open","sticky":false,"template":"","format":"standard","meta":{"footnotes":""},"categories":[200],"tags":[1196],"class_list":["post-80231","post","type-post","status-publish","format-standard","has-post-thumbnail","hentry","category-inferior8","tag-obras-viales"],"yoast_head":"<!-- This site is optimized with the Yoast SEO plugin v23.4 - https:\/\/yoast.com\/wordpress\/plugins\/seo\/ -->\n<title>Se abrieron los sobres para el estabilizado del camino entre Las Toscas y Mart\u00ednez de Hoz - Infoecos<\/title>\n<meta name=\"robots\" content=\"index, follow, max-snippet:-1, max-image-preview:large, max-video-preview:-1\" \/>\n<link rel=\"canonical\" href=\"https:\/\/infoecos.com.ar\/index.php\/se-abrieron-los-sobres-para-la-el-estabilizado-del-camino-entre-las-toscas-y-martinez-de-hoz\/\" \/>\n<meta property=\"og:locale\" content=\"es_ES\" \/>\n<meta property=\"og:type\" content=\"article\" \/>\n<meta property=\"og:title\" content=\"Se abrieron los sobres para el estabilizado del camino entre Las Toscas y Mart\u00ednez de Hoz - Infoecos\" \/>\n<meta property=\"og:description\" content=\"La obra abarcar\u00e1 una traza de 17 kil\u00f3metros correspondientes a la Ruta Provincial 70 y demandar\u00e1 una inversi\u00f3n de casi $80.000.000.\" \/>\n<meta property=\"og:url\" content=\"https:\/\/infoecos.com.ar\/index.php\/se-abrieron-los-sobres-para-la-el-estabilizado-del-camino-entre-las-toscas-y-martinez-de-hoz\/\" \/>\n<meta property=\"og:site_name\" content=\"Infoecos\" \/>\n<meta property=\"article:publisher\" content=\"https:\/\/www.facebook.com\/profile.php?id=100063200290284\" \/>\n<meta property=\"article:published_time\" content=\"2021-06-26T07:02:50+00:00\" \/>\n<meta property=\"article:modified_time\" content=\"2021-06-28T06:46:45+00:00\" \/>\n<meta property=\"og:image\" content=\"https:\/\/infoecos.com.ar\/wp-content\/uploads\/descarga15.jpg\" \/>\n\t<meta property=\"og:image:width\" content=\"259\" \/>\n\t<meta property=\"og:image:height\" content=\"194\" \/>\n\t<meta property=\"og:image:type\" content=\"image\/jpeg\" \/>\n<meta name=\"author\" content=\"Jorge Matheus\" \/>\n<meta name=\"twitter:card\" content=\"summary_large_image\" \/>\n<meta name=\"twitter:creator\" content=\"@infoecos\" \/>\n<meta name=\"twitter:site\" content=\"@infoecos\" \/>\n<meta name=\"twitter:label1\" content=\"Escrito por\" \/>\n\t<meta name=\"twitter:data1\" content=\"Jorge Matheus\" \/>\n\t<meta name=\"twitter:label2\" content=\"Tiempo de lectura\" \/>\n\t<meta name=\"twitter:data2\" content=\"1 minuto\" \/>\n<script type=\"application\/ld+json\" class=\"yoast-schema-graph\">{\"@context\":\"https:\/\/schema.org\",\"@graph\":[{\"@type\":\"Article\",\"@id\":\"https:\/\/infoecos.com.ar\/index.php\/se-abrieron-los-sobres-para-la-el-estabilizado-del-camino-entre-las-toscas-y-martinez-de-hoz\/#article\",\"isPartOf\":{\"@id\":\"https:\/\/infoecos.com.ar\/index.php\/se-abrieron-los-sobres-para-la-el-estabilizado-del-camino-entre-las-toscas-y-martinez-de-hoz\/\"},\"author\":{\"name\":\"Jorge Matheus\",\"@id\":\"https:\/\/infoecos.com.ar\/#\/schema\/person\/8f5ace5ce73b4b4aac4b7245aee6f191\"},\"headline\":\"Se abrieron los sobres para el estabilizado del camino entre Las Toscas y Mart\u00ednez de Hoz\",\"datePublished\":\"2021-06-26T07:02:50+00:00\",\"dateModified\":\"2021-06-28T06:46:45+00:00\",\"mainEntityOfPage\":{\"@id\":\"https:\/\/infoecos.com.ar\/index.php\/se-abrieron-los-sobres-para-la-el-estabilizado-del-camino-entre-las-toscas-y-martinez-de-hoz\/\"},\"wordCount\":146,\"publisher\":{\"@id\":\"https:\/\/infoecos.com.ar\/#organization\"},\"image\":{\"@id\":\"https:\/\/infoecos.com.ar\/index.php\/se-abrieron-los-sobres-para-la-el-estabilizado-del-camino-entre-las-toscas-y-martinez-de-hoz\/#primaryimage\"},\"thumbnailUrl\":\"\",\"keywords\":[\"OBRAS VIALES\"],\"articleSection\":[\"Bloque inferior - 8\"],\"inLanguage\":\"es\"},{\"@type\":\"WebPage\",\"@id\":\"https:\/\/infoecos.com.ar\/index.php\/se-abrieron-los-sobres-para-la-el-estabilizado-del-camino-entre-las-toscas-y-martinez-de-hoz\/\",\"url\":\"https:\/\/infoecos.com.ar\/index.php\/se-abrieron-los-sobres-para-la-el-estabilizado-del-camino-entre-las-toscas-y-martinez-de-hoz\/\",\"name\":\"Se abrieron los sobres para el estabilizado del camino entre Las Toscas y Mart\u00ednez de Hoz - Infoecos\",\"isPartOf\":{\"@id\":\"https:\/\/infoecos.com.ar\/#website\"},\"primaryImageOfPage\":{\"@id\":\"https:\/\/infoecos.com.ar\/index.php\/se-abrieron-los-sobres-para-la-el-estabilizado-del-camino-entre-las-toscas-y-martinez-de-hoz\/#primaryimage\"},\"image\":{\"@id\":\"https:\/\/infoecos.com.ar\/index.php\/se-abrieron-los-sobres-para-la-el-estabilizado-del-camino-entre-las-toscas-y-martinez-de-hoz\/#primaryimage\"},\"thumbnailUrl\":\"\",\"datePublished\":\"2021-06-26T07:02:50+00:00\",\"dateModified\":\"2021-06-28T06:46:45+00:00\",\"breadcrumb\":{\"@id\":\"https:\/\/infoecos.com.ar\/index.php\/se-abrieron-los-sobres-para-la-el-estabilizado-del-camino-entre-las-toscas-y-martinez-de-hoz\/#breadcrumb\"},\"inLanguage\":\"es\",\"potentialAction\":[{\"@type\":\"ReadAction\",\"target\":[\"https:\/\/infoecos.com.ar\/index.php\/se-abrieron-los-sobres-para-la-el-estabilizado-del-camino-entre-las-toscas-y-martinez-de-hoz\/\"]}]},{\"@type\":\"ImageObject\",\"inLanguage\":\"es\",\"@id\":\"https:\/\/infoecos.com.ar\/index.php\/se-abrieron-los-sobres-para-la-el-estabilizado-del-camino-entre-las-toscas-y-martinez-de-hoz\/#primaryimage\",\"url\":\"\",\"contentUrl\":\"\"},{\"@type\":\"BreadcrumbList\",\"@id\":\"https:\/\/infoecos.com.ar\/index.php\/se-abrieron-los-sobres-para-la-el-estabilizado-del-camino-entre-las-toscas-y-martinez-de-hoz\/#breadcrumb\",\"itemListElement\":[{\"@type\":\"ListItem\",\"position\":1,\"name\":\"Portada\",\"item\":\"https:\/\/infoecos.com.ar\/\"},{\"@type\":\"ListItem\",\"position\":2,\"name\":\"Se abrieron los sobres para el estabilizado del camino entre Las Toscas y Mart\u00ednez de Hoz\"}]},{\"@type\":\"WebSite\",\"@id\":\"https:\/\/infoecos.com.ar\/#website\",\"url\":\"https:\/\/infoecos.com.ar\/\",\"name\":\"Infoecos\",\"description\":\"Noticias de trenque lauquen y la zona\",\"publisher\":{\"@id\":\"https:\/\/infoecos.com.ar\/#organization\"},\"alternateName\":\"Noticias\",\"potentialAction\":[{\"@type\":\"SearchAction\",\"target\":{\"@type\":\"EntryPoint\",\"urlTemplate\":\"https:\/\/infoecos.com.ar\/?s={search_term_string}\"},\"query-input\":{\"@type\":\"PropertyValueSpecification\",\"valueRequired\":true,\"valueName\":\"search_term_string\"}}],\"inLanguage\":\"es\"},{\"@type\":\"Organization\",\"@id\":\"https:\/\/infoecos.com.ar\/#organization\",\"name\":\"Infoecos\",\"alternateName\":\"Noticias\",\"url\":\"https:\/\/infoecos.com.ar\/\",\"logo\":{\"@type\":\"ImageObject\",\"inLanguage\":\"es\",\"@id\":\"https:\/\/infoecos.com.ar\/#\/schema\/logo\/image\/\",\"url\":\"https:\/\/infoecos.com.ar\/wp-content\/uploads\/2024\/03\/cropped-logo.png\",\"contentUrl\":\"https:\/\/infoecos.com.ar\/wp-content\/uploads\/2024\/03\/cropped-logo.png\",\"width\":374,\"height\":90,\"caption\":\"Infoecos\"},\"image\":{\"@id\":\"https:\/\/infoecos.com.ar\/#\/schema\/logo\/image\/\"},\"sameAs\":[\"https:\/\/www.facebook.com\/profile.php?id=100063200290284\",\"https:\/\/x.com\/infoecos\"]},{\"@type\":\"Person\",\"@id\":\"https:\/\/infoecos.com.ar\/#\/schema\/person\/8f5ace5ce73b4b4aac4b7245aee6f191\",\"name\":\"Jorge Matheus\",\"url\":\"https:\/\/infoecos.com.ar\/index.php\/author\/jomatheus\/\"}]}<\/script>\n<!-- \/ Yoast SEO plugin. -->","yoast_head_json":{"title":"Se abrieron los sobres para el estabilizado del camino entre Las Toscas y Mart\u00ednez de Hoz - Infoecos","robots":{"index":"index","follow":"follow","max-snippet":"max-snippet:-1","max-image-preview":"max-image-preview:large","max-video-preview":"max-video-preview:-1"},"canonical":"https:\/\/infoecos.com.ar\/index.php\/se-abrieron-los-sobres-para-la-el-estabilizado-del-camino-entre-las-toscas-y-martinez-de-hoz\/","og_locale":"es_ES","og_type":"article","og_title":"Se abrieron los sobres para el estabilizado del camino entre Las Toscas y Mart\u00ednez de Hoz - Infoecos","og_description":"La obra abarcar\u00e1 una traza de 17 kil\u00f3metros correspondientes a la Ruta Provincial 70 y demandar\u00e1 una inversi\u00f3n de casi $80.000.000.","og_url":"https:\/\/infoecos.com.ar\/index.php\/se-abrieron-los-sobres-para-la-el-estabilizado-del-camino-entre-las-toscas-y-martinez-de-hoz\/","og_site_name":"Infoecos","article_publisher":"https:\/\/www.facebook.com\/profile.php?id=100063200290284","article_published_time":"2021-06-26T07:02:50+00:00","article_modified_time":"2021-06-28T06:46:45+00:00","og_image":[{"width":259,"height":194,"url":"https:\/\/infoecos.com.ar\/wp-content\/uploads\/descarga15.jpg","type":"image\/jpeg"}],"author":"Jorge Matheus","twitter_card":"summary_large_image","twitter_creator":"@infoecos","twitter_site":"@infoecos","twitter_misc":{"Escrito por":"Jorge Matheus","Tiempo de lectura":"1 minuto"},"schema":{"@context":"https:\/\/schema.org","@graph":[{"@type":"Article","@id":"https:\/\/infoecos.com.ar\/index.php\/se-abrieron-los-sobres-para-la-el-estabilizado-del-camino-entre-las-toscas-y-martinez-de-hoz\/#article","isPartOf":{"@id":"https:\/\/infoecos.com.ar\/index.php\/se-abrieron-los-sobres-para-la-el-estabilizado-del-camino-entre-las-toscas-y-martinez-de-hoz\/"},"author":{"name":"Jorge Matheus","@id":"https:\/\/infoecos.com.ar\/#\/schema\/person\/8f5ace5ce73b4b4aac4b7245aee6f191"},"headline":"Se abrieron los sobres para el estabilizado del camino entre Las Toscas y Mart\u00ednez de Hoz","datePublished":"2021-06-26T07:02:50+00:00","dateModified":"2021-06-28T06:46:45+00:00","mainEntityOfPage":{"@id":"https:\/\/infoecos.com.ar\/index.php\/se-abrieron-los-sobres-para-la-el-estabilizado-del-camino-entre-las-toscas-y-martinez-de-hoz\/"},"wordCount":146,"publisher":{"@id":"https:\/\/infoecos.com.ar\/#organization"},"image":{"@id":"https:\/\/infoecos.com.ar\/index.php\/se-abrieron-los-sobres-para-la-el-estabilizado-del-camino-entre-las-toscas-y-martinez-de-hoz\/#primaryimage"},"thumbnailUrl":"","keywords":["OBRAS VIALES"],"articleSection":["Bloque inferior - 8"],"inLanguage":"es"},{"@type":"WebPage","@id":"https:\/\/infoecos.com.ar\/index.php\/se-abrieron-los-sobres-para-la-el-estabilizado-del-camino-entre-las-toscas-y-martinez-de-hoz\/","url":"https:\/\/infoecos.com.ar\/index.php\/se-abrieron-los-sobres-para-la-el-estabilizado-del-camino-entre-las-toscas-y-martinez-de-hoz\/","name":"Se abrieron los sobres para el estabilizado del camino entre Las Toscas y Mart\u00ednez de Hoz - Infoecos","isPartOf":{"@id":"https:\/\/infoecos.com.ar\/#website"},"primaryImageOfPage":{"@id":"https:\/\/infoecos.com.ar\/index.php\/se-abrieron-los-sobres-para-la-el-estabilizado-del-camino-entre-las-toscas-y-martinez-de-hoz\/#primaryimage"},"image":{"@id":"https:\/\/infoecos.com.ar\/index.php\/se-abrieron-los-sobres-para-la-el-estabilizado-del-camino-entre-las-toscas-y-martinez-de-hoz\/#primaryimage"},"thumbnailUrl":"","datePublished":"2021-06-26T07:02:50+00:00","dateModified":"2021-06-28T06:46:45+00:00","breadcrumb":{"@id":"https:\/\/infoecos.com.ar\/index.php\/se-abrieron-los-sobres-para-la-el-estabilizado-del-camino-entre-las-toscas-y-martinez-de-hoz\/#breadcrumb"},"inLanguage":"es","potentialAction":[{"@type":"ReadAction","target":["https:\/\/infoecos.com.ar\/index.php\/se-abrieron-los-sobres-para-la-el-estabilizado-del-camino-entre-las-toscas-y-martinez-de-hoz\/"]}]},{"@type":"ImageObject","inLanguage":"es","@id":"https:\/\/infoecos.com.ar\/index.php\/se-abrieron-los-sobres-para-la-el-estabilizado-del-camino-entre-las-toscas-y-martinez-de-hoz\/#primaryimage","url":"","contentUrl":""},{"@type":"BreadcrumbList","@id":"https:\/\/infoecos.com.ar\/index.php\/se-abrieron-los-sobres-para-la-el-estabilizado-del-camino-entre-las-toscas-y-martinez-de-hoz\/#breadcrumb","itemListElement":[{"@type":"ListItem","position":1,"name":"Portada","item":"https:\/\/infoecos.com.ar\/"},{"@type":"ListItem","position":2,"name":"Se abrieron los sobres para el estabilizado del camino entre Las Toscas y Mart\u00ednez de Hoz"}]},{"@type":"WebSite","@id":"https:\/\/infoecos.com.ar\/#website","url":"https:\/\/infoecos.com.ar\/","name":"Infoecos","description":"Noticias de trenque lauquen y la zona","publisher":{"@id":"https:\/\/infoecos.com.ar\/#organization"},"alternateName":"Noticias","potentialAction":[{"@type":"SearchAction","target":{"@type":"EntryPoint","urlTemplate":"https:\/\/infoecos.com.ar\/?s={search_term_string}"},"query-input":{"@type":"PropertyValueSpecification","valueRequired":true,"valueName":"search_term_string"}}],"inLanguage":"es"},{"@type":"Organization","@id":"https:\/\/infoecos.com.ar\/#organization","name":"Infoecos","alternateName":"Noticias","url":"https:\/\/infoecos.com.ar\/","logo":{"@type":"ImageObject","inLanguage":"es","@id":"https:\/\/infoecos.com.ar\/#\/schema\/logo\/image\/","url":"https:\/\/infoecos.com.ar\/wp-content\/uploads\/2024\/03\/cropped-logo.png","contentUrl":"https:\/\/infoecos.com.ar\/wp-content\/uploads\/2024\/03\/cropped-logo.png","width":374,"height":90,"caption":"Infoecos"},"image":{"@id":"https:\/\/infoecos.com.ar\/#\/schema\/logo\/image\/"},"sameAs":["https:\/\/www.facebook.com\/profile.php?id=100063200290284","https:\/\/x.com\/infoecos"]},{"@type":"Person","@id":"https:\/\/infoecos.com.ar\/#\/schema\/person\/8f5ace5ce73b4b4aac4b7245aee6f191","name":"Jorge Matheus","url":"https:\/\/infoecos.com.ar\/index.php\/author\/jomatheus\/"}]}},"featured_image_urls":{"full":"","thumbnail":"","medium":"","medium_large":"","large":"","1536x1536":"","2048x2048":"","covernews-slider-full":"","covernews-slider-center":"","covernews-featured":"","covernews-medium":"","covernews-medium-square":""},"author_info":{"info":["Jorge Matheus"]},"category_info":"<a href=\"https:\/\/infoecos.com.ar\/index.php\/category\/inferior8\/\" rel=\"category tag\">Bloque inferior - 8<\/a>","tag_info":"Bloque inferior - 8","comment_count":"0","_links":{"self":[{"href":"https:\/\/infoecos.com.ar\/index.php\/wp-json\/wp\/v2\/posts\/80231"}],"collection":[{"href":"https:\/\/infoecos.com.ar\/index.php\/wp-json\/wp\/v2\/posts"}],"about":[{"href":"https:\/\/infoecos.com.ar\/index.php\/wp-json\/wp\/v2\/types\/post"}],"author":[{"embeddable":true,"href":"https:\/\/infoecos.com.ar\/index.php\/wp-json\/wp\/v2\/users\/2"}],"replies":[{"embeddable":true,"href":"https:\/\/infoecos.com.ar\/index.php\/wp-json\/wp\/v2\/comments?post=80231"}],"version-history":[{"count":2,"href":"https:\/\/infoecos.com.ar\/index.php\/wp-json\/wp\/v2\/posts\/80231\/revisions"}],"predecessor-version":[{"id":80251,"href":"https:\/\/infoecos.com.ar\/index.php\/wp-json\/wp\/v2\/posts\/80231\/revisions\/80251"}],"wp:featuredmedia":[{"embeddable":true,"href":"https:\/\/infoecos.com.ar\/index.php\/wp-json\/"}],"wp:attachment":[{"href":"https:\/\/infoecos.com.ar\/index.php\/wp-json\/wp\/v2\/media?parent=80231"}],"wp:term":[{"taxonomy":"category","embeddable":true,"href":"https:\/\/infoecos.com.ar\/index.php\/wp-json\/wp\/v2\/categories?post=80231"},{"taxonomy":"post_tag","embeddable":true,"href":"https:\/\/infoecos.com.ar\/index.php\/wp-json\/wp\/v2\/tags?post=80231"}],"curies":[{"name":"wp","href":"https:\/\/api.w.org\/{rel}","templated":true}]}}