{"id":80239,"date":"2021-06-26T04:27:56","date_gmt":"2021-06-26T07:27:56","guid":{"rendered":"http:\/\/infoecos.com.ar\/?p=80239"},"modified":"2021-06-28T03:45:36","modified_gmt":"2021-06-28T06:45:36","slug":"los-secretarios-de-produccion-del-oeste-se-reunieron-en-pellegrini","status":"publish","type":"post","link":"https:\/\/infoecos.com.ar\/index.php\/los-secretarios-de-produccion-del-oeste-se-reunieron-en-pellegrini\/","title":{"rendered":"Los secretarios de Producci\u00f3n del Oeste se reunieron en Pellegrini"},"content":{"rendered":"\n<p class=\"wp-block-paragraph\">Se realiz\u00f3 el jueves una reuni\u00f3n con los Secretarios del Oeste Bonaerense en el marco de la Red de Innovaci\u00f3n Local (RIL).<\/p>\n\n\n\n<div class=\"wp-block-image\"><figure class=\"aligncenter size-medium\"><img loading=\"lazy\" decoding=\"async\" width=\"460\" height=\"212\" src=\"http:\/\/infoecos.com.ar\/wp-content\/uploads\/2021\/06\/WhatsApp-Image-2021-06-25-at-08.11.44-460x212.jpeg\" alt=\"\" class=\"wp-image-80240\" srcset=\"https:\/\/infoecos.com.ar\/wp-content\/uploads\/2021\/06\/WhatsApp-Image-2021-06-25-at-08.11.44-460x212.jpeg 460w, https:\/\/infoecos.com.ar\/wp-content\/uploads\/2021\/06\/WhatsApp-Image-2021-06-25-at-08.11.44-920x424.jpeg 920w, https:\/\/infoecos.com.ar\/wp-content\/uploads\/2021\/06\/WhatsApp-Image-2021-06-25-at-08.11.44-768x354.jpeg 768w, https:\/\/infoecos.com.ar\/wp-content\/uploads\/2021\/06\/WhatsApp-Image-2021-06-25-at-08.11.44-1024x472.jpeg 1024w, https:\/\/infoecos.com.ar\/wp-content\/uploads\/2021\/06\/WhatsApp-Image-2021-06-25-at-08.11.44.jpeg 1280w\" sizes=\"auto, (max-width: 460px) 100vw, 460px\" \/><figcaption>Reuni\u00f3n RIL<\/figcaption><\/figure><\/div>\n\n\n\n<p class=\"wp-block-paragraph\">Se trabaj\u00f3 sobre el proyecto de regionalizaci\u00f3n vinculado a Mi Pymes y se plantearon las acciones a desarrollar entre y en los Municipios participantes de la red de acuerdo a las necesidades locales.<\/p>\n\n\n\n<p class=\"wp-block-paragraph\">La jornada se desarroll\u00f3 en Pellegrini con la coordinaci\u00f3n del representante de RIL, Gast\u00f3n Lastra.&nbsp;<\/p>\n","protected":false},"excerpt":{"rendered":"<p>Se trabaj\u00f3 sobre el proyecto de regionalizaci\u00f3n vinculado a Mi Pymes y se plantearon las acciones a desarrollar entre y en los Municipios participantes de la red de acuerdo a las necesidades locales<\/p>\n","protected":false},"author":2,"featured_media":80240,"comment_status":"closed","ping_status":"open","sticky":false,"template":"","format":"standard","meta":{"footnotes":""},"categories":[44],"tags":[4041],"class_list":["post-80239","post","type-post","status-publish","format-standard","has-post-thumbnail","hentry","category-inferior5","tag-fue-el-jueves"],"featured_image_urls":{"full":["https:\/\/infoecos.com.ar\/wp-content\/uploads\/2021\/06\/WhatsApp-Image-2021-06-25-at-08.11.44.jpeg",1280,590,false],"thumbnail":["https:\/\/infoecos.com.ar\/wp-content\/uploads\/2021\/06\/WhatsApp-Image-2021-06-25-at-08.11.44-150x150.jpeg",150,150,true],"medium":["https:\/\/infoecos.com.ar\/wp-content\/uploads\/2021\/06\/WhatsApp-Image-2021-06-25-at-08.11.44-460x212.jpeg",460,212,true],"medium_large":["https:\/\/infoecos.com.ar\/wp-content\/uploads\/2021\/06\/WhatsApp-Image-2021-06-25-at-08.11.44-768x354.jpeg",640,295,true],"large":["https:\/\/infoecos.com.ar\/wp-content\/uploads\/2021\/06\/WhatsApp-Image-2021-06-25-at-08.11.44-920x424.jpeg",640,295,true],"1536x1536":["https:\/\/infoecos.com.ar\/wp-content\/uploads\/2021\/06\/WhatsApp-Image-2021-06-25-at-08.11.44.jpeg",1280,590,false],"2048x2048":["https:\/\/infoecos.com.ar\/wp-content\/uploads\/2021\/06\/WhatsApp-Image-2021-06-25-at-08.11.44.jpeg",1280,590,false],"covernews-slider-full":["https:\/\/infoecos.com.ar\/wp-content\/uploads\/2021\/06\/WhatsApp-Image-2021-06-25-at-08.11.44.jpeg",1115,514,false],"covernews-slider-center":["https:\/\/infoecos.com.ar\/wp-content\/uploads\/2021\/06\/WhatsApp-Image-2021-06-25-at-08.11.44-936x590.jpeg",793,500,true],"covernews-featured":["https:\/\/infoecos.com.ar\/wp-content\/uploads\/2021\/06\/WhatsApp-Image-2021-06-25-at-08.11.44-1024x472.jpeg",1024,472,true],"covernews-medium":["https:\/\/infoecos.com.ar\/wp-content\/uploads\/2021\/06\/WhatsApp-Image-2021-06-25-at-08.11.44-720x380.jpeg",540,285,true],"covernews-medium-square":["https:\/\/infoecos.com.ar\/wp-content\/uploads\/2021\/06\/WhatsApp-Image-2021-06-25-at-08.11.44-675x450.jpeg",375,250,true]},"author_info":{"info":["Jorge Matheus"]},"category_info":"<a href=\"https:\/\/infoecos.com.ar\/index.php\/category\/inferior5\/\" rel=\"category tag\">Bloque inferior - 5<\/a>","tag_info":"Bloque inferior - 5","comment_count":"0","_links":{"self":[{"href":"https:\/\/infoecos.com.ar\/index.php\/wp-json\/wp\/v2\/posts\/80239","targetHints":{"allow":["GET"]}}],"collection":[{"href":"https:\/\/infoecos.com.ar\/index.php\/wp-json\/wp\/v2\/posts"}],"about":[{"href":"https:\/\/infoecos.com.ar\/index.php\/wp-json\/wp\/v2\/types\/post"}],"author":[{"embeddable":true,"href":"https:\/\/infoecos.com.ar\/index.php\/wp-json\/wp\/v2\/users\/2"}],"replies":[{"embeddable":true,"href":"https:\/\/infoecos.com.ar\/index.php\/wp-json\/wp\/v2\/comments?post=80239"}],"version-history":[{"count":2,"href":"https:\/\/infoecos.com.ar\/index.php\/wp-json\/wp\/v2\/posts\/80239\/revisions"}],"predecessor-version":[{"id":80330,"href":"https:\/\/infoecos.com.ar\/index.php\/wp-json\/wp\/v2\/posts\/80239\/revisions\/80330"}],"wp:featuredmedia":[{"embeddable":true,"href":"https:\/\/infoecos.com.ar\/index.php\/wp-json\/wp\/v2\/media\/80240"}],"wp:attachment":[{"href":"https:\/\/infoecos.com.ar\/index.php\/wp-json\/wp\/v2\/media?parent=80239"}],"wp:term":[{"taxonomy":"category","embeddable":true,"href":"https:\/\/infoecos.com.ar\/index.php\/wp-json\/wp\/v2\/categories?post=80239"},{"taxonomy":"post_tag","embeddable":true,"href":"https:\/\/infoecos.com.ar\/index.php\/wp-json\/wp\/v2\/tags?post=80239"}],"curies":[{"name":"wp","href":"https:\/\/api.w.org\/{rel}","templated":true}]}}