{"id":80247,"date":"2021-06-26T04:45:14","date_gmt":"2021-06-26T07:45:14","guid":{"rendered":"http:\/\/infoecos.com.ar\/?p=80247"},"modified":"2021-06-28T03:56:28","modified_gmt":"2021-06-28T06:56:28","slug":"plan-ganadero-desde-cra-adelantaron-que-solo-volveran-al-espacio-ante-una-senal-concreta-de-solucion-efectiva","status":"publish","type":"post","link":"https:\/\/infoecos.com.ar\/index.php\/plan-ganadero-desde-cra-adelantaron-que-solo-volveran-al-espacio-ante-una-senal-concreta-de-solucion-efectiva\/","title":{"rendered":"Plan Ganadero: desde CRA adelantaron que solo volver\u00e1n al espacio ante una se\u00f1al concreta de soluci\u00f3n efectiva"},"content":{"rendered":"\n<p>Luego de haberse producido la primera reuni\u00f3n informativa del \u00abPlan Ganadero\u00bb que ha propuesto el Gobierno Nacional, desde Confederaciones Rurales Argentinas anunciamos que dejaremos ese espacio hasta tanto no haya una se\u00f1al concreta que busque una soluci\u00f3n efectiva y sostenida en el tiempo, por lo que comenzar a trabajar con las exportaciones cerradas, constituye una traba insalvable.<\/p>\n\n\n\n<div class=\"wp-block-image\"><figure class=\"aligncenter size-large\"><img decoding=\"async\" src=\"http:\/\/infoecos.com.ar\/wp-content\/uploads\/holando.jpg\" alt=\"Vacas Holando Argentino (archivo)\" class=\"wp-image-15288\"\/><figcaption>Vacas Holando Argentino (archivo)<\/figcaption><\/figure><\/div>\n\n\n\n<p>El principal incentivo a producir es la demanda. Si se intervienen y cierras las exportaciones se corta una parte importante de la misma, quitando la principal motivaci\u00f3n a producir e invertir. En este contexto poco sentido tiene un espacio de trabajo que no respete este principio esencial de toda producci\u00f3n sostenida.<\/p>\n\n\n\n<p><strong>No estamos haciendo el planteo de una hip\u00f3tesis, sino que ya como pa\u00eds lo hemos visto con las intervenciones anteriores que le costaron a la cadena productiva y a toda la Argentina m\u00e1s de 17.000 empleos directos y 65.000 indirectos, empleo privado, genuino y en territorio.&nbsp;&nbsp;<\/strong><\/p>\n\n\n\n<p><strong>Sin respetar la demanda, se pierde mercado, clientes, reputaci\u00f3n y fracasa toda la cadena c\u00e1rnica, con especial afectaci\u00f3n al productor primario.&nbsp; Nadie invierte en un contexto de incertidumbre.<\/strong><\/p>\n\n\n\n<p>Un plan ganadero profundo, sostenido en el tiempo y con respaldo de ley, es m\u00e1s que bienvenido por el sector productivo, pero en un contexto de apertura de mercados, no con un contexto de cierre de exportaciones.<\/p>\n\n\n\n<p>Hemos sido ignorados en las negociaciones que culminaron con la continuidad, morigerada, del cierre de exportaciones, no queremos volver a generarles a nuestros asociados la ilusi\u00f3n de un plan ganadero, si desde el principio empezamos errando el diagn\u00f3stico.<\/p>\n\n\n\n<div class=\"wp-block-image\"><figure class=\"aligncenter size-medium\"><img loading=\"lazy\" decoding=\"async\" width=\"460\" height=\"259\" src=\"http:\/\/infoecos.com.ar\/wp-content\/uploads\/2020\/12\/carnes-460x259.jpg\" alt=\"\" class=\"wp-image-71126\" srcset=\"https:\/\/infoecos.com.ar\/wp-content\/uploads\/2020\/12\/carnes-460x259.jpg 460w, https:\/\/infoecos.com.ar\/wp-content\/uploads\/2020\/12\/carnes-920x518.jpg 920w, https:\/\/infoecos.com.ar\/wp-content\/uploads\/2020\/12\/carnes-768x432.jpg 768w, https:\/\/infoecos.com.ar\/wp-content\/uploads\/2020\/12\/carnes.jpg 1004w\" sizes=\"(max-width: 460px) 100vw, 460px\" \/><\/figure><\/div>\n\n\n\n<p><strong>El problema de la carne no es de abastecimiento, sino que es de acceso.<\/strong><\/p>\n\n\n\n<p>Argentina produce 3,2 millones de toneladas de carne bovina, de las cuales se exportan 900 mil y los argentinos consumen 2,3 millones. A esto se suman casi 3 millones de toneladas de carne de pollo y cerdo. Lo que hace que Argentina est\u00e9 en el podio de los mayores consumidores per c\u00e1pita a nivel mundial de carne bovina, en particular, y de carnes, en general.<\/p>\n\n\n\n<p><strong>El problema de la carne tampoco es de precio, sino de poder adquisitivo.&nbsp;<\/strong>En Argentina la carne es m\u00e1s barata que en los pa\u00edses vecinos y hasta 80% m\u00e1s barata que en Europa. Lo que sucede es que los argentinos han tenido una p\u00e9rdida de poder adquisitivo, que se refleja en una ca\u00edda del 20% el salario real, en los \u00faltimos tres a\u00f1os.<\/p>\n\n\n\n<p><strong>Esto genera que, as\u00ed como a los argentinos nos cuesta pagar la carne, tambi\u00e9n nos cueste pagar nafta, vestimenta y cualquier otro producto que necesitemos consumir.<\/strong><\/p>\n\n\n\n<p><strong>Por este motivo, las medidas para solucionar este problema deber\u00edan estar concentradas en reducir la inflaci\u00f3n, que sus causas est\u00e1n m\u00e1s relacionadas a la emisi\u00f3n monetaria y a un programa econ\u00f3mico que genere confianza que al precio de la carne, que no es m\u00e1s que una consecuencia.<\/strong><\/p>\n","protected":false},"excerpt":{"rendered":"<p>Un plan ganadero profundo, sostenido en el tiempo y con respaldo de ley, es m\u00e1s que bienvenido por el sector productivo, pero en un contexto de apertura de mercados, no con un contexto de cierre de exportaciones<\/p>\n","protected":false},"author":2,"featured_media":19561,"comment_status":"closed","ping_status":"open","sticky":false,"template":"","format":"standard","meta":{"footnotes":""},"categories":[1335],"tags":[4043],"class_list":["post-80247","post","type-post","status-publish","format-standard","has-post-thumbnail","hentry","category-inferior15","tag-comunicado-de-cra-despues-de-la-reunion-de-este-viernes"],"yoast_head":"<!-- This site is optimized with the Yoast SEO plugin v23.4 - https:\/\/yoast.com\/wordpress\/plugins\/seo\/ -->\n<title>Plan Ganadero: desde CRA adelantaron que solo volver\u00e1n al espacio ante una se\u00f1al concreta de soluci\u00f3n efectiva - Infoecos<\/title>\n<meta name=\"robots\" content=\"index, follow, max-snippet:-1, max-image-preview:large, max-video-preview:-1\" \/>\n<link rel=\"canonical\" href=\"https:\/\/infoecos.com.ar\/index.php\/plan-ganadero-desde-cra-adelantaron-que-solo-volveran-al-espacio-ante-una-senal-concreta-de-solucion-efectiva\/\" \/>\n<meta property=\"og:locale\" content=\"es_ES\" \/>\n<meta property=\"og:type\" content=\"article\" \/>\n<meta property=\"og:title\" content=\"Plan Ganadero: desde CRA adelantaron que solo volver\u00e1n al espacio ante una se\u00f1al concreta de soluci\u00f3n efectiva - Infoecos\" \/>\n<meta property=\"og:description\" content=\"Un plan ganadero profundo, sostenido en el tiempo y con respaldo de ley, es m\u00e1s que bienvenido por el sector productivo, pero en un contexto de apertura de mercados, no con un contexto de cierre de exportaciones\" \/>\n<meta property=\"og:url\" content=\"https:\/\/infoecos.com.ar\/index.php\/plan-ganadero-desde-cra-adelantaron-que-solo-volveran-al-espacio-ante-una-senal-concreta-de-solucion-efectiva\/\" \/>\n<meta property=\"og:site_name\" content=\"Infoecos\" \/>\n<meta property=\"article:publisher\" content=\"https:\/\/www.facebook.com\/profile.php?id=100063200290284\" \/>\n<meta property=\"article:published_time\" content=\"2021-06-26T07:45:14+00:00\" \/>\n<meta property=\"article:modified_time\" content=\"2021-06-28T06:56:28+00:00\" \/>\n<meta property=\"og:image\" content=\"https:\/\/infoecos.com.ar\/wp-content\/uploads\/angus.jpg\" \/>\n\t<meta property=\"og:image:width\" content=\"267\" \/>\n\t<meta property=\"og:image:height\" content=\"189\" \/>\n\t<meta property=\"og:image:type\" content=\"image\/jpeg\" \/>\n<meta name=\"author\" content=\"Jorge Matheus\" \/>\n<meta name=\"twitter:card\" content=\"summary_large_image\" \/>\n<meta name=\"twitter:creator\" content=\"@infoecos\" \/>\n<meta name=\"twitter:site\" content=\"@infoecos\" \/>\n<meta name=\"twitter:label1\" content=\"Escrito por\" \/>\n\t<meta name=\"twitter:data1\" content=\"Jorge Matheus\" \/>\n\t<meta name=\"twitter:label2\" content=\"Tiempo de lectura\" \/>\n\t<meta name=\"twitter:data2\" content=\"3 minutos\" \/>\n<script type=\"application\/ld+json\" class=\"yoast-schema-graph\">{\"@context\":\"https:\/\/schema.org\",\"@graph\":[{\"@type\":\"Article\",\"@id\":\"https:\/\/infoecos.com.ar\/index.php\/plan-ganadero-desde-cra-adelantaron-que-solo-volveran-al-espacio-ante-una-senal-concreta-de-solucion-efectiva\/#article\",\"isPartOf\":{\"@id\":\"https:\/\/infoecos.com.ar\/index.php\/plan-ganadero-desde-cra-adelantaron-que-solo-volveran-al-espacio-ante-una-senal-concreta-de-solucion-efectiva\/\"},\"author\":{\"name\":\"Jorge Matheus\",\"@id\":\"https:\/\/infoecos.com.ar\/#\/schema\/person\/8f5ace5ce73b4b4aac4b7245aee6f191\"},\"headline\":\"Plan Ganadero: desde CRA adelantaron que solo volver\u00e1n al espacio ante una se\u00f1al concreta de soluci\u00f3n efectiva\",\"datePublished\":\"2021-06-26T07:45:14+00:00\",\"dateModified\":\"2021-06-28T06:56:28+00:00\",\"mainEntityOfPage\":{\"@id\":\"https:\/\/infoecos.com.ar\/index.php\/plan-ganadero-desde-cra-adelantaron-que-solo-volveran-al-espacio-ante-una-senal-concreta-de-solucion-efectiva\/\"},\"wordCount\":521,\"publisher\":{\"@id\":\"https:\/\/infoecos.com.ar\/#organization\"},\"image\":{\"@id\":\"https:\/\/infoecos.com.ar\/index.php\/plan-ganadero-desde-cra-adelantaron-que-solo-volveran-al-espacio-ante-una-senal-concreta-de-solucion-efectiva\/#primaryimage\"},\"thumbnailUrl\":\"\",\"keywords\":[\"comunicado de cra despu\u00e9s de la reuni\u00f3n de este viernes\"],\"articleSection\":[\"Bloque inferior - 15\"],\"inLanguage\":\"es\"},{\"@type\":\"WebPage\",\"@id\":\"https:\/\/infoecos.com.ar\/index.php\/plan-ganadero-desde-cra-adelantaron-que-solo-volveran-al-espacio-ante-una-senal-concreta-de-solucion-efectiva\/\",\"url\":\"https:\/\/infoecos.com.ar\/index.php\/plan-ganadero-desde-cra-adelantaron-que-solo-volveran-al-espacio-ante-una-senal-concreta-de-solucion-efectiva\/\",\"name\":\"Plan Ganadero: desde CRA adelantaron que solo volver\u00e1n al espacio ante una se\u00f1al concreta de soluci\u00f3n efectiva - Infoecos\",\"isPartOf\":{\"@id\":\"https:\/\/infoecos.com.ar\/#website\"},\"primaryImageOfPage\":{\"@id\":\"https:\/\/infoecos.com.ar\/index.php\/plan-ganadero-desde-cra-adelantaron-que-solo-volveran-al-espacio-ante-una-senal-concreta-de-solucion-efectiva\/#primaryimage\"},\"image\":{\"@id\":\"https:\/\/infoecos.com.ar\/index.php\/plan-ganadero-desde-cra-adelantaron-que-solo-volveran-al-espacio-ante-una-senal-concreta-de-solucion-efectiva\/#primaryimage\"},\"thumbnailUrl\":\"\",\"datePublished\":\"2021-06-26T07:45:14+00:00\",\"dateModified\":\"2021-06-28T06:56:28+00:00\",\"breadcrumb\":{\"@id\":\"https:\/\/infoecos.com.ar\/index.php\/plan-ganadero-desde-cra-adelantaron-que-solo-volveran-al-espacio-ante-una-senal-concreta-de-solucion-efectiva\/#breadcrumb\"},\"inLanguage\":\"es\",\"potentialAction\":[{\"@type\":\"ReadAction\",\"target\":[\"https:\/\/infoecos.com.ar\/index.php\/plan-ganadero-desde-cra-adelantaron-que-solo-volveran-al-espacio-ante-una-senal-concreta-de-solucion-efectiva\/\"]}]},{\"@type\":\"ImageObject\",\"inLanguage\":\"es\",\"@id\":\"https:\/\/infoecos.com.ar\/index.php\/plan-ganadero-desde-cra-adelantaron-que-solo-volveran-al-espacio-ante-una-senal-concreta-de-solucion-efectiva\/#primaryimage\",\"url\":\"\",\"contentUrl\":\"\"},{\"@type\":\"BreadcrumbList\",\"@id\":\"https:\/\/infoecos.com.ar\/index.php\/plan-ganadero-desde-cra-adelantaron-que-solo-volveran-al-espacio-ante-una-senal-concreta-de-solucion-efectiva\/#breadcrumb\",\"itemListElement\":[{\"@type\":\"ListItem\",\"position\":1,\"name\":\"Portada\",\"item\":\"https:\/\/infoecos.com.ar\/\"},{\"@type\":\"ListItem\",\"position\":2,\"name\":\"Plan Ganadero: desde CRA adelantaron que solo volver\u00e1n al espacio ante una se\u00f1al concreta de soluci\u00f3n efectiva\"}]},{\"@type\":\"WebSite\",\"@id\":\"https:\/\/infoecos.com.ar\/#website\",\"url\":\"https:\/\/infoecos.com.ar\/\",\"name\":\"Infoecos\",\"description\":\"Noticias de trenque lauquen y la zona\",\"publisher\":{\"@id\":\"https:\/\/infoecos.com.ar\/#organization\"},\"alternateName\":\"Noticias\",\"potentialAction\":[{\"@type\":\"SearchAction\",\"target\":{\"@type\":\"EntryPoint\",\"urlTemplate\":\"https:\/\/infoecos.com.ar\/?s={search_term_string}\"},\"query-input\":{\"@type\":\"PropertyValueSpecification\",\"valueRequired\":true,\"valueName\":\"search_term_string\"}}],\"inLanguage\":\"es\"},{\"@type\":\"Organization\",\"@id\":\"https:\/\/infoecos.com.ar\/#organization\",\"name\":\"Infoecos\",\"alternateName\":\"Noticias\",\"url\":\"https:\/\/infoecos.com.ar\/\",\"logo\":{\"@type\":\"ImageObject\",\"inLanguage\":\"es\",\"@id\":\"https:\/\/infoecos.com.ar\/#\/schema\/logo\/image\/\",\"url\":\"https:\/\/infoecos.com.ar\/wp-content\/uploads\/2024\/03\/cropped-logo.png\",\"contentUrl\":\"https:\/\/infoecos.com.ar\/wp-content\/uploads\/2024\/03\/cropped-logo.png\",\"width\":374,\"height\":90,\"caption\":\"Infoecos\"},\"image\":{\"@id\":\"https:\/\/infoecos.com.ar\/#\/schema\/logo\/image\/\"},\"sameAs\":[\"https:\/\/www.facebook.com\/profile.php?id=100063200290284\",\"https:\/\/x.com\/infoecos\"]},{\"@type\":\"Person\",\"@id\":\"https:\/\/infoecos.com.ar\/#\/schema\/person\/8f5ace5ce73b4b4aac4b7245aee6f191\",\"name\":\"Jorge Matheus\",\"url\":\"https:\/\/infoecos.com.ar\/index.php\/author\/jomatheus\/\"}]}<\/script>\n<!-- \/ Yoast SEO plugin. -->","yoast_head_json":{"title":"Plan Ganadero: desde CRA adelantaron que solo volver\u00e1n al espacio ante una se\u00f1al concreta de soluci\u00f3n efectiva - Infoecos","robots":{"index":"index","follow":"follow","max-snippet":"max-snippet:-1","max-image-preview":"max-image-preview:large","max-video-preview":"max-video-preview:-1"},"canonical":"https:\/\/infoecos.com.ar\/index.php\/plan-ganadero-desde-cra-adelantaron-que-solo-volveran-al-espacio-ante-una-senal-concreta-de-solucion-efectiva\/","og_locale":"es_ES","og_type":"article","og_title":"Plan Ganadero: desde CRA adelantaron que solo volver\u00e1n al espacio ante una se\u00f1al concreta de soluci\u00f3n efectiva - Infoecos","og_description":"Un plan ganadero profundo, sostenido en el tiempo y con respaldo de ley, es m\u00e1s que bienvenido por el sector productivo, pero en un contexto de apertura de mercados, no con un contexto de cierre de exportaciones","og_url":"https:\/\/infoecos.com.ar\/index.php\/plan-ganadero-desde-cra-adelantaron-que-solo-volveran-al-espacio-ante-una-senal-concreta-de-solucion-efectiva\/","og_site_name":"Infoecos","article_publisher":"https:\/\/www.facebook.com\/profile.php?id=100063200290284","article_published_time":"2021-06-26T07:45:14+00:00","article_modified_time":"2021-06-28T06:56:28+00:00","og_image":[{"width":267,"height":189,"url":"https:\/\/infoecos.com.ar\/wp-content\/uploads\/angus.jpg","type":"image\/jpeg"}],"author":"Jorge Matheus","twitter_card":"summary_large_image","twitter_creator":"@infoecos","twitter_site":"@infoecos","twitter_misc":{"Escrito por":"Jorge Matheus","Tiempo de lectura":"3 minutos"},"schema":{"@context":"https:\/\/schema.org","@graph":[{"@type":"Article","@id":"https:\/\/infoecos.com.ar\/index.php\/plan-ganadero-desde-cra-adelantaron-que-solo-volveran-al-espacio-ante-una-senal-concreta-de-solucion-efectiva\/#article","isPartOf":{"@id":"https:\/\/infoecos.com.ar\/index.php\/plan-ganadero-desde-cra-adelantaron-que-solo-volveran-al-espacio-ante-una-senal-concreta-de-solucion-efectiva\/"},"author":{"name":"Jorge Matheus","@id":"https:\/\/infoecos.com.ar\/#\/schema\/person\/8f5ace5ce73b4b4aac4b7245aee6f191"},"headline":"Plan Ganadero: desde CRA adelantaron que solo volver\u00e1n al espacio ante una se\u00f1al concreta de soluci\u00f3n efectiva","datePublished":"2021-06-26T07:45:14+00:00","dateModified":"2021-06-28T06:56:28+00:00","mainEntityOfPage":{"@id":"https:\/\/infoecos.com.ar\/index.php\/plan-ganadero-desde-cra-adelantaron-que-solo-volveran-al-espacio-ante-una-senal-concreta-de-solucion-efectiva\/"},"wordCount":521,"publisher":{"@id":"https:\/\/infoecos.com.ar\/#organization"},"image":{"@id":"https:\/\/infoecos.com.ar\/index.php\/plan-ganadero-desde-cra-adelantaron-que-solo-volveran-al-espacio-ante-una-senal-concreta-de-solucion-efectiva\/#primaryimage"},"thumbnailUrl":"","keywords":["comunicado de cra despu\u00e9s de la reuni\u00f3n de este viernes"],"articleSection":["Bloque inferior - 15"],"inLanguage":"es"},{"@type":"WebPage","@id":"https:\/\/infoecos.com.ar\/index.php\/plan-ganadero-desde-cra-adelantaron-que-solo-volveran-al-espacio-ante-una-senal-concreta-de-solucion-efectiva\/","url":"https:\/\/infoecos.com.ar\/index.php\/plan-ganadero-desde-cra-adelantaron-que-solo-volveran-al-espacio-ante-una-senal-concreta-de-solucion-efectiva\/","name":"Plan Ganadero: desde CRA adelantaron que solo volver\u00e1n al espacio ante una se\u00f1al concreta de soluci\u00f3n efectiva - Infoecos","isPartOf":{"@id":"https:\/\/infoecos.com.ar\/#website"},"primaryImageOfPage":{"@id":"https:\/\/infoecos.com.ar\/index.php\/plan-ganadero-desde-cra-adelantaron-que-solo-volveran-al-espacio-ante-una-senal-concreta-de-solucion-efectiva\/#primaryimage"},"image":{"@id":"https:\/\/infoecos.com.ar\/index.php\/plan-ganadero-desde-cra-adelantaron-que-solo-volveran-al-espacio-ante-una-senal-concreta-de-solucion-efectiva\/#primaryimage"},"thumbnailUrl":"","datePublished":"2021-06-26T07:45:14+00:00","dateModified":"2021-06-28T06:56:28+00:00","breadcrumb":{"@id":"https:\/\/infoecos.com.ar\/index.php\/plan-ganadero-desde-cra-adelantaron-que-solo-volveran-al-espacio-ante-una-senal-concreta-de-solucion-efectiva\/#breadcrumb"},"inLanguage":"es","potentialAction":[{"@type":"ReadAction","target":["https:\/\/infoecos.com.ar\/index.php\/plan-ganadero-desde-cra-adelantaron-que-solo-volveran-al-espacio-ante-una-senal-concreta-de-solucion-efectiva\/"]}]},{"@type":"ImageObject","inLanguage":"es","@id":"https:\/\/infoecos.com.ar\/index.php\/plan-ganadero-desde-cra-adelantaron-que-solo-volveran-al-espacio-ante-una-senal-concreta-de-solucion-efectiva\/#primaryimage","url":"","contentUrl":""},{"@type":"BreadcrumbList","@id":"https:\/\/infoecos.com.ar\/index.php\/plan-ganadero-desde-cra-adelantaron-que-solo-volveran-al-espacio-ante-una-senal-concreta-de-solucion-efectiva\/#breadcrumb","itemListElement":[{"@type":"ListItem","position":1,"name":"Portada","item":"https:\/\/infoecos.com.ar\/"},{"@type":"ListItem","position":2,"name":"Plan Ganadero: desde CRA adelantaron que solo volver\u00e1n al espacio ante una se\u00f1al concreta de soluci\u00f3n efectiva"}]},{"@type":"WebSite","@id":"https:\/\/infoecos.com.ar\/#website","url":"https:\/\/infoecos.com.ar\/","name":"Infoecos","description":"Noticias de trenque lauquen y la zona","publisher":{"@id":"https:\/\/infoecos.com.ar\/#organization"},"alternateName":"Noticias","potentialAction":[{"@type":"SearchAction","target":{"@type":"EntryPoint","urlTemplate":"https:\/\/infoecos.com.ar\/?s={search_term_string}"},"query-input":{"@type":"PropertyValueSpecification","valueRequired":true,"valueName":"search_term_string"}}],"inLanguage":"es"},{"@type":"Organization","@id":"https:\/\/infoecos.com.ar\/#organization","name":"Infoecos","alternateName":"Noticias","url":"https:\/\/infoecos.com.ar\/","logo":{"@type":"ImageObject","inLanguage":"es","@id":"https:\/\/infoecos.com.ar\/#\/schema\/logo\/image\/","url":"https:\/\/infoecos.com.ar\/wp-content\/uploads\/2024\/03\/cropped-logo.png","contentUrl":"https:\/\/infoecos.com.ar\/wp-content\/uploads\/2024\/03\/cropped-logo.png","width":374,"height":90,"caption":"Infoecos"},"image":{"@id":"https:\/\/infoecos.com.ar\/#\/schema\/logo\/image\/"},"sameAs":["https:\/\/www.facebook.com\/profile.php?id=100063200290284","https:\/\/x.com\/infoecos"]},{"@type":"Person","@id":"https:\/\/infoecos.com.ar\/#\/schema\/person\/8f5ace5ce73b4b4aac4b7245aee6f191","name":"Jorge Matheus","url":"https:\/\/infoecos.com.ar\/index.php\/author\/jomatheus\/"}]}},"featured_image_urls":{"full":"","thumbnail":"","medium":"","medium_large":"","large":"","1536x1536":"","2048x2048":"","covernews-slider-full":"","covernews-slider-center":"","covernews-featured":"","covernews-medium":"","covernews-medium-square":""},"author_info":{"info":["Jorge Matheus"]},"category_info":"<a href=\"https:\/\/infoecos.com.ar\/index.php\/category\/inferior15\/\" rel=\"category tag\">Bloque inferior - 15<\/a>","tag_info":"Bloque inferior - 15","comment_count":"0","_links":{"self":[{"href":"https:\/\/infoecos.com.ar\/index.php\/wp-json\/wp\/v2\/posts\/80247"}],"collection":[{"href":"https:\/\/infoecos.com.ar\/index.php\/wp-json\/wp\/v2\/posts"}],"about":[{"href":"https:\/\/infoecos.com.ar\/index.php\/wp-json\/wp\/v2\/types\/post"}],"author":[{"embeddable":true,"href":"https:\/\/infoecos.com.ar\/index.php\/wp-json\/wp\/v2\/users\/2"}],"replies":[{"embeddable":true,"href":"https:\/\/infoecos.com.ar\/index.php\/wp-json\/wp\/v2\/comments?post=80247"}],"version-history":[{"count":1,"href":"https:\/\/infoecos.com.ar\/index.php\/wp-json\/wp\/v2\/posts\/80247\/revisions"}],"predecessor-version":[{"id":80248,"href":"https:\/\/infoecos.com.ar\/index.php\/wp-json\/wp\/v2\/posts\/80247\/revisions\/80248"}],"wp:featuredmedia":[{"embeddable":true,"href":"https:\/\/infoecos.com.ar\/index.php\/wp-json\/"}],"wp:attachment":[{"href":"https:\/\/infoecos.com.ar\/index.php\/wp-json\/wp\/v2\/media?parent=80247"}],"wp:term":[{"taxonomy":"category","embeddable":true,"href":"https:\/\/infoecos.com.ar\/index.php\/wp-json\/wp\/v2\/categories?post=80247"},{"taxonomy":"post_tag","embeddable":true,"href":"https:\/\/infoecos.com.ar\/index.php\/wp-json\/wp\/v2\/tags?post=80247"}],"curies":[{"name":"wp","href":"https:\/\/api.w.org\/{rel}","templated":true}]}}