{"id":80269,"date":"2021-06-28T01:06:18","date_gmt":"2021-06-28T04:06:18","guid":{"rendered":"http:\/\/infoecos.com.ar\/?p=80269"},"modified":"2021-06-28T01:08:28","modified_gmt":"2021-06-28T04:08:28","slug":"practicamente-se-mantuvo-el-domingo-el-numero-de-casos-activos-en-el-distrito-de-trenque-lauquen","status":"publish","type":"post","link":"https:\/\/infoecos.com.ar\/index.php\/practicamente-se-mantuvo-el-domingo-el-numero-de-casos-activos-en-el-distrito-de-trenque-lauquen\/","title":{"rendered":"Se report\u00f3 el domingo que pr\u00e1cticamente se mantuvo el n\u00famero de casos activos en el distrito de Trenque Lauquen"},"content":{"rendered":"\n<p class=\"wp-block-paragraph\">La subsecretar\u00eda de Salud municipal de Trenque Lauquen report\u00f3 el domingo 468 casos activos de Covid-19 en todo el distrito, despu\u00e9s de confirmarse 70 nuevos casos, recuperarse otras 66 personas y descartarse 103 casos. Adem\u00e1s inform\u00f3 que quedan 98 casos sospechosos y 351 personas en aislamiento.<\/p>\n\n\n\n<p class=\"wp-block-paragraph\">Treinta y nueve (39) de los 70 nuevos casos positivo fueron detectados por hisopado y 31 por nexo o criterio epidemiol\u00f3gico de acuerdo a protocolo actualizado vigente, y 61 corresponden a Trenque Lauquen, siete (7) a Treinta de Agosto y dos (2) de Beruti.<\/p>\n\n\n\n<div class=\"wp-block-image\"><figure class=\"aligncenter size-medium\"><img loading=\"lazy\" decoding=\"async\" width=\"460\" height=\"423\" src=\"http:\/\/infoecos.com.ar\/wp-content\/uploads\/2021\/06\/REPORTEDOMNGO-1-460x423.jpg\" alt=\"\" class=\"wp-image-80272\" srcset=\"https:\/\/infoecos.com.ar\/wp-content\/uploads\/2021\/06\/REPORTEDOMNGO-1-460x423.jpg 460w, https:\/\/infoecos.com.ar\/wp-content\/uploads\/2021\/06\/REPORTEDOMNGO-1-768x706.jpg 768w, https:\/\/infoecos.com.ar\/wp-content\/uploads\/2021\/06\/REPORTEDOMNGO-1.jpg 800w\" sizes=\"auto, (max-width: 460px) 100vw, 460px\" \/><\/figure><\/div>\n\n\n\n<p class=\"wp-block-paragraph\">Entre los 468 casos activos, 409 pertenecen a la ciudad cabecera, 38 a Treinta de Agosto, 19 a Beruti y dos (2) a Garr\u00e9: 45 se encuentran en el Hospital Municipal, siete (7) est\u00e1 en el Centro Extrahospitalario que funciona en el ex Hotel Pailla Hu\u00e9.<\/p>\n\n\n\n<p class=\"wp-block-paragraph\">Con las 66 personas recuperadas en las \u00faltimas 24 horas, 51 de Trenque Lauquen, 14 de Treinta de Agosto y uno (1) de Beruti, asciende a 7.298 las que recibieron el alta desde marzo del a\u00f1o pasado hasta hoy y en ese mismo per\u00edodo se descartaron 13.117 casos, incluidos los 103 de la fecha, 90 de la ciudad cabecera, seis (6) de Treinta de Agosto y siete (7) de Beruti.<\/p>\n\n\n\n<p class=\"wp-block-paragraph\">Quedan 98 casos sospechosos, 93 de Trenque Lauquen, tres (3) de Treinta de Agosto y dos (2) de Beruti, y 351 personas en aislamiento, 294 de la ciudad cabecera, 38 de Treinta de Agosto y 19 de Beruti.<\/p>\n","protected":false},"excerpt":{"rendered":"<p>Entre los 468 casos activos, 409 pertenecen a la ciudad cabecera, 38 a Treinta de Agosto, 19 a Beruti y dos (2) a Garr\u00e9: 45 se encuentran en el Hospital Municipal, siete (7) est\u00e1 en el Centro Extrahospitalario que funciona en el ex Hotel Pailla Hu\u00e9<\/p>\n","protected":false},"author":2,"featured_media":59464,"comment_status":"closed","ping_status":"open","sticky":false,"template":"","format":"standard","meta":{"footnotes":""},"categories":[1613],"tags":[1785],"class_list":["post-80269","post","type-post","status-publish","format-standard","has-post-thumbnail","hentry","category-noticia-secundaria","tag-coronavirus"],"featured_image_urls":{"full":["https:\/\/infoecos.com.ar\/wp-content\/uploads\/IMG_20200323_191545.jpg",1600,1200,false],"thumbnail":["https:\/\/infoecos.com.ar\/wp-content\/uploads\/IMG_20200323_191545-150x150.jpg",150,150,true],"medium":["https:\/\/infoecos.com.ar\/wp-content\/uploads\/IMG_20200323_191545-460x345.jpg",460,345,true],"medium_large":["https:\/\/infoecos.com.ar\/wp-content\/uploads\/IMG_20200323_191545-768x576.jpg",640,480,true],"large":["https:\/\/infoecos.com.ar\/wp-content\/uploads\/IMG_20200323_191545-920x690.jpg",640,480,true],"1536x1536":["https:\/\/infoecos.com.ar\/wp-content\/uploads\/IMG_20200323_191545-1536x1152.jpg",1536,1152,true],"2048x2048":["https:\/\/infoecos.com.ar\/wp-content\/uploads\/IMG_20200323_191545.jpg",1600,1200,false],"covernews-slider-full":["https:\/\/infoecos.com.ar\/wp-content\/uploads\/IMG_20200323_191545-1536x1020.jpg",1077,715,true],"covernews-slider-center":["https:\/\/infoecos.com.ar\/wp-content\/uploads\/IMG_20200323_191545-936x897.jpg",522,500,true],"covernews-featured":["https:\/\/infoecos.com.ar\/wp-content\/uploads\/IMG_20200323_191545-1024x768.jpg",1024,768,true],"covernews-medium":["https:\/\/infoecos.com.ar\/wp-content\/uploads\/IMG_20200323_191545-720x380.jpg",540,285,true],"covernews-medium-square":["https:\/\/infoecos.com.ar\/wp-content\/uploads\/IMG_20200323_191545-675x450.jpg",375,250,true]},"author_info":{"info":["Jorge Matheus"]},"category_info":"<a href=\"https:\/\/infoecos.com.ar\/index.php\/category\/noticia-secundaria\/\" rel=\"category tag\">Noticia Secundaria<\/a>","tag_info":"Noticia Secundaria","comment_count":"0","_links":{"self":[{"href":"https:\/\/infoecos.com.ar\/index.php\/wp-json\/wp\/v2\/posts\/80269","targetHints":{"allow":["GET"]}}],"collection":[{"href":"https:\/\/infoecos.com.ar\/index.php\/wp-json\/wp\/v2\/posts"}],"about":[{"href":"https:\/\/infoecos.com.ar\/index.php\/wp-json\/wp\/v2\/types\/post"}],"author":[{"embeddable":true,"href":"https:\/\/infoecos.com.ar\/index.php\/wp-json\/wp\/v2\/users\/2"}],"replies":[{"embeddable":true,"href":"https:\/\/infoecos.com.ar\/index.php\/wp-json\/wp\/v2\/comments?post=80269"}],"version-history":[{"count":2,"href":"https:\/\/infoecos.com.ar\/index.php\/wp-json\/wp\/v2\/posts\/80269\/revisions"}],"predecessor-version":[{"id":80274,"href":"https:\/\/infoecos.com.ar\/index.php\/wp-json\/wp\/v2\/posts\/80269\/revisions\/80274"}],"wp:featuredmedia":[{"embeddable":true,"href":"https:\/\/infoecos.com.ar\/index.php\/wp-json\/wp\/v2\/media\/59464"}],"wp:attachment":[{"href":"https:\/\/infoecos.com.ar\/index.php\/wp-json\/wp\/v2\/media?parent=80269"}],"wp:term":[{"taxonomy":"category","embeddable":true,"href":"https:\/\/infoecos.com.ar\/index.php\/wp-json\/wp\/v2\/categories?post=80269"},{"taxonomy":"post_tag","embeddable":true,"href":"https:\/\/infoecos.com.ar\/index.php\/wp-json\/wp\/v2\/tags?post=80269"}],"curies":[{"name":"wp","href":"https:\/\/api.w.org\/{rel}","templated":true}]}}