{"id":80300,"date":"2021-06-28T02:19:01","date_gmt":"2021-06-28T05:19:01","guid":{"rendered":"http:\/\/infoecos.com.ar\/?p=80300"},"modified":"2021-06-30T02:48:09","modified_gmt":"2021-06-30T05:48:09","slug":"anahi-bilbao-la-candidatura-de-facundo-manes-seria-una-bocanada-de-aire-fresco-para-la-politica","status":"publish","type":"post","link":"https:\/\/infoecos.com.ar\/index.php\/anahi-bilbao-la-candidatura-de-facundo-manes-seria-una-bocanada-de-aire-fresco-para-la-politica\/","title":{"rendered":"Anah\u00ed Bilbao: \u00abLa candidatura de Facundo Manes ser\u00eda una bocanada de aire fresco para la pol\u00edtica\u00bb"},"content":{"rendered":"\n<p>As\u00ed lo consider\u00f3 la diputada de la UCR\/Juntos por el Cambio por la sexta secci\u00f3n electoral,&nbsp;<strong>Anah\u00ed Bilbao,<\/strong>&nbsp;de cara a las elecciones de medio t\u00e9rmino que se avecinan. En este contexto, la legisladora bonaerense oriunda del distrito de Laprida destac\u00f3 la gran importancia del acto electoral \u00aben d\u00f3nde deber\u00e1 elegirse entre el peligro de continuar con una autocracia populista o volver a una verdadera democracia republicana con una fuerte institucionalidad y un respeto inalterable a la divisi\u00f3n de poderes\u00bb.<\/p>\n\n\n\n<div class=\"wp-block-image\"><figure class=\"aligncenter size-medium\"><img decoding=\"async\" src=\"http:\/\/infoecos.com.ar\/wp-content\/uploads\/Bilbao-460x307.jpeg\" alt=\"\" class=\"wp-image-49773\"\/><figcaption>Bilbao, Anah\u00ed<\/figcaption><\/figure><\/div>\n\n\n\n<p>Bilbao resalt\u00f3 la figura del neurocient\u00edfico Facundo Manes \u00abcomo una bocanada de aire fresco para la pol\u00edtica\u00bb y, si aceptara la candidatura que le ofreci\u00f3 la UCR en provincia de Buenos Aires, \u00abcomo una carta fuerte para afrontar estas elecciones legislativas dentro de Juntos por el Cambio tanto en una primaria como en las generales. Su aporte lo considero muy importante para iniciar una necesaria transformaci\u00f3n en base al conocimiento vinculado con la ciencia, la educaci\u00f3n y la tecnolog\u00eda, pilares fundamentales de los tiempos que se vienen, junto al desarrollo, el trabajo y la inversi\u00f3n\u00bb.<\/p>\n","protected":false},"excerpt":{"rendered":"<p>Su aporte lo considero muy importante para iniciar una necesaria transformaci\u00f3n en base al conocimiento vinculado con la ciencia, la educaci\u00f3n y la tecnolog\u00eda<\/p>\n","protected":false},"author":2,"featured_media":49773,"comment_status":"closed","ping_status":"open","sticky":false,"template":"","format":"standard","meta":{"footnotes":""},"categories":[1331],"tags":[1329],"class_list":["post-80300","post","type-post","status-publish","format-standard","has-post-thumbnail","hentry","category-inferior11","tag-politica-electoral"],"yoast_head":"<!-- This site is optimized with the Yoast SEO plugin v23.4 - https:\/\/yoast.com\/wordpress\/plugins\/seo\/ -->\n<title>Anah\u00ed Bilbao: &quot;La candidatura de Facundo Manes ser\u00eda una bocanada de aire fresco para la pol\u00edtica&quot; - Infoecos<\/title>\n<meta name=\"robots\" content=\"index, follow, max-snippet:-1, max-image-preview:large, max-video-preview:-1\" \/>\n<link rel=\"canonical\" href=\"https:\/\/infoecos.com.ar\/index.php\/anahi-bilbao-la-candidatura-de-facundo-manes-seria-una-bocanada-de-aire-fresco-para-la-politica\/\" \/>\n<meta property=\"og:locale\" content=\"es_ES\" \/>\n<meta property=\"og:type\" content=\"article\" \/>\n<meta property=\"og:title\" content=\"Anah\u00ed Bilbao: &quot;La candidatura de Facundo Manes ser\u00eda una bocanada de aire fresco para la pol\u00edtica&quot; - Infoecos\" \/>\n<meta property=\"og:description\" content=\"Su aporte lo considero muy importante para iniciar una necesaria transformaci\u00f3n en base al conocimiento vinculado con la ciencia, la educaci\u00f3n y la tecnolog\u00eda\" \/>\n<meta property=\"og:url\" content=\"https:\/\/infoecos.com.ar\/index.php\/anahi-bilbao-la-candidatura-de-facundo-manes-seria-una-bocanada-de-aire-fresco-para-la-politica\/\" \/>\n<meta property=\"og:site_name\" content=\"Infoecos\" \/>\n<meta property=\"article:publisher\" content=\"https:\/\/www.facebook.com\/profile.php?id=100063200290284\" \/>\n<meta property=\"article:published_time\" content=\"2021-06-28T05:19:01+00:00\" \/>\n<meta property=\"article:modified_time\" content=\"2021-06-30T05:48:09+00:00\" \/>\n<meta property=\"og:image\" content=\"https:\/\/infoecos.com.ar\/wp-content\/uploads\/Bilbao.jpeg\" \/>\n\t<meta property=\"og:image:width\" content=\"1280\" \/>\n\t<meta property=\"og:image:height\" content=\"853\" \/>\n\t<meta property=\"og:image:type\" content=\"image\/jpeg\" \/>\n<meta name=\"author\" content=\"Jorge Matheus\" \/>\n<meta name=\"twitter:card\" content=\"summary_large_image\" \/>\n<meta name=\"twitter:creator\" content=\"@infoecos\" \/>\n<meta name=\"twitter:site\" content=\"@infoecos\" \/>\n<meta name=\"twitter:label1\" content=\"Escrito por\" \/>\n\t<meta name=\"twitter:data1\" content=\"Jorge Matheus\" \/>\n\t<meta name=\"twitter:label2\" content=\"Tiempo de lectura\" \/>\n\t<meta name=\"twitter:data2\" content=\"1 minuto\" \/>\n<script type=\"application\/ld+json\" class=\"yoast-schema-graph\">{\"@context\":\"https:\/\/schema.org\",\"@graph\":[{\"@type\":\"Article\",\"@id\":\"https:\/\/infoecos.com.ar\/index.php\/anahi-bilbao-la-candidatura-de-facundo-manes-seria-una-bocanada-de-aire-fresco-para-la-politica\/#article\",\"isPartOf\":{\"@id\":\"https:\/\/infoecos.com.ar\/index.php\/anahi-bilbao-la-candidatura-de-facundo-manes-seria-una-bocanada-de-aire-fresco-para-la-politica\/\"},\"author\":{\"name\":\"Jorge Matheus\",\"@id\":\"https:\/\/infoecos.com.ar\/#\/schema\/person\/8f5ace5ce73b4b4aac4b7245aee6f191\"},\"headline\":\"Anah\u00ed Bilbao: \u00abLa candidatura de Facundo Manes ser\u00eda una bocanada de aire fresco para la pol\u00edtica\u00bb\",\"datePublished\":\"2021-06-28T05:19:01+00:00\",\"dateModified\":\"2021-06-30T05:48:09+00:00\",\"mainEntityOfPage\":{\"@id\":\"https:\/\/infoecos.com.ar\/index.php\/anahi-bilbao-la-candidatura-de-facundo-manes-seria-una-bocanada-de-aire-fresco-para-la-politica\/\"},\"wordCount\":208,\"publisher\":{\"@id\":\"https:\/\/infoecos.com.ar\/#organization\"},\"image\":{\"@id\":\"https:\/\/infoecos.com.ar\/index.php\/anahi-bilbao-la-candidatura-de-facundo-manes-seria-una-bocanada-de-aire-fresco-para-la-politica\/#primaryimage\"},\"thumbnailUrl\":\"\",\"keywords\":[\"POL\u00cdTICA ELECTORAL\"],\"articleSection\":[\"Bloque inferior - 11\"],\"inLanguage\":\"es\"},{\"@type\":\"WebPage\",\"@id\":\"https:\/\/infoecos.com.ar\/index.php\/anahi-bilbao-la-candidatura-de-facundo-manes-seria-una-bocanada-de-aire-fresco-para-la-politica\/\",\"url\":\"https:\/\/infoecos.com.ar\/index.php\/anahi-bilbao-la-candidatura-de-facundo-manes-seria-una-bocanada-de-aire-fresco-para-la-politica\/\",\"name\":\"Anah\u00ed Bilbao: \\\"La candidatura de Facundo Manes ser\u00eda una bocanada de aire fresco para la pol\u00edtica\\\" - Infoecos\",\"isPartOf\":{\"@id\":\"https:\/\/infoecos.com.ar\/#website\"},\"primaryImageOfPage\":{\"@id\":\"https:\/\/infoecos.com.ar\/index.php\/anahi-bilbao-la-candidatura-de-facundo-manes-seria-una-bocanada-de-aire-fresco-para-la-politica\/#primaryimage\"},\"image\":{\"@id\":\"https:\/\/infoecos.com.ar\/index.php\/anahi-bilbao-la-candidatura-de-facundo-manes-seria-una-bocanada-de-aire-fresco-para-la-politica\/#primaryimage\"},\"thumbnailUrl\":\"\",\"datePublished\":\"2021-06-28T05:19:01+00:00\",\"dateModified\":\"2021-06-30T05:48:09+00:00\",\"breadcrumb\":{\"@id\":\"https:\/\/infoecos.com.ar\/index.php\/anahi-bilbao-la-candidatura-de-facundo-manes-seria-una-bocanada-de-aire-fresco-para-la-politica\/#breadcrumb\"},\"inLanguage\":\"es\",\"potentialAction\":[{\"@type\":\"ReadAction\",\"target\":[\"https:\/\/infoecos.com.ar\/index.php\/anahi-bilbao-la-candidatura-de-facundo-manes-seria-una-bocanada-de-aire-fresco-para-la-politica\/\"]}]},{\"@type\":\"ImageObject\",\"inLanguage\":\"es\",\"@id\":\"https:\/\/infoecos.com.ar\/index.php\/anahi-bilbao-la-candidatura-de-facundo-manes-seria-una-bocanada-de-aire-fresco-para-la-politica\/#primaryimage\",\"url\":\"\",\"contentUrl\":\"\"},{\"@type\":\"BreadcrumbList\",\"@id\":\"https:\/\/infoecos.com.ar\/index.php\/anahi-bilbao-la-candidatura-de-facundo-manes-seria-una-bocanada-de-aire-fresco-para-la-politica\/#breadcrumb\",\"itemListElement\":[{\"@type\":\"ListItem\",\"position\":1,\"name\":\"Portada\",\"item\":\"https:\/\/infoecos.com.ar\/\"},{\"@type\":\"ListItem\",\"position\":2,\"name\":\"Anah\u00ed Bilbao: \u00abLa candidatura de Facundo Manes ser\u00eda una bocanada de aire fresco para la pol\u00edtica\u00bb\"}]},{\"@type\":\"WebSite\",\"@id\":\"https:\/\/infoecos.com.ar\/#website\",\"url\":\"https:\/\/infoecos.com.ar\/\",\"name\":\"Infoecos\",\"description\":\"Noticias de trenque lauquen y la zona\",\"publisher\":{\"@id\":\"https:\/\/infoecos.com.ar\/#organization\"},\"alternateName\":\"Noticias\",\"potentialAction\":[{\"@type\":\"SearchAction\",\"target\":{\"@type\":\"EntryPoint\",\"urlTemplate\":\"https:\/\/infoecos.com.ar\/?s={search_term_string}\"},\"query-input\":{\"@type\":\"PropertyValueSpecification\",\"valueRequired\":true,\"valueName\":\"search_term_string\"}}],\"inLanguage\":\"es\"},{\"@type\":\"Organization\",\"@id\":\"https:\/\/infoecos.com.ar\/#organization\",\"name\":\"Infoecos\",\"alternateName\":\"Noticias\",\"url\":\"https:\/\/infoecos.com.ar\/\",\"logo\":{\"@type\":\"ImageObject\",\"inLanguage\":\"es\",\"@id\":\"https:\/\/infoecos.com.ar\/#\/schema\/logo\/image\/\",\"url\":\"https:\/\/infoecos.com.ar\/wp-content\/uploads\/2024\/03\/cropped-logo.png\",\"contentUrl\":\"https:\/\/infoecos.com.ar\/wp-content\/uploads\/2024\/03\/cropped-logo.png\",\"width\":374,\"height\":90,\"caption\":\"Infoecos\"},\"image\":{\"@id\":\"https:\/\/infoecos.com.ar\/#\/schema\/logo\/image\/\"},\"sameAs\":[\"https:\/\/www.facebook.com\/profile.php?id=100063200290284\",\"https:\/\/x.com\/infoecos\"]},{\"@type\":\"Person\",\"@id\":\"https:\/\/infoecos.com.ar\/#\/schema\/person\/8f5ace5ce73b4b4aac4b7245aee6f191\",\"name\":\"Jorge Matheus\",\"url\":\"https:\/\/infoecos.com.ar\/index.php\/author\/jomatheus\/\"}]}<\/script>\n<!-- \/ Yoast SEO plugin. -->","yoast_head_json":{"title":"Anah\u00ed Bilbao: \"La candidatura de Facundo Manes ser\u00eda una bocanada de aire fresco para la pol\u00edtica\" - Infoecos","robots":{"index":"index","follow":"follow","max-snippet":"max-snippet:-1","max-image-preview":"max-image-preview:large","max-video-preview":"max-video-preview:-1"},"canonical":"https:\/\/infoecos.com.ar\/index.php\/anahi-bilbao-la-candidatura-de-facundo-manes-seria-una-bocanada-de-aire-fresco-para-la-politica\/","og_locale":"es_ES","og_type":"article","og_title":"Anah\u00ed Bilbao: \"La candidatura de Facundo Manes ser\u00eda una bocanada de aire fresco para la pol\u00edtica\" - Infoecos","og_description":"Su aporte lo considero muy importante para iniciar una necesaria transformaci\u00f3n en base al conocimiento vinculado con la ciencia, la educaci\u00f3n y la tecnolog\u00eda","og_url":"https:\/\/infoecos.com.ar\/index.php\/anahi-bilbao-la-candidatura-de-facundo-manes-seria-una-bocanada-de-aire-fresco-para-la-politica\/","og_site_name":"Infoecos","article_publisher":"https:\/\/www.facebook.com\/profile.php?id=100063200290284","article_published_time":"2021-06-28T05:19:01+00:00","article_modified_time":"2021-06-30T05:48:09+00:00","og_image":[{"width":1280,"height":853,"url":"https:\/\/infoecos.com.ar\/wp-content\/uploads\/Bilbao.jpeg","type":"image\/jpeg"}],"author":"Jorge Matheus","twitter_card":"summary_large_image","twitter_creator":"@infoecos","twitter_site":"@infoecos","twitter_misc":{"Escrito por":"Jorge Matheus","Tiempo de lectura":"1 minuto"},"schema":{"@context":"https:\/\/schema.org","@graph":[{"@type":"Article","@id":"https:\/\/infoecos.com.ar\/index.php\/anahi-bilbao-la-candidatura-de-facundo-manes-seria-una-bocanada-de-aire-fresco-para-la-politica\/#article","isPartOf":{"@id":"https:\/\/infoecos.com.ar\/index.php\/anahi-bilbao-la-candidatura-de-facundo-manes-seria-una-bocanada-de-aire-fresco-para-la-politica\/"},"author":{"name":"Jorge Matheus","@id":"https:\/\/infoecos.com.ar\/#\/schema\/person\/8f5ace5ce73b4b4aac4b7245aee6f191"},"headline":"Anah\u00ed Bilbao: \u00abLa candidatura de Facundo Manes ser\u00eda una bocanada de aire fresco para la pol\u00edtica\u00bb","datePublished":"2021-06-28T05:19:01+00:00","dateModified":"2021-06-30T05:48:09+00:00","mainEntityOfPage":{"@id":"https:\/\/infoecos.com.ar\/index.php\/anahi-bilbao-la-candidatura-de-facundo-manes-seria-una-bocanada-de-aire-fresco-para-la-politica\/"},"wordCount":208,"publisher":{"@id":"https:\/\/infoecos.com.ar\/#organization"},"image":{"@id":"https:\/\/infoecos.com.ar\/index.php\/anahi-bilbao-la-candidatura-de-facundo-manes-seria-una-bocanada-de-aire-fresco-para-la-politica\/#primaryimage"},"thumbnailUrl":"","keywords":["POL\u00cdTICA ELECTORAL"],"articleSection":["Bloque inferior - 11"],"inLanguage":"es"},{"@type":"WebPage","@id":"https:\/\/infoecos.com.ar\/index.php\/anahi-bilbao-la-candidatura-de-facundo-manes-seria-una-bocanada-de-aire-fresco-para-la-politica\/","url":"https:\/\/infoecos.com.ar\/index.php\/anahi-bilbao-la-candidatura-de-facundo-manes-seria-una-bocanada-de-aire-fresco-para-la-politica\/","name":"Anah\u00ed Bilbao: \"La candidatura de Facundo Manes ser\u00eda una bocanada de aire fresco para la pol\u00edtica\" - Infoecos","isPartOf":{"@id":"https:\/\/infoecos.com.ar\/#website"},"primaryImageOfPage":{"@id":"https:\/\/infoecos.com.ar\/index.php\/anahi-bilbao-la-candidatura-de-facundo-manes-seria-una-bocanada-de-aire-fresco-para-la-politica\/#primaryimage"},"image":{"@id":"https:\/\/infoecos.com.ar\/index.php\/anahi-bilbao-la-candidatura-de-facundo-manes-seria-una-bocanada-de-aire-fresco-para-la-politica\/#primaryimage"},"thumbnailUrl":"","datePublished":"2021-06-28T05:19:01+00:00","dateModified":"2021-06-30T05:48:09+00:00","breadcrumb":{"@id":"https:\/\/infoecos.com.ar\/index.php\/anahi-bilbao-la-candidatura-de-facundo-manes-seria-una-bocanada-de-aire-fresco-para-la-politica\/#breadcrumb"},"inLanguage":"es","potentialAction":[{"@type":"ReadAction","target":["https:\/\/infoecos.com.ar\/index.php\/anahi-bilbao-la-candidatura-de-facundo-manes-seria-una-bocanada-de-aire-fresco-para-la-politica\/"]}]},{"@type":"ImageObject","inLanguage":"es","@id":"https:\/\/infoecos.com.ar\/index.php\/anahi-bilbao-la-candidatura-de-facundo-manes-seria-una-bocanada-de-aire-fresco-para-la-politica\/#primaryimage","url":"","contentUrl":""},{"@type":"BreadcrumbList","@id":"https:\/\/infoecos.com.ar\/index.php\/anahi-bilbao-la-candidatura-de-facundo-manes-seria-una-bocanada-de-aire-fresco-para-la-politica\/#breadcrumb","itemListElement":[{"@type":"ListItem","position":1,"name":"Portada","item":"https:\/\/infoecos.com.ar\/"},{"@type":"ListItem","position":2,"name":"Anah\u00ed Bilbao: \u00abLa candidatura de Facundo Manes ser\u00eda una bocanada de aire fresco para la pol\u00edtica\u00bb"}]},{"@type":"WebSite","@id":"https:\/\/infoecos.com.ar\/#website","url":"https:\/\/infoecos.com.ar\/","name":"Infoecos","description":"Noticias de trenque lauquen y la zona","publisher":{"@id":"https:\/\/infoecos.com.ar\/#organization"},"alternateName":"Noticias","potentialAction":[{"@type":"SearchAction","target":{"@type":"EntryPoint","urlTemplate":"https:\/\/infoecos.com.ar\/?s={search_term_string}"},"query-input":{"@type":"PropertyValueSpecification","valueRequired":true,"valueName":"search_term_string"}}],"inLanguage":"es"},{"@type":"Organization","@id":"https:\/\/infoecos.com.ar\/#organization","name":"Infoecos","alternateName":"Noticias","url":"https:\/\/infoecos.com.ar\/","logo":{"@type":"ImageObject","inLanguage":"es","@id":"https:\/\/infoecos.com.ar\/#\/schema\/logo\/image\/","url":"https:\/\/infoecos.com.ar\/wp-content\/uploads\/2024\/03\/cropped-logo.png","contentUrl":"https:\/\/infoecos.com.ar\/wp-content\/uploads\/2024\/03\/cropped-logo.png","width":374,"height":90,"caption":"Infoecos"},"image":{"@id":"https:\/\/infoecos.com.ar\/#\/schema\/logo\/image\/"},"sameAs":["https:\/\/www.facebook.com\/profile.php?id=100063200290284","https:\/\/x.com\/infoecos"]},{"@type":"Person","@id":"https:\/\/infoecos.com.ar\/#\/schema\/person\/8f5ace5ce73b4b4aac4b7245aee6f191","name":"Jorge Matheus","url":"https:\/\/infoecos.com.ar\/index.php\/author\/jomatheus\/"}]}},"featured_image_urls":{"full":"","thumbnail":"","medium":"","medium_large":"","large":"","1536x1536":"","2048x2048":"","covernews-slider-full":"","covernews-slider-center":"","covernews-featured":"","covernews-medium":"","covernews-medium-square":""},"author_info":{"info":["Jorge Matheus"]},"category_info":"<a href=\"https:\/\/infoecos.com.ar\/index.php\/category\/inferior11\/\" rel=\"category tag\">Bloque inferior - 11<\/a>","tag_info":"Bloque inferior - 11","comment_count":"0","_links":{"self":[{"href":"https:\/\/infoecos.com.ar\/index.php\/wp-json\/wp\/v2\/posts\/80300"}],"collection":[{"href":"https:\/\/infoecos.com.ar\/index.php\/wp-json\/wp\/v2\/posts"}],"about":[{"href":"https:\/\/infoecos.com.ar\/index.php\/wp-json\/wp\/v2\/types\/post"}],"author":[{"embeddable":true,"href":"https:\/\/infoecos.com.ar\/index.php\/wp-json\/wp\/v2\/users\/2"}],"replies":[{"embeddable":true,"href":"https:\/\/infoecos.com.ar\/index.php\/wp-json\/wp\/v2\/comments?post=80300"}],"version-history":[{"count":2,"href":"https:\/\/infoecos.com.ar\/index.php\/wp-json\/wp\/v2\/posts\/80300\/revisions"}],"predecessor-version":[{"id":80470,"href":"https:\/\/infoecos.com.ar\/index.php\/wp-json\/wp\/v2\/posts\/80300\/revisions\/80470"}],"wp:featuredmedia":[{"embeddable":true,"href":"https:\/\/infoecos.com.ar\/index.php\/wp-json\/"}],"wp:attachment":[{"href":"https:\/\/infoecos.com.ar\/index.php\/wp-json\/wp\/v2\/media?parent=80300"}],"wp:term":[{"taxonomy":"category","embeddable":true,"href":"https:\/\/infoecos.com.ar\/index.php\/wp-json\/wp\/v2\/categories?post=80300"},{"taxonomy":"post_tag","embeddable":true,"href":"https:\/\/infoecos.com.ar\/index.php\/wp-json\/wp\/v2\/tags?post=80300"}],"curies":[{"name":"wp","href":"https:\/\/api.w.org\/{rel}","templated":true}]}}