{"id":80302,"date":"2021-06-28T02:35:05","date_gmt":"2021-06-28T05:35:05","guid":{"rendered":"http:\/\/infoecos.com.ar\/?p=80302"},"modified":"2021-06-30T02:47:53","modified_gmt":"2021-06-30T05:47:53","slug":"se-presento-en-junin-el-partido-para-el-dialogo-que-impulsa-a-emilio-monzo","status":"publish","type":"post","link":"https:\/\/infoecos.com.ar\/index.php\/se-presento-en-junin-el-partido-para-el-dialogo-que-impulsa-a-emilio-monzo\/","title":{"rendered":"Se present\u00f3 en Jun\u00edn el \u00abPartido para el Di\u00e1logo\u00bb que impulsa a Emilio Monz\u00f3"},"content":{"rendered":"\n<p>En Jun\u00edn fue presentado el <strong>\u2018Part\u00eddo del Di\u00e1logo<\/strong>\u00b4, impulsado por Emilio Monz\u00f3. Fueron presentadas la senadora provincial Ana Laura Geloso y la coordinadora de <strong>\u2018Mujeres con Emilio\u2019<\/strong> para la cuarta secci\u00f3n y Silvina Vaccarezza.<\/p>\n\n\n\n<div class=\"wp-block-image\"><figure class=\"aligncenter size-medium\"><img loading=\"lazy\" decoding=\"async\" width=\"460\" height=\"345\" src=\"http:\/\/infoecos.com.ar\/wp-content\/uploads\/2021\/06\/partidoparaeldialogomuje-460x345.jpeg\" alt=\"\" class=\"wp-image-80304\" srcset=\"https:\/\/infoecos.com.ar\/wp-content\/uploads\/2021\/06\/partidoparaeldialogomuje-460x345.jpeg 460w, https:\/\/infoecos.com.ar\/wp-content\/uploads\/2021\/06\/partidoparaeldialogomuje-920x690.jpeg 920w, https:\/\/infoecos.com.ar\/wp-content\/uploads\/2021\/06\/partidoparaeldialogomuje-768x576.jpeg 768w, https:\/\/infoecos.com.ar\/wp-content\/uploads\/2021\/06\/partidoparaeldialogomuje.jpeg 1024w\" sizes=\"(max-width: 460px) 100vw, 460px\" \/><\/figure><\/div>\n\n\n\n<p>Entre los presentes, el ex Intendente de Rivadavia, Sergio Buil resalt\u00f3 que \u201cEstamos convencidos que los valores de apertura, di\u00e1logo, acuerdo, escucha, y construcci\u00f3n desde y para el bien com\u00fan, son m\u00e1s que necesarios para avanzar en los cambios que se necesitan\u201d.<\/p>\n\n\n\n<p>Silvina Vaccarezza destac\u00f3 que \u00abel perfil de la oposici\u00f3n al gobierno actual se define en los pr\u00f3ximos 20 d\u00edas, el di\u00e1logo es el camino para el acuerdo y el acuerdo es el camino para la unidad.\u201d<\/p>\n\n\n\n<p><strong>Fuente parcial: cadenanueve.com<\/strong><\/p>\n","protected":false},"excerpt":{"rendered":"<p>Sergio Buil resalt\u00f3 que \u201cEstamos convencidos que los valores de apertura, di\u00e1logo, acuerdo, escucha, y construcci\u00f3n desde y para el bien com\u00fan, son m\u00e1s que necesarios<\/p>\n","protected":false},"author":2,"featured_media":80303,"comment_status":"closed","ping_status":"open","sticky":false,"template":"","format":"standard","meta":{"footnotes":""},"categories":[1330],"tags":[1329],"class_list":["post-80302","post","type-post","status-publish","format-standard","has-post-thumbnail","hentry","category-inferior10","tag-politica-electoral"],"yoast_head":"<!-- This site is optimized with the Yoast SEO plugin v23.4 - https:\/\/yoast.com\/wordpress\/plugins\/seo\/ -->\n<title>Se present\u00f3 en Jun\u00edn el &quot;Partido para el Di\u00e1logo&quot; que impulsa a Emilio Monz\u00f3 - Infoecos<\/title>\n<meta name=\"robots\" content=\"index, follow, max-snippet:-1, max-image-preview:large, max-video-preview:-1\" \/>\n<link rel=\"canonical\" href=\"https:\/\/infoecos.com.ar\/index.php\/se-presento-en-junin-el-partido-para-el-dialogo-que-impulsa-a-emilio-monzo\/\" \/>\n<meta property=\"og:locale\" content=\"es_ES\" \/>\n<meta property=\"og:type\" content=\"article\" \/>\n<meta property=\"og:title\" content=\"Se present\u00f3 en Jun\u00edn el &quot;Partido para el Di\u00e1logo&quot; que impulsa a Emilio Monz\u00f3 - Infoecos\" \/>\n<meta property=\"og:description\" content=\"Sergio Buil resalt\u00f3 que \u201cEstamos convencidos que los valores de apertura, di\u00e1logo, acuerdo, escucha, y construcci\u00f3n desde y para el bien com\u00fan, son m\u00e1s que necesarios\" \/>\n<meta property=\"og:url\" content=\"https:\/\/infoecos.com.ar\/index.php\/se-presento-en-junin-el-partido-para-el-dialogo-que-impulsa-a-emilio-monzo\/\" \/>\n<meta property=\"og:site_name\" content=\"Infoecos\" \/>\n<meta property=\"article:publisher\" content=\"https:\/\/www.facebook.com\/profile.php?id=100063200290284\" \/>\n<meta property=\"article:published_time\" content=\"2021-06-28T05:35:05+00:00\" \/>\n<meta property=\"article:modified_time\" content=\"2021-06-30T05:47:53+00:00\" \/>\n<meta property=\"og:image\" content=\"https:\/\/infoecos.com.ar\/wp-content\/uploads\/2021\/06\/partidoparaeldialogofotogru.jpeg\" \/>\n\t<meta property=\"og:image:width\" content=\"1280\" \/>\n\t<meta property=\"og:image:height\" content=\"769\" \/>\n\t<meta property=\"og:image:type\" content=\"image\/jpeg\" \/>\n<meta name=\"author\" content=\"Jorge Matheus\" \/>\n<meta name=\"twitter:card\" content=\"summary_large_image\" \/>\n<meta name=\"twitter:creator\" content=\"@infoecos\" \/>\n<meta name=\"twitter:site\" content=\"@infoecos\" \/>\n<meta name=\"twitter:label1\" content=\"Escrito por\" \/>\n\t<meta name=\"twitter:data1\" content=\"Jorge Matheus\" \/>\n\t<meta name=\"twitter:label2\" content=\"Tiempo de lectura\" \/>\n\t<meta name=\"twitter:data2\" content=\"1 minuto\" \/>\n<script type=\"application\/ld+json\" class=\"yoast-schema-graph\">{\"@context\":\"https:\/\/schema.org\",\"@graph\":[{\"@type\":\"Article\",\"@id\":\"https:\/\/infoecos.com.ar\/index.php\/se-presento-en-junin-el-partido-para-el-dialogo-que-impulsa-a-emilio-monzo\/#article\",\"isPartOf\":{\"@id\":\"https:\/\/infoecos.com.ar\/index.php\/se-presento-en-junin-el-partido-para-el-dialogo-que-impulsa-a-emilio-monzo\/\"},\"author\":{\"name\":\"Jorge Matheus\",\"@id\":\"https:\/\/infoecos.com.ar\/#\/schema\/person\/8f5ace5ce73b4b4aac4b7245aee6f191\"},\"headline\":\"Se present\u00f3 en Jun\u00edn el \u00abPartido para el Di\u00e1logo\u00bb que impulsa a Emilio Monz\u00f3\",\"datePublished\":\"2021-06-28T05:35:05+00:00\",\"dateModified\":\"2021-06-30T05:47:53+00:00\",\"mainEntityOfPage\":{\"@id\":\"https:\/\/infoecos.com.ar\/index.php\/se-presento-en-junin-el-partido-para-el-dialogo-que-impulsa-a-emilio-monzo\/\"},\"wordCount\":143,\"publisher\":{\"@id\":\"https:\/\/infoecos.com.ar\/#organization\"},\"image\":{\"@id\":\"https:\/\/infoecos.com.ar\/index.php\/se-presento-en-junin-el-partido-para-el-dialogo-que-impulsa-a-emilio-monzo\/#primaryimage\"},\"thumbnailUrl\":\"https:\/\/infoecos.com.ar\/wp-content\/uploads\/2021\/06\/partidoparaeldialogofotogru.jpeg\",\"keywords\":[\"POL\u00cdTICA ELECTORAL\"],\"articleSection\":[\"Bloque inferior - 10\"],\"inLanguage\":\"es\"},{\"@type\":\"WebPage\",\"@id\":\"https:\/\/infoecos.com.ar\/index.php\/se-presento-en-junin-el-partido-para-el-dialogo-que-impulsa-a-emilio-monzo\/\",\"url\":\"https:\/\/infoecos.com.ar\/index.php\/se-presento-en-junin-el-partido-para-el-dialogo-que-impulsa-a-emilio-monzo\/\",\"name\":\"Se present\u00f3 en Jun\u00edn el \\\"Partido para el Di\u00e1logo\\\" que impulsa a Emilio Monz\u00f3 - Infoecos\",\"isPartOf\":{\"@id\":\"https:\/\/infoecos.com.ar\/#website\"},\"primaryImageOfPage\":{\"@id\":\"https:\/\/infoecos.com.ar\/index.php\/se-presento-en-junin-el-partido-para-el-dialogo-que-impulsa-a-emilio-monzo\/#primaryimage\"},\"image\":{\"@id\":\"https:\/\/infoecos.com.ar\/index.php\/se-presento-en-junin-el-partido-para-el-dialogo-que-impulsa-a-emilio-monzo\/#primaryimage\"},\"thumbnailUrl\":\"https:\/\/infoecos.com.ar\/wp-content\/uploads\/2021\/06\/partidoparaeldialogofotogru.jpeg\",\"datePublished\":\"2021-06-28T05:35:05+00:00\",\"dateModified\":\"2021-06-30T05:47:53+00:00\",\"breadcrumb\":{\"@id\":\"https:\/\/infoecos.com.ar\/index.php\/se-presento-en-junin-el-partido-para-el-dialogo-que-impulsa-a-emilio-monzo\/#breadcrumb\"},\"inLanguage\":\"es\",\"potentialAction\":[{\"@type\":\"ReadAction\",\"target\":[\"https:\/\/infoecos.com.ar\/index.php\/se-presento-en-junin-el-partido-para-el-dialogo-que-impulsa-a-emilio-monzo\/\"]}]},{\"@type\":\"ImageObject\",\"inLanguage\":\"es\",\"@id\":\"https:\/\/infoecos.com.ar\/index.php\/se-presento-en-junin-el-partido-para-el-dialogo-que-impulsa-a-emilio-monzo\/#primaryimage\",\"url\":\"https:\/\/infoecos.com.ar\/wp-content\/uploads\/2021\/06\/partidoparaeldialogofotogru.jpeg\",\"contentUrl\":\"https:\/\/infoecos.com.ar\/wp-content\/uploads\/2021\/06\/partidoparaeldialogofotogru.jpeg\",\"width\":1280,\"height\":769},{\"@type\":\"BreadcrumbList\",\"@id\":\"https:\/\/infoecos.com.ar\/index.php\/se-presento-en-junin-el-partido-para-el-dialogo-que-impulsa-a-emilio-monzo\/#breadcrumb\",\"itemListElement\":[{\"@type\":\"ListItem\",\"position\":1,\"name\":\"Portada\",\"item\":\"https:\/\/infoecos.com.ar\/\"},{\"@type\":\"ListItem\",\"position\":2,\"name\":\"Se present\u00f3 en Jun\u00edn el \u00abPartido para el Di\u00e1logo\u00bb que impulsa a Emilio Monz\u00f3\"}]},{\"@type\":\"WebSite\",\"@id\":\"https:\/\/infoecos.com.ar\/#website\",\"url\":\"https:\/\/infoecos.com.ar\/\",\"name\":\"Infoecos\",\"description\":\"Noticias de trenque lauquen y la zona\",\"publisher\":{\"@id\":\"https:\/\/infoecos.com.ar\/#organization\"},\"alternateName\":\"Noticias\",\"potentialAction\":[{\"@type\":\"SearchAction\",\"target\":{\"@type\":\"EntryPoint\",\"urlTemplate\":\"https:\/\/infoecos.com.ar\/?s={search_term_string}\"},\"query-input\":{\"@type\":\"PropertyValueSpecification\",\"valueRequired\":true,\"valueName\":\"search_term_string\"}}],\"inLanguage\":\"es\"},{\"@type\":\"Organization\",\"@id\":\"https:\/\/infoecos.com.ar\/#organization\",\"name\":\"Infoecos\",\"alternateName\":\"Noticias\",\"url\":\"https:\/\/infoecos.com.ar\/\",\"logo\":{\"@type\":\"ImageObject\",\"inLanguage\":\"es\",\"@id\":\"https:\/\/infoecos.com.ar\/#\/schema\/logo\/image\/\",\"url\":\"https:\/\/infoecos.com.ar\/wp-content\/uploads\/2024\/03\/cropped-logo.png\",\"contentUrl\":\"https:\/\/infoecos.com.ar\/wp-content\/uploads\/2024\/03\/cropped-logo.png\",\"width\":374,\"height\":90,\"caption\":\"Infoecos\"},\"image\":{\"@id\":\"https:\/\/infoecos.com.ar\/#\/schema\/logo\/image\/\"},\"sameAs\":[\"https:\/\/www.facebook.com\/profile.php?id=100063200290284\",\"https:\/\/x.com\/infoecos\"]},{\"@type\":\"Person\",\"@id\":\"https:\/\/infoecos.com.ar\/#\/schema\/person\/8f5ace5ce73b4b4aac4b7245aee6f191\",\"name\":\"Jorge Matheus\",\"url\":\"https:\/\/infoecos.com.ar\/index.php\/author\/jomatheus\/\"}]}<\/script>\n<!-- \/ Yoast SEO plugin. -->","yoast_head_json":{"title":"Se present\u00f3 en Jun\u00edn el \"Partido para el Di\u00e1logo\" que impulsa a Emilio Monz\u00f3 - Infoecos","robots":{"index":"index","follow":"follow","max-snippet":"max-snippet:-1","max-image-preview":"max-image-preview:large","max-video-preview":"max-video-preview:-1"},"canonical":"https:\/\/infoecos.com.ar\/index.php\/se-presento-en-junin-el-partido-para-el-dialogo-que-impulsa-a-emilio-monzo\/","og_locale":"es_ES","og_type":"article","og_title":"Se present\u00f3 en Jun\u00edn el \"Partido para el Di\u00e1logo\" que impulsa a Emilio Monz\u00f3 - Infoecos","og_description":"Sergio Buil resalt\u00f3 que \u201cEstamos convencidos que los valores de apertura, di\u00e1logo, acuerdo, escucha, y construcci\u00f3n desde y para el bien com\u00fan, son m\u00e1s que necesarios","og_url":"https:\/\/infoecos.com.ar\/index.php\/se-presento-en-junin-el-partido-para-el-dialogo-que-impulsa-a-emilio-monzo\/","og_site_name":"Infoecos","article_publisher":"https:\/\/www.facebook.com\/profile.php?id=100063200290284","article_published_time":"2021-06-28T05:35:05+00:00","article_modified_time":"2021-06-30T05:47:53+00:00","og_image":[{"width":1280,"height":769,"url":"https:\/\/infoecos.com.ar\/wp-content\/uploads\/2021\/06\/partidoparaeldialogofotogru.jpeg","type":"image\/jpeg"}],"author":"Jorge Matheus","twitter_card":"summary_large_image","twitter_creator":"@infoecos","twitter_site":"@infoecos","twitter_misc":{"Escrito por":"Jorge Matheus","Tiempo de lectura":"1 minuto"},"schema":{"@context":"https:\/\/schema.org","@graph":[{"@type":"Article","@id":"https:\/\/infoecos.com.ar\/index.php\/se-presento-en-junin-el-partido-para-el-dialogo-que-impulsa-a-emilio-monzo\/#article","isPartOf":{"@id":"https:\/\/infoecos.com.ar\/index.php\/se-presento-en-junin-el-partido-para-el-dialogo-que-impulsa-a-emilio-monzo\/"},"author":{"name":"Jorge Matheus","@id":"https:\/\/infoecos.com.ar\/#\/schema\/person\/8f5ace5ce73b4b4aac4b7245aee6f191"},"headline":"Se present\u00f3 en Jun\u00edn el \u00abPartido para el Di\u00e1logo\u00bb que impulsa a Emilio Monz\u00f3","datePublished":"2021-06-28T05:35:05+00:00","dateModified":"2021-06-30T05:47:53+00:00","mainEntityOfPage":{"@id":"https:\/\/infoecos.com.ar\/index.php\/se-presento-en-junin-el-partido-para-el-dialogo-que-impulsa-a-emilio-monzo\/"},"wordCount":143,"publisher":{"@id":"https:\/\/infoecos.com.ar\/#organization"},"image":{"@id":"https:\/\/infoecos.com.ar\/index.php\/se-presento-en-junin-el-partido-para-el-dialogo-que-impulsa-a-emilio-monzo\/#primaryimage"},"thumbnailUrl":"https:\/\/infoecos.com.ar\/wp-content\/uploads\/2021\/06\/partidoparaeldialogofotogru.jpeg","keywords":["POL\u00cdTICA ELECTORAL"],"articleSection":["Bloque inferior - 10"],"inLanguage":"es"},{"@type":"WebPage","@id":"https:\/\/infoecos.com.ar\/index.php\/se-presento-en-junin-el-partido-para-el-dialogo-que-impulsa-a-emilio-monzo\/","url":"https:\/\/infoecos.com.ar\/index.php\/se-presento-en-junin-el-partido-para-el-dialogo-que-impulsa-a-emilio-monzo\/","name":"Se present\u00f3 en Jun\u00edn el \"Partido para el Di\u00e1logo\" que impulsa a Emilio Monz\u00f3 - Infoecos","isPartOf":{"@id":"https:\/\/infoecos.com.ar\/#website"},"primaryImageOfPage":{"@id":"https:\/\/infoecos.com.ar\/index.php\/se-presento-en-junin-el-partido-para-el-dialogo-que-impulsa-a-emilio-monzo\/#primaryimage"},"image":{"@id":"https:\/\/infoecos.com.ar\/index.php\/se-presento-en-junin-el-partido-para-el-dialogo-que-impulsa-a-emilio-monzo\/#primaryimage"},"thumbnailUrl":"https:\/\/infoecos.com.ar\/wp-content\/uploads\/2021\/06\/partidoparaeldialogofotogru.jpeg","datePublished":"2021-06-28T05:35:05+00:00","dateModified":"2021-06-30T05:47:53+00:00","breadcrumb":{"@id":"https:\/\/infoecos.com.ar\/index.php\/se-presento-en-junin-el-partido-para-el-dialogo-que-impulsa-a-emilio-monzo\/#breadcrumb"},"inLanguage":"es","potentialAction":[{"@type":"ReadAction","target":["https:\/\/infoecos.com.ar\/index.php\/se-presento-en-junin-el-partido-para-el-dialogo-que-impulsa-a-emilio-monzo\/"]}]},{"@type":"ImageObject","inLanguage":"es","@id":"https:\/\/infoecos.com.ar\/index.php\/se-presento-en-junin-el-partido-para-el-dialogo-que-impulsa-a-emilio-monzo\/#primaryimage","url":"https:\/\/infoecos.com.ar\/wp-content\/uploads\/2021\/06\/partidoparaeldialogofotogru.jpeg","contentUrl":"https:\/\/infoecos.com.ar\/wp-content\/uploads\/2021\/06\/partidoparaeldialogofotogru.jpeg","width":1280,"height":769},{"@type":"BreadcrumbList","@id":"https:\/\/infoecos.com.ar\/index.php\/se-presento-en-junin-el-partido-para-el-dialogo-que-impulsa-a-emilio-monzo\/#breadcrumb","itemListElement":[{"@type":"ListItem","position":1,"name":"Portada","item":"https:\/\/infoecos.com.ar\/"},{"@type":"ListItem","position":2,"name":"Se present\u00f3 en Jun\u00edn el \u00abPartido para el Di\u00e1logo\u00bb que impulsa a Emilio Monz\u00f3"}]},{"@type":"WebSite","@id":"https:\/\/infoecos.com.ar\/#website","url":"https:\/\/infoecos.com.ar\/","name":"Infoecos","description":"Noticias de trenque lauquen y la zona","publisher":{"@id":"https:\/\/infoecos.com.ar\/#organization"},"alternateName":"Noticias","potentialAction":[{"@type":"SearchAction","target":{"@type":"EntryPoint","urlTemplate":"https:\/\/infoecos.com.ar\/?s={search_term_string}"},"query-input":{"@type":"PropertyValueSpecification","valueRequired":true,"valueName":"search_term_string"}}],"inLanguage":"es"},{"@type":"Organization","@id":"https:\/\/infoecos.com.ar\/#organization","name":"Infoecos","alternateName":"Noticias","url":"https:\/\/infoecos.com.ar\/","logo":{"@type":"ImageObject","inLanguage":"es","@id":"https:\/\/infoecos.com.ar\/#\/schema\/logo\/image\/","url":"https:\/\/infoecos.com.ar\/wp-content\/uploads\/2024\/03\/cropped-logo.png","contentUrl":"https:\/\/infoecos.com.ar\/wp-content\/uploads\/2024\/03\/cropped-logo.png","width":374,"height":90,"caption":"Infoecos"},"image":{"@id":"https:\/\/infoecos.com.ar\/#\/schema\/logo\/image\/"},"sameAs":["https:\/\/www.facebook.com\/profile.php?id=100063200290284","https:\/\/x.com\/infoecos"]},{"@type":"Person","@id":"https:\/\/infoecos.com.ar\/#\/schema\/person\/8f5ace5ce73b4b4aac4b7245aee6f191","name":"Jorge Matheus","url":"https:\/\/infoecos.com.ar\/index.php\/author\/jomatheus\/"}]}},"featured_image_urls":{"full":["https:\/\/infoecos.com.ar\/wp-content\/uploads\/2021\/06\/partidoparaeldialogofotogru.jpeg",1280,769,false],"thumbnail":["https:\/\/infoecos.com.ar\/wp-content\/uploads\/2021\/06\/partidoparaeldialogofotogru-150x150.jpeg",150,150,true],"medium":["https:\/\/infoecos.com.ar\/wp-content\/uploads\/2021\/06\/partidoparaeldialogofotogru-460x276.jpeg",460,276,true],"medium_large":["https:\/\/infoecos.com.ar\/wp-content\/uploads\/2021\/06\/partidoparaeldialogofotogru-768x461.jpeg",640,384,true],"large":["https:\/\/infoecos.com.ar\/wp-content\/uploads\/2021\/06\/partidoparaeldialogofotogru-920x553.jpeg",640,385,true],"1536x1536":["https:\/\/infoecos.com.ar\/wp-content\/uploads\/2021\/06\/partidoparaeldialogofotogru.jpeg",1280,769,false],"2048x2048":["https:\/\/infoecos.com.ar\/wp-content\/uploads\/2021\/06\/partidoparaeldialogofotogru.jpeg",1280,769,false],"covernews-slider-full":["https:\/\/infoecos.com.ar\/wp-content\/uploads\/2021\/06\/partidoparaeldialogofotogru.jpeg",1115,670,false],"covernews-slider-center":["https:\/\/infoecos.com.ar\/wp-content\/uploads\/2021\/06\/partidoparaeldialogofotogru-936x769.jpeg",609,500,true],"covernews-featured":["https:\/\/infoecos.com.ar\/wp-content\/uploads\/2021\/06\/partidoparaeldialogofotogru-1024x615.jpeg",1024,615,true],"covernews-medium":["https:\/\/infoecos.com.ar\/wp-content\/uploads\/2021\/06\/partidoparaeldialogofotogru-720x380.jpeg",540,285,true],"covernews-medium-square":["https:\/\/infoecos.com.ar\/wp-content\/uploads\/2021\/06\/partidoparaeldialogofotogru-675x450.jpeg",375,250,true]},"author_info":{"info":["Jorge Matheus"]},"category_info":"<a href=\"https:\/\/infoecos.com.ar\/index.php\/category\/inferior10\/\" rel=\"category tag\">Bloque inferior - 10<\/a>","tag_info":"Bloque inferior - 10","comment_count":"0","_links":{"self":[{"href":"https:\/\/infoecos.com.ar\/index.php\/wp-json\/wp\/v2\/posts\/80302"}],"collection":[{"href":"https:\/\/infoecos.com.ar\/index.php\/wp-json\/wp\/v2\/posts"}],"about":[{"href":"https:\/\/infoecos.com.ar\/index.php\/wp-json\/wp\/v2\/types\/post"}],"author":[{"embeddable":true,"href":"https:\/\/infoecos.com.ar\/index.php\/wp-json\/wp\/v2\/users\/2"}],"replies":[{"embeddable":true,"href":"https:\/\/infoecos.com.ar\/index.php\/wp-json\/wp\/v2\/comments?post=80302"}],"version-history":[{"count":1,"href":"https:\/\/infoecos.com.ar\/index.php\/wp-json\/wp\/v2\/posts\/80302\/revisions"}],"predecessor-version":[{"id":80305,"href":"https:\/\/infoecos.com.ar\/index.php\/wp-json\/wp\/v2\/posts\/80302\/revisions\/80305"}],"wp:featuredmedia":[{"embeddable":true,"href":"https:\/\/infoecos.com.ar\/index.php\/wp-json\/wp\/v2\/media\/80303"}],"wp:attachment":[{"href":"https:\/\/infoecos.com.ar\/index.php\/wp-json\/wp\/v2\/media?parent=80302"}],"wp:term":[{"taxonomy":"category","embeddable":true,"href":"https:\/\/infoecos.com.ar\/index.php\/wp-json\/wp\/v2\/categories?post=80302"},{"taxonomy":"post_tag","embeddable":true,"href":"https:\/\/infoecos.com.ar\/index.php\/wp-json\/wp\/v2\/tags?post=80302"}],"curies":[{"name":"wp","href":"https:\/\/api.w.org\/{rel}","templated":true}]}}