{"id":80360,"date":"2021-06-29T00:48:32","date_gmt":"2021-06-29T03:48:32","guid":{"rendered":"http:\/\/infoecos.com.ar\/?p=80360"},"modified":"2021-06-30T02:43:53","modified_gmt":"2021-06-30T05:43:53","slug":"el-presidente-del-concejo-deliberante-de-trenque-lauquen-decreto-tres-dias-de-duelo-por-la-muerte-de-ricardo-kurlat","status":"publish","type":"post","link":"https:\/\/infoecos.com.ar\/index.php\/el-presidente-del-concejo-deliberante-de-trenque-lauquen-decreto-tres-dias-de-duelo-por-la-muerte-de-ricardo-kurlat\/","title":{"rendered":"El presidente del Concejo Deliberante de Trenque Lauquen decret\u00f3 tres d\u00edas de duelo por la muerte de Ricardo Kurlat"},"content":{"rendered":"\n<p class=\"wp-block-paragraph\">El presidente del Concejo Deliberante de Trenque Lauquen, Dr. Alberto Rodr\u00edguez Mera, decret\u00f3 este lunes tres d\u00edas de duelo por el fallecimiento del ex concejal y ex presidente del Cuerpo legislativo, Dr. Ricardo Avelino Kurlat.<\/p>\n\n\n\n<div class=\"wp-block-image\"><figure class=\"aligncenter size-medium\"><img loading=\"lazy\" decoding=\"async\" width=\"388\" height=\"460\" src=\"http:\/\/infoecos.com.ar\/wp-content\/uploads\/2021\/06\/ricardokurlat-388x460.jpg\" alt=\"\" class=\"wp-image-80267\" srcset=\"https:\/\/infoecos.com.ar\/wp-content\/uploads\/2021\/06\/ricardokurlat-388x460.jpg 388w, https:\/\/infoecos.com.ar\/wp-content\/uploads\/2021\/06\/ricardokurlat.jpg 432w\" sizes=\"auto, (max-width: 388px) 100vw, 388px\" \/><\/figure><\/div>\n\n\n\n<p class=\"wp-block-paragraph\">La normativa -Decreto n\u00ba 2066\/01- se\u00f1ala en sus considerandos que el Dr. Kurlat fue electo Concejal por la Uni\u00f3n C\u00edvica Radical en el a\u00f1o 1983, en el retorno a la Democracia en nuestro pa\u00eds, para cumplir su mandato como edil entre los a\u00f1os 1983 a 1987.<\/p>\n\n\n\n<p class=\"wp-block-paragraph\">Agrega que en la Sesi\u00f3n Preparatoria celebrada el 11 de Diciembre de 1985, Kurlat es designado por sus pares para presidir el Honorable Concejo Deliberante por los siguientes 2 a\u00f1os.<\/p>\n\n\n\n<p class=\"wp-block-paragraph\">\u201cEste Honorable Concejo Deliberante quiere homenajear al ex Concejal y ex Presidente del Cuerpo, pero fundamentalmente al hombre, que supo elevar y enriquecer desde su sapiencia la funci\u00f3n de edil de Trenque Lauquen\u201d, concluye la normativa.<\/p>\n","protected":false},"excerpt":{"rendered":"<p>La normativa -Decreto n\u00ba 2066\/01- se\u00f1ala en sus considerandos que el Dr. Kurlat fue electo Concejal por la Uni\u00f3n C\u00edvica Radical en el a\u00f1o 1983<\/p>\n","protected":false},"author":2,"featured_media":80267,"comment_status":"closed","ping_status":"open","sticky":false,"template":"","format":"standard","meta":{"footnotes":""},"categories":[40],"tags":[4061],"class_list":["post-80360","post","type-post","status-publish","format-standard","has-post-thumbnail","hentry","category-inferior1","tag-decision-politica"],"featured_image_urls":{"full":["https:\/\/infoecos.com.ar\/wp-content\/uploads\/2021\/06\/ricardokurlat.jpg",432,512,false],"thumbnail":["https:\/\/infoecos.com.ar\/wp-content\/uploads\/2021\/06\/ricardokurlat-150x150.jpg",150,150,true],"medium":["https:\/\/infoecos.com.ar\/wp-content\/uploads\/2021\/06\/ricardokurlat-388x460.jpg",388,460,true],"medium_large":["https:\/\/infoecos.com.ar\/wp-content\/uploads\/2021\/06\/ricardokurlat.jpg",432,512,false],"large":["https:\/\/infoecos.com.ar\/wp-content\/uploads\/2021\/06\/ricardokurlat.jpg",432,512,false],"1536x1536":["https:\/\/infoecos.com.ar\/wp-content\/uploads\/2021\/06\/ricardokurlat.jpg",432,512,false],"2048x2048":["https:\/\/infoecos.com.ar\/wp-content\/uploads\/2021\/06\/ricardokurlat.jpg",432,512,false],"covernews-slider-full":["https:\/\/infoecos.com.ar\/wp-content\/uploads\/2021\/06\/ricardokurlat.jpg",432,512,false],"covernews-slider-center":["https:\/\/infoecos.com.ar\/wp-content\/uploads\/2021\/06\/ricardokurlat.jpg",422,500,false],"covernews-featured":["https:\/\/infoecos.com.ar\/wp-content\/uploads\/2021\/06\/ricardokurlat.jpg",432,512,false],"covernews-medium":["https:\/\/infoecos.com.ar\/wp-content\/uploads\/2021\/06\/ricardokurlat-432x380.jpg",387,340,true],"covernews-medium-square":["https:\/\/infoecos.com.ar\/wp-content\/uploads\/2021\/06\/ricardokurlat-432x450.jpg",240,250,true]},"author_info":{"info":["Jorge Matheus"]},"category_info":"<a href=\"https:\/\/infoecos.com.ar\/index.php\/category\/inferior1\/\" rel=\"category tag\">Bloque inferior - 1<\/a>","tag_info":"Bloque inferior - 1","comment_count":"0","_links":{"self":[{"href":"https:\/\/infoecos.com.ar\/index.php\/wp-json\/wp\/v2\/posts\/80360","targetHints":{"allow":["GET"]}}],"collection":[{"href":"https:\/\/infoecos.com.ar\/index.php\/wp-json\/wp\/v2\/posts"}],"about":[{"href":"https:\/\/infoecos.com.ar\/index.php\/wp-json\/wp\/v2\/types\/post"}],"author":[{"embeddable":true,"href":"https:\/\/infoecos.com.ar\/index.php\/wp-json\/wp\/v2\/users\/2"}],"replies":[{"embeddable":true,"href":"https:\/\/infoecos.com.ar\/index.php\/wp-json\/wp\/v2\/comments?post=80360"}],"version-history":[{"count":2,"href":"https:\/\/infoecos.com.ar\/index.php\/wp-json\/wp\/v2\/posts\/80360\/revisions"}],"predecessor-version":[{"id":80363,"href":"https:\/\/infoecos.com.ar\/index.php\/wp-json\/wp\/v2\/posts\/80360\/revisions\/80363"}],"wp:featuredmedia":[{"embeddable":true,"href":"https:\/\/infoecos.com.ar\/index.php\/wp-json\/wp\/v2\/media\/80267"}],"wp:attachment":[{"href":"https:\/\/infoecos.com.ar\/index.php\/wp-json\/wp\/v2\/media?parent=80360"}],"wp:term":[{"taxonomy":"category","embeddable":true,"href":"https:\/\/infoecos.com.ar\/index.php\/wp-json\/wp\/v2\/categories?post=80360"},{"taxonomy":"post_tag","embeddable":true,"href":"https:\/\/infoecos.com.ar\/index.php\/wp-json\/wp\/v2\/tags?post=80360"}],"curies":[{"name":"wp","href":"https:\/\/api.w.org\/{rel}","templated":true}]}}