{"id":80414,"date":"2021-06-29T18:12:32","date_gmt":"2021-06-29T21:12:32","guid":{"rendered":"http:\/\/infoecos.com.ar\/?p=80414"},"modified":"2021-07-06T02:52:07","modified_gmt":"2021-07-06T05:52:07","slug":"el-gobernador-kicillof-anuncio-la-pavimentacion-del-ultimo-tramo-de-la-ruta-del-cereal-entre-salazar-y-garre","status":"publish","type":"post","link":"https:\/\/infoecos.com.ar\/index.php\/el-gobernador-kicillof-anuncio-la-pavimentacion-del-ultimo-tramo-de-la-ruta-del-cereal-entre-salazar-y-garre\/","title":{"rendered":"El gobernador Kicillof anunci\u00f3 la pavimentaci\u00f3n del \u00faltimo tramo de la Ruta del Cereal entre Salazar y Garr\u00e9"},"content":{"rendered":"\n<p>El gobernador de la provincia de Buenos Aires, Axel Kicillof anunci\u00f3 a trav\u00e9s de la red social Twitter la pavimentaci\u00f3n del \u00faltimo tramo de la Ruta del Cereal, comprendida entre Salazar (Daireaux) \u2013 Garr\u00e9 (RN N\u00b033) (Guamin\u00ed) pasando por el distrito de Trenque Lauquen. <\/p>\n\n\n\n<p>La longitud total a intervenir con trabajos de pavimentaci\u00f3n y repavimentaci\u00f3n en el tramo es de 47.405 metros. El presupuesto oficial $1.912.758.346. <\/p>\n\n\n\n<figure class=\"wp-block-embed is-type-rich is-provider-twitter wp-block-embed-twitter\"><div class=\"wp-block-embed__wrapper\">\n<blockquote class=\"twitter-tweet\" data-width=\"550\" data-dnt=\"true\"><p lang=\"es\" dir=\"ltr\">Con la pavimentaci\u00f3n de este \u00faltimo tramo Salazar \u2013 Garr\u00e9 (RN N\u00b033) se completar\u00eda todo el corredor de la Ruta del Cereal. <br><br>La longitud total a intervenir con trabajos de pavimentaci\u00f3n y repavimentaci\u00f3n en el tramo es de 47.405 metros. El presupuesto oficial $1.912.758.346<\/p>&mdash; Axel Kicillof (@Kicillofok) <a href=\"https:\/\/twitter.com\/Kicillofok\/status\/1409904794555322370?ref_src=twsrc%5Etfw\">June 29, 2021<\/a><\/blockquote><script async src=\"https:\/\/platform.twitter.com\/widgets.js\" charset=\"utf-8\"><\/script>\n<\/div><\/figure>\n\n\n\n<p>El intendente de Trenque Lauquen, Miguel Fern\u00e1ndez, hizo conocer su satisfacci\u00f3n por el anuncio a trav\u00e9s de las redes sociales, entre ellas Twitter.<\/p>\n\n\n\n<figure class=\"wp-block-embed is-type-rich is-provider-twitter wp-block-embed-twitter\"><div class=\"wp-block-embed__wrapper\">\n<blockquote class=\"twitter-tweet\" data-width=\"550\" data-dnt=\"true\"><p lang=\"es\" dir=\"ltr\">La obra beneficiar\u00e1 el movimiento de vecinos, y la producci\u00f3n, de cuatro municipios de la Regi\u00f3n. El gobernador cumple as\u00ed con lo prometido en su reciente visita a 30 de Agosto.<a href=\"https:\/\/twitter.com\/hashtag\/RutadelCereal?src=hash&amp;ref_src=twsrc%5Etfw\">#RutadelCereal<\/a> <a href=\"https:\/\/twitter.com\/hashtag\/producci%C3%B3n?src=hash&amp;ref_src=twsrc%5Etfw\">#producci\u00f3n<\/a> <a href=\"https:\/\/twitter.com\/hashtag\/rutasbonaerenses?src=hash&amp;ref_src=twsrc%5Etfw\">#rutasbonaerenses<\/a><\/p>&mdash; Miguel Fern\u00e1ndez (@MFernandezTL) <a href=\"https:\/\/twitter.com\/MFernandezTL\/status\/1409930094311788553?ref_src=twsrc%5Etfw\">June 29, 2021<\/a><\/blockquote><script async src=\"https:\/\/platform.twitter.com\/widgets.js\" charset=\"utf-8\"><\/script>\n<\/div><\/figure>\n\n\n\n<p>El ex intendente municipal de Guamin\u00ed, N\u00e9stor \u00c1lvarez, en su cuenta de Facebook manifest\u00f3 que \u00abHace instantes nuestro Gobernador Axel Kicillof anunci\u00f3 la licitaci\u00f3n de la pavimentaci\u00f3n de los 47 km restantes de la ruta del cereal !!!!!!!!!!!! 1912 M de pesos de inversi\u00f3n!!!!!!!!!! Gracias Gobernador !!!! Gracias Presidente Alberto Fernandez !!! Gracias Ministro Katopodis y Ministro Simone !!!! Gracias Gustavo Arrieta !!!! El trabajo conjunto entre los Intendentes, La Naci\u00f3n y La Provincia dan sus frutos !!!! Gracias Axel por la mirada sobre nuestro interior Pcial !!!!.<\/p>\n\n\n\n<div class=\"wp-block-image is-style-default\"><figure class=\"aligncenter size-medium\"><img decoding=\"async\" src=\"http:\/\/infoecos.com.ar\/wp-content\/uploads\/DlphH2TX0AE3V7e-460x305.jpg\" alt=\"\" class=\"wp-image-49361\"\/><figcaption>\u00c1lvarez, N\u00e9stor &#8211; Intendente Guamin\u00ed (archivo)<\/figcaption><\/figure><\/div>\n\n\n\n<p>En tanto desde el municipio de Guamin\u00ed, hoy gobernador de Jos\u00e9 Nobre Ferreira, se public\u00f3 el mapa de la zona por donde pasa la ruta y escuetamente escribieron: Gracias Se\u00f1or Gobernador <a href=\"https:\/\/www.facebook.com\/kicillofok\/?__cft__[0]=AZXOzjI_tgKFJN_Txr1bDy16w3-JdYeLqMzzqsPZr9mmuX04Gk-KbsWkQTBYkwsQxU1sEdKsfXl-abnoFXajbbOwayEuW-iKizqE06gbYjEwT0x2zWLEXNBjRrFFWZcmrfR76InfHcu2D1GhxtS9EDyvaeAPocaS1FnRmZE6XkhQIQ&amp;__tn__=kK-R\">Axel Kicillof<\/a>. <\/p>\n\n\n\n<div class=\"wp-block-image is-style-default\"><figure class=\"aligncenter size-medium\"><img decoding=\"async\" src=\"http:\/\/infoecos.com.ar\/wp-content\/uploads\/37925073_2087116177968078_7248883972116054016_o-460x259.jpg\" alt=\"\" class=\"wp-image-48929\"\/><figcaption>Trenque Lauquen &#8211; Jord\u00e1n Jorge<\/figcaption><\/figure><\/div>\n\n\n\n<p>El concejal Jorge Jord\u00e1n del Frente Renovador, alineado con el Frente de Todos, expres\u00f3 a trav\u00e9s de Facebook: \u00abExcelente noticia para toda la regi\u00f3n, a\u00f1os luchando por esta gran Obra que permite tener infraestructura vial acord\u00e9 a las necesidades de los docentes, productores, salud, vecinos de esas localidades y todo aquel que transita por distintos motivos\u00bb.<\/p>\n","protected":false},"excerpt":{"rendered":"<p>Los intendentes municipales de Trenque Lauquen, Guamin\u00ed, N\u00e9stor \u00c1lvarez, Jorge Jord\u00e1n, entre otros, transmitieron su satisfacci\u00f3n<\/p>\n","protected":false},"author":2,"featured_media":70983,"comment_status":"closed","ping_status":"open","sticky":false,"template":"","format":"standard","meta":{"footnotes":""},"categories":[1334],"tags":[4066],"class_list":["post-80414","post","type-post","status-publish","format-standard","has-post-thumbnail","hentry","category-inferior14","tag-son-casi-47-kilometros-y-medio"],"yoast_head":"<!-- This site is optimized with the Yoast SEO plugin v23.4 - https:\/\/yoast.com\/wordpress\/plugins\/seo\/ -->\n<title>El gobernador Kicillof anunci\u00f3 la pavimentaci\u00f3n del \u00faltimo tramo de la Ruta del Cereal entre Salazar y Garr\u00e9 - Infoecos<\/title>\n<meta name=\"robots\" content=\"index, follow, max-snippet:-1, max-image-preview:large, max-video-preview:-1\" \/>\n<link rel=\"canonical\" href=\"https:\/\/infoecos.com.ar\/index.php\/el-gobernador-kicillof-anuncio-la-pavimentacion-del-ultimo-tramo-de-la-ruta-del-cereal-entre-salazar-y-garre\/\" \/>\n<meta property=\"og:locale\" content=\"es_ES\" \/>\n<meta property=\"og:type\" content=\"article\" \/>\n<meta property=\"og:title\" content=\"El gobernador Kicillof anunci\u00f3 la pavimentaci\u00f3n del \u00faltimo tramo de la Ruta del Cereal entre Salazar y Garr\u00e9 - Infoecos\" \/>\n<meta property=\"og:description\" content=\"Los intendentes municipales de Trenque Lauquen, Guamin\u00ed, N\u00e9stor \u00c1lvarez, Jorge Jord\u00e1n, entre otros, transmitieron su satisfacci\u00f3n\" \/>\n<meta property=\"og:url\" content=\"https:\/\/infoecos.com.ar\/index.php\/el-gobernador-kicillof-anuncio-la-pavimentacion-del-ultimo-tramo-de-la-ruta-del-cereal-entre-salazar-y-garre\/\" \/>\n<meta property=\"og:site_name\" content=\"Infoecos\" \/>\n<meta property=\"article:publisher\" content=\"https:\/\/www.facebook.com\/profile.php?id=100063200290284\" \/>\n<meta property=\"article:published_time\" content=\"2021-06-29T21:12:32+00:00\" \/>\n<meta property=\"article:modified_time\" content=\"2021-07-06T05:52:07+00:00\" \/>\n<meta property=\"og:image\" content=\"https:\/\/infoecos.com.ar\/wp-content\/uploads\/2020\/12\/RUTADELCEREAL2.jpg\" \/>\n\t<meta property=\"og:image:width\" content=\"631\" \/>\n\t<meta property=\"og:image:height\" content=\"280\" \/>\n\t<meta property=\"og:image:type\" content=\"image\/jpeg\" \/>\n<meta name=\"author\" content=\"Jorge Matheus\" \/>\n<meta name=\"twitter:card\" content=\"summary_large_image\" \/>\n<meta name=\"twitter:creator\" content=\"@infoecos\" \/>\n<meta name=\"twitter:site\" content=\"@infoecos\" \/>\n<meta name=\"twitter:label1\" content=\"Escrito por\" \/>\n\t<meta name=\"twitter:data1\" content=\"Jorge Matheus\" \/>\n\t<meta name=\"twitter:label2\" content=\"Tiempo de lectura\" \/>\n\t<meta name=\"twitter:data2\" content=\"1 minuto\" \/>\n<script type=\"application\/ld+json\" class=\"yoast-schema-graph\">{\"@context\":\"https:\/\/schema.org\",\"@graph\":[{\"@type\":\"Article\",\"@id\":\"https:\/\/infoecos.com.ar\/index.php\/el-gobernador-kicillof-anuncio-la-pavimentacion-del-ultimo-tramo-de-la-ruta-del-cereal-entre-salazar-y-garre\/#article\",\"isPartOf\":{\"@id\":\"https:\/\/infoecos.com.ar\/index.php\/el-gobernador-kicillof-anuncio-la-pavimentacion-del-ultimo-tramo-de-la-ruta-del-cereal-entre-salazar-y-garre\/\"},\"author\":{\"name\":\"Jorge Matheus\",\"@id\":\"https:\/\/infoecos.com.ar\/#\/schema\/person\/8f5ace5ce73b4b4aac4b7245aee6f191\"},\"headline\":\"El gobernador Kicillof anunci\u00f3 la pavimentaci\u00f3n del \u00faltimo tramo de la Ruta del Cereal entre Salazar y Garr\u00e9\",\"datePublished\":\"2021-06-29T21:12:32+00:00\",\"dateModified\":\"2021-07-06T05:52:07+00:00\",\"mainEntityOfPage\":{\"@id\":\"https:\/\/infoecos.com.ar\/index.php\/el-gobernador-kicillof-anuncio-la-pavimentacion-del-ultimo-tramo-de-la-ruta-del-cereal-entre-salazar-y-garre\/\"},\"wordCount\":313,\"publisher\":{\"@id\":\"https:\/\/infoecos.com.ar\/#organization\"},\"image\":{\"@id\":\"https:\/\/infoecos.com.ar\/index.php\/el-gobernador-kicillof-anuncio-la-pavimentacion-del-ultimo-tramo-de-la-ruta-del-cereal-entre-salazar-y-garre\/#primaryimage\"},\"thumbnailUrl\":\"https:\/\/infoecos.com.ar\/wp-content\/uploads\/2020\/12\/RUTADELCEREAL2.jpg\",\"keywords\":[\"SON CASI 47 KIL\u00d3METROS Y MEDIO\"],\"articleSection\":[\"Bloque inferior - 14\"],\"inLanguage\":\"es\"},{\"@type\":\"WebPage\",\"@id\":\"https:\/\/infoecos.com.ar\/index.php\/el-gobernador-kicillof-anuncio-la-pavimentacion-del-ultimo-tramo-de-la-ruta-del-cereal-entre-salazar-y-garre\/\",\"url\":\"https:\/\/infoecos.com.ar\/index.php\/el-gobernador-kicillof-anuncio-la-pavimentacion-del-ultimo-tramo-de-la-ruta-del-cereal-entre-salazar-y-garre\/\",\"name\":\"El gobernador Kicillof anunci\u00f3 la pavimentaci\u00f3n del \u00faltimo tramo de la Ruta del Cereal entre Salazar y Garr\u00e9 - Infoecos\",\"isPartOf\":{\"@id\":\"https:\/\/infoecos.com.ar\/#website\"},\"primaryImageOfPage\":{\"@id\":\"https:\/\/infoecos.com.ar\/index.php\/el-gobernador-kicillof-anuncio-la-pavimentacion-del-ultimo-tramo-de-la-ruta-del-cereal-entre-salazar-y-garre\/#primaryimage\"},\"image\":{\"@id\":\"https:\/\/infoecos.com.ar\/index.php\/el-gobernador-kicillof-anuncio-la-pavimentacion-del-ultimo-tramo-de-la-ruta-del-cereal-entre-salazar-y-garre\/#primaryimage\"},\"thumbnailUrl\":\"https:\/\/infoecos.com.ar\/wp-content\/uploads\/2020\/12\/RUTADELCEREAL2.jpg\",\"datePublished\":\"2021-06-29T21:12:32+00:00\",\"dateModified\":\"2021-07-06T05:52:07+00:00\",\"breadcrumb\":{\"@id\":\"https:\/\/infoecos.com.ar\/index.php\/el-gobernador-kicillof-anuncio-la-pavimentacion-del-ultimo-tramo-de-la-ruta-del-cereal-entre-salazar-y-garre\/#breadcrumb\"},\"inLanguage\":\"es\",\"potentialAction\":[{\"@type\":\"ReadAction\",\"target\":[\"https:\/\/infoecos.com.ar\/index.php\/el-gobernador-kicillof-anuncio-la-pavimentacion-del-ultimo-tramo-de-la-ruta-del-cereal-entre-salazar-y-garre\/\"]}]},{\"@type\":\"ImageObject\",\"inLanguage\":\"es\",\"@id\":\"https:\/\/infoecos.com.ar\/index.php\/el-gobernador-kicillof-anuncio-la-pavimentacion-del-ultimo-tramo-de-la-ruta-del-cereal-entre-salazar-y-garre\/#primaryimage\",\"url\":\"https:\/\/infoecos.com.ar\/wp-content\/uploads\/2020\/12\/RUTADELCEREAL2.jpg\",\"contentUrl\":\"https:\/\/infoecos.com.ar\/wp-content\/uploads\/2020\/12\/RUTADELCEREAL2.jpg\",\"width\":631,\"height\":280},{\"@type\":\"BreadcrumbList\",\"@id\":\"https:\/\/infoecos.com.ar\/index.php\/el-gobernador-kicillof-anuncio-la-pavimentacion-del-ultimo-tramo-de-la-ruta-del-cereal-entre-salazar-y-garre\/#breadcrumb\",\"itemListElement\":[{\"@type\":\"ListItem\",\"position\":1,\"name\":\"Portada\",\"item\":\"https:\/\/infoecos.com.ar\/\"},{\"@type\":\"ListItem\",\"position\":2,\"name\":\"El gobernador Kicillof anunci\u00f3 la pavimentaci\u00f3n del \u00faltimo tramo de la Ruta del Cereal entre Salazar y Garr\u00e9\"}]},{\"@type\":\"WebSite\",\"@id\":\"https:\/\/infoecos.com.ar\/#website\",\"url\":\"https:\/\/infoecos.com.ar\/\",\"name\":\"Infoecos\",\"description\":\"Noticias de trenque lauquen y la zona\",\"publisher\":{\"@id\":\"https:\/\/infoecos.com.ar\/#organization\"},\"alternateName\":\"Noticias\",\"potentialAction\":[{\"@type\":\"SearchAction\",\"target\":{\"@type\":\"EntryPoint\",\"urlTemplate\":\"https:\/\/infoecos.com.ar\/?s={search_term_string}\"},\"query-input\":{\"@type\":\"PropertyValueSpecification\",\"valueRequired\":true,\"valueName\":\"search_term_string\"}}],\"inLanguage\":\"es\"},{\"@type\":\"Organization\",\"@id\":\"https:\/\/infoecos.com.ar\/#organization\",\"name\":\"Infoecos\",\"alternateName\":\"Noticias\",\"url\":\"https:\/\/infoecos.com.ar\/\",\"logo\":{\"@type\":\"ImageObject\",\"inLanguage\":\"es\",\"@id\":\"https:\/\/infoecos.com.ar\/#\/schema\/logo\/image\/\",\"url\":\"https:\/\/infoecos.com.ar\/wp-content\/uploads\/2024\/03\/cropped-logo.png\",\"contentUrl\":\"https:\/\/infoecos.com.ar\/wp-content\/uploads\/2024\/03\/cropped-logo.png\",\"width\":374,\"height\":90,\"caption\":\"Infoecos\"},\"image\":{\"@id\":\"https:\/\/infoecos.com.ar\/#\/schema\/logo\/image\/\"},\"sameAs\":[\"https:\/\/www.facebook.com\/profile.php?id=100063200290284\",\"https:\/\/x.com\/infoecos\"]},{\"@type\":\"Person\",\"@id\":\"https:\/\/infoecos.com.ar\/#\/schema\/person\/8f5ace5ce73b4b4aac4b7245aee6f191\",\"name\":\"Jorge Matheus\",\"url\":\"https:\/\/infoecos.com.ar\/index.php\/author\/jomatheus\/\"}]}<\/script>\n<!-- \/ Yoast SEO plugin. -->","yoast_head_json":{"title":"El gobernador Kicillof anunci\u00f3 la pavimentaci\u00f3n del \u00faltimo tramo de la Ruta del Cereal entre Salazar y Garr\u00e9 - Infoecos","robots":{"index":"index","follow":"follow","max-snippet":"max-snippet:-1","max-image-preview":"max-image-preview:large","max-video-preview":"max-video-preview:-1"},"canonical":"https:\/\/infoecos.com.ar\/index.php\/el-gobernador-kicillof-anuncio-la-pavimentacion-del-ultimo-tramo-de-la-ruta-del-cereal-entre-salazar-y-garre\/","og_locale":"es_ES","og_type":"article","og_title":"El gobernador Kicillof anunci\u00f3 la pavimentaci\u00f3n del \u00faltimo tramo de la Ruta del Cereal entre Salazar y Garr\u00e9 - Infoecos","og_description":"Los intendentes municipales de Trenque Lauquen, Guamin\u00ed, N\u00e9stor \u00c1lvarez, Jorge Jord\u00e1n, entre otros, transmitieron su satisfacci\u00f3n","og_url":"https:\/\/infoecos.com.ar\/index.php\/el-gobernador-kicillof-anuncio-la-pavimentacion-del-ultimo-tramo-de-la-ruta-del-cereal-entre-salazar-y-garre\/","og_site_name":"Infoecos","article_publisher":"https:\/\/www.facebook.com\/profile.php?id=100063200290284","article_published_time":"2021-06-29T21:12:32+00:00","article_modified_time":"2021-07-06T05:52:07+00:00","og_image":[{"width":631,"height":280,"url":"https:\/\/infoecos.com.ar\/wp-content\/uploads\/2020\/12\/RUTADELCEREAL2.jpg","type":"image\/jpeg"}],"author":"Jorge Matheus","twitter_card":"summary_large_image","twitter_creator":"@infoecos","twitter_site":"@infoecos","twitter_misc":{"Escrito por":"Jorge Matheus","Tiempo de lectura":"1 minuto"},"schema":{"@context":"https:\/\/schema.org","@graph":[{"@type":"Article","@id":"https:\/\/infoecos.com.ar\/index.php\/el-gobernador-kicillof-anuncio-la-pavimentacion-del-ultimo-tramo-de-la-ruta-del-cereal-entre-salazar-y-garre\/#article","isPartOf":{"@id":"https:\/\/infoecos.com.ar\/index.php\/el-gobernador-kicillof-anuncio-la-pavimentacion-del-ultimo-tramo-de-la-ruta-del-cereal-entre-salazar-y-garre\/"},"author":{"name":"Jorge Matheus","@id":"https:\/\/infoecos.com.ar\/#\/schema\/person\/8f5ace5ce73b4b4aac4b7245aee6f191"},"headline":"El gobernador Kicillof anunci\u00f3 la pavimentaci\u00f3n del \u00faltimo tramo de la Ruta del Cereal entre Salazar y Garr\u00e9","datePublished":"2021-06-29T21:12:32+00:00","dateModified":"2021-07-06T05:52:07+00:00","mainEntityOfPage":{"@id":"https:\/\/infoecos.com.ar\/index.php\/el-gobernador-kicillof-anuncio-la-pavimentacion-del-ultimo-tramo-de-la-ruta-del-cereal-entre-salazar-y-garre\/"},"wordCount":313,"publisher":{"@id":"https:\/\/infoecos.com.ar\/#organization"},"image":{"@id":"https:\/\/infoecos.com.ar\/index.php\/el-gobernador-kicillof-anuncio-la-pavimentacion-del-ultimo-tramo-de-la-ruta-del-cereal-entre-salazar-y-garre\/#primaryimage"},"thumbnailUrl":"https:\/\/infoecos.com.ar\/wp-content\/uploads\/2020\/12\/RUTADELCEREAL2.jpg","keywords":["SON CASI 47 KIL\u00d3METROS Y MEDIO"],"articleSection":["Bloque inferior - 14"],"inLanguage":"es"},{"@type":"WebPage","@id":"https:\/\/infoecos.com.ar\/index.php\/el-gobernador-kicillof-anuncio-la-pavimentacion-del-ultimo-tramo-de-la-ruta-del-cereal-entre-salazar-y-garre\/","url":"https:\/\/infoecos.com.ar\/index.php\/el-gobernador-kicillof-anuncio-la-pavimentacion-del-ultimo-tramo-de-la-ruta-del-cereal-entre-salazar-y-garre\/","name":"El gobernador Kicillof anunci\u00f3 la pavimentaci\u00f3n del \u00faltimo tramo de la Ruta del Cereal entre Salazar y Garr\u00e9 - Infoecos","isPartOf":{"@id":"https:\/\/infoecos.com.ar\/#website"},"primaryImageOfPage":{"@id":"https:\/\/infoecos.com.ar\/index.php\/el-gobernador-kicillof-anuncio-la-pavimentacion-del-ultimo-tramo-de-la-ruta-del-cereal-entre-salazar-y-garre\/#primaryimage"},"image":{"@id":"https:\/\/infoecos.com.ar\/index.php\/el-gobernador-kicillof-anuncio-la-pavimentacion-del-ultimo-tramo-de-la-ruta-del-cereal-entre-salazar-y-garre\/#primaryimage"},"thumbnailUrl":"https:\/\/infoecos.com.ar\/wp-content\/uploads\/2020\/12\/RUTADELCEREAL2.jpg","datePublished":"2021-06-29T21:12:32+00:00","dateModified":"2021-07-06T05:52:07+00:00","breadcrumb":{"@id":"https:\/\/infoecos.com.ar\/index.php\/el-gobernador-kicillof-anuncio-la-pavimentacion-del-ultimo-tramo-de-la-ruta-del-cereal-entre-salazar-y-garre\/#breadcrumb"},"inLanguage":"es","potentialAction":[{"@type":"ReadAction","target":["https:\/\/infoecos.com.ar\/index.php\/el-gobernador-kicillof-anuncio-la-pavimentacion-del-ultimo-tramo-de-la-ruta-del-cereal-entre-salazar-y-garre\/"]}]},{"@type":"ImageObject","inLanguage":"es","@id":"https:\/\/infoecos.com.ar\/index.php\/el-gobernador-kicillof-anuncio-la-pavimentacion-del-ultimo-tramo-de-la-ruta-del-cereal-entre-salazar-y-garre\/#primaryimage","url":"https:\/\/infoecos.com.ar\/wp-content\/uploads\/2020\/12\/RUTADELCEREAL2.jpg","contentUrl":"https:\/\/infoecos.com.ar\/wp-content\/uploads\/2020\/12\/RUTADELCEREAL2.jpg","width":631,"height":280},{"@type":"BreadcrumbList","@id":"https:\/\/infoecos.com.ar\/index.php\/el-gobernador-kicillof-anuncio-la-pavimentacion-del-ultimo-tramo-de-la-ruta-del-cereal-entre-salazar-y-garre\/#breadcrumb","itemListElement":[{"@type":"ListItem","position":1,"name":"Portada","item":"https:\/\/infoecos.com.ar\/"},{"@type":"ListItem","position":2,"name":"El gobernador Kicillof anunci\u00f3 la pavimentaci\u00f3n del \u00faltimo tramo de la Ruta del Cereal entre Salazar y Garr\u00e9"}]},{"@type":"WebSite","@id":"https:\/\/infoecos.com.ar\/#website","url":"https:\/\/infoecos.com.ar\/","name":"Infoecos","description":"Noticias de trenque lauquen y la zona","publisher":{"@id":"https:\/\/infoecos.com.ar\/#organization"},"alternateName":"Noticias","potentialAction":[{"@type":"SearchAction","target":{"@type":"EntryPoint","urlTemplate":"https:\/\/infoecos.com.ar\/?s={search_term_string}"},"query-input":{"@type":"PropertyValueSpecification","valueRequired":true,"valueName":"search_term_string"}}],"inLanguage":"es"},{"@type":"Organization","@id":"https:\/\/infoecos.com.ar\/#organization","name":"Infoecos","alternateName":"Noticias","url":"https:\/\/infoecos.com.ar\/","logo":{"@type":"ImageObject","inLanguage":"es","@id":"https:\/\/infoecos.com.ar\/#\/schema\/logo\/image\/","url":"https:\/\/infoecos.com.ar\/wp-content\/uploads\/2024\/03\/cropped-logo.png","contentUrl":"https:\/\/infoecos.com.ar\/wp-content\/uploads\/2024\/03\/cropped-logo.png","width":374,"height":90,"caption":"Infoecos"},"image":{"@id":"https:\/\/infoecos.com.ar\/#\/schema\/logo\/image\/"},"sameAs":["https:\/\/www.facebook.com\/profile.php?id=100063200290284","https:\/\/x.com\/infoecos"]},{"@type":"Person","@id":"https:\/\/infoecos.com.ar\/#\/schema\/person\/8f5ace5ce73b4b4aac4b7245aee6f191","name":"Jorge Matheus","url":"https:\/\/infoecos.com.ar\/index.php\/author\/jomatheus\/"}]}},"featured_image_urls":{"full":["https:\/\/infoecos.com.ar\/wp-content\/uploads\/2020\/12\/RUTADELCEREAL2.jpg",631,280,false],"thumbnail":["https:\/\/infoecos.com.ar\/wp-content\/uploads\/2020\/12\/RUTADELCEREAL2-150x150.jpg",150,150,true],"medium":["https:\/\/infoecos.com.ar\/wp-content\/uploads\/2020\/12\/RUTADELCEREAL2-460x204.jpg",460,204,true],"medium_large":["https:\/\/infoecos.com.ar\/wp-content\/uploads\/2020\/12\/RUTADELCEREAL2.jpg",631,280,false],"large":["https:\/\/infoecos.com.ar\/wp-content\/uploads\/2020\/12\/RUTADELCEREAL2.jpg",631,280,false],"1536x1536":["https:\/\/infoecos.com.ar\/wp-content\/uploads\/2020\/12\/RUTADELCEREAL2.jpg",631,280,false],"2048x2048":["https:\/\/infoecos.com.ar\/wp-content\/uploads\/2020\/12\/RUTADELCEREAL2.jpg",631,280,false],"covernews-slider-full":["https:\/\/infoecos.com.ar\/wp-content\/uploads\/2020\/12\/RUTADELCEREAL2.jpg",631,280,false],"covernews-slider-center":["https:\/\/infoecos.com.ar\/wp-content\/uploads\/2020\/12\/RUTADELCEREAL2.jpg",631,280,false],"covernews-featured":["https:\/\/infoecos.com.ar\/wp-content\/uploads\/2020\/12\/RUTADELCEREAL2.jpg",631,280,false],"covernews-medium":["https:\/\/infoecos.com.ar\/wp-content\/uploads\/2020\/12\/RUTADELCEREAL2.jpg",540,240,false],"covernews-medium-square":["https:\/\/infoecos.com.ar\/wp-content\/uploads\/2020\/12\/RUTADELCEREAL2.jpg",400,177,false]},"author_info":{"info":["Jorge Matheus"]},"category_info":"<a href=\"https:\/\/infoecos.com.ar\/index.php\/category\/inferior14\/\" rel=\"category tag\">Bloque inferior - 14<\/a>","tag_info":"Bloque inferior - 14","comment_count":"0","_links":{"self":[{"href":"https:\/\/infoecos.com.ar\/index.php\/wp-json\/wp\/v2\/posts\/80414"}],"collection":[{"href":"https:\/\/infoecos.com.ar\/index.php\/wp-json\/wp\/v2\/posts"}],"about":[{"href":"https:\/\/infoecos.com.ar\/index.php\/wp-json\/wp\/v2\/types\/post"}],"author":[{"embeddable":true,"href":"https:\/\/infoecos.com.ar\/index.php\/wp-json\/wp\/v2\/users\/2"}],"replies":[{"embeddable":true,"href":"https:\/\/infoecos.com.ar\/index.php\/wp-json\/wp\/v2\/comments?post=80414"}],"version-history":[{"count":1,"href":"https:\/\/infoecos.com.ar\/index.php\/wp-json\/wp\/v2\/posts\/80414\/revisions"}],"predecessor-version":[{"id":80415,"href":"https:\/\/infoecos.com.ar\/index.php\/wp-json\/wp\/v2\/posts\/80414\/revisions\/80415"}],"wp:featuredmedia":[{"embeddable":true,"href":"https:\/\/infoecos.com.ar\/index.php\/wp-json\/wp\/v2\/media\/70983"}],"wp:attachment":[{"href":"https:\/\/infoecos.com.ar\/index.php\/wp-json\/wp\/v2\/media?parent=80414"}],"wp:term":[{"taxonomy":"category","embeddable":true,"href":"https:\/\/infoecos.com.ar\/index.php\/wp-json\/wp\/v2\/categories?post=80414"},{"taxonomy":"post_tag","embeddable":true,"href":"https:\/\/infoecos.com.ar\/index.php\/wp-json\/wp\/v2\/tags?post=80414"}],"curies":[{"name":"wp","href":"https:\/\/api.w.org\/{rel}","templated":true}]}}